{"id":211318,"date":"2026-09-01T10:20:11","date_gmt":"2026-09-01T10:20:11","guid":{"rendered":"https:\/\/www.europesays.com\/si\/211318\/"},"modified":"2026-09-01T10:20:11","modified_gmt":"2026-09-01T10:20:11","slug":"veliki-finale-lasko-gremo-v-hribe-zdruzil-pohodnike-glasbenike-in-sportne-legende","status":"publish","type":"post","link":"https:\/\/www.europesays.com\/si\/211318\/","title":{"rendered":"Veliki finale La\u0161ko Gremo v hribe zdru\u017eil pohodnike, glasbenike in \u0161portne legende"},"content":{"rendered":"<p><img decoding=\"async\" alt=\"planica gremo v hribe la\u0161ko | Foto: Gaja Hanuna\" class=\"article_content__inline_image js_imageLightbox is-clickable\" data-author=\"Gaja Hanuna\" data-caption=\"\" data-height=\"5347\" data-href=\"https:\/\/siol.net\/media\/img\/da\/g6\/01d3760d5efcc34f28d1-planica-gremo-v-hribe-lasko.jpeg\" data-width=\"8016\" loading=\"lazy\" src=\"\/media\/img\/af\/95\/1f8d401892ba74c6b807-planica-gremo-v-hribe-lasko.jpeg\" title=\"planica gremo v hribe la\u0161ko\"\/><\/p>\n<p> Foto: Gaja Hanuna <\/p>\n<p>Za nami je \u0161est postaj in na tiso\u010de korakov po razli\u010dnih koncih Slovenije. Leto\u0161nja pot se je za\u010dela na Grmadi na Mali gori, nadaljevala na Nanosu, Ur\u0161lji gori, \u0160mohorju in Loki pod Raduho, zadnje dejanje pa je pripadlo Planici. Tudi tokrat je veljalo sporo\u010dilo, ki spremlja celotno akcijo: na dogodke se odpravimo pe\u0161 ali s kolesom, naredimo nekaj zase, na cilju pa nas \u010daka nagrada v obliki dru\u017eenja in zabave.<\/p>\n<p>Kaj se je dogajalo v Planici?<\/p>\n<p>Finale se je za\u010del s pozdravom dolgoletnega moderatorja Gregorja Jane\u017ei\u010da, ki se je spomnil leto\u0161nje poti in \u0161tevilnih glasbenih nastopov, ki so zaznamovali \u0161est dogodkov. Ob njem so dogajanje soustvarjali Aktualovci in Veseljaki, obiskovalce pa so tudi tokrat pri\u010dakale aktivnosti Dru\u0161tva AED.<\/p>\n<p><img decoding=\"async\" alt=\"planica gremo v hribe la\u0161ko | Foto: Gaja Hanuna\" class=\"article_content__inline_image js_imageLightbox is-clickable\" data-author=\"Gaja Hanuna\" data-caption=\"\" data-height=\"5233\" data-href=\"https:\/\/siol.net\/media\/img\/5b\/15\/58b684d50fd6c680e381-planica-gremo-v-hribe-lasko.jpeg\" data-width=\"7845\" loading=\"lazy\" src=\"\/media\/img\/1c\/64\/9c78d66df47d600a7dac-planica-gremo-v-hribe-lasko.jpeg\" title=\"planica gremo v hribe la\u0161ko\"\/><\/p>\n<p> Foto: Gaja Hanuna <\/p>\n<p>Ob 10. uri je pod plani\u0161kimi gorami zadonela slovenska himna v izvedbi Roka Pileti\u010da, ki je nato zapel \u0161e dve svoji skladbi. Sledil je trenutek, ki je te\u017eko dobil primernej\u0161o kuliso: obiskovalci so skupaj z Rokom, Aktualovci in Veseljaki zapeli Avsenikovo Planica, Planica.<\/p>\n<p>Sledila je skupina Atomik Harmonik, za njo pa se je dogajanje preselilo tudi k vzno\u017eju plani\u0161ke velikanke, kjer je potekala postavitev kipa Nike Prevc. Predstavili so se \u010dlani Zlatorogove dru\u017eine \u0161portnikov, priznanje La\u0161ko legenda je prejel nekdanji vrhunski alpski smu\u010dar Gregor Benedik, za nadaljevanje glasbene zabave pa so poskrbeli Agropop in za veliki zaklju\u010dek \u0161e Dejan Dogaja Band.<\/p>\n<p><img decoding=\"async\" alt=\"planica gremo v hribe la\u0161ko | Foto: Gaja Hanuna\" class=\"article_content__inline_image js_imageLightbox is-clickable\" data-author=\"Gaja Hanuna\" data-caption=\"\" data-height=\"5464\" data-href=\"https:\/\/siol.net\/media\/img\/3c\/7a\/adb385c5b50a5aa7ed5d-planica-gremo-v-hribe-lasko.jpeg\" data-width=\"8192\" loading=\"lazy\" src=\"\/media\/img\/32\/ef\/0bb4eef0628cd4a8d2ac-planica-gremo-v-hribe-lasko.jpeg\" title=\"planica gremo v hribe la\u0161ko\"\/><\/p>\n<p> Foto: Gaja Hanuna <\/p>\n<p>Planica skozi otro\u0161ke o\u010di<\/p>\n<p>Da projekt La\u0161ko Gremo v hribe povezuje razli\u010dne generacije, se je v Planici videlo na vsakem koraku. Med obiskovalci so bile skupine prijateljev, \u0161portni navdu\u0161enci in \u0161tevilne dru\u017eine z otroki. Med njimi je bila tudi Ines, ki se je dogodka udele\u017eila s skupino dru\u017einskih prijateljev. \u010ceprav so letos La\u0161ko Gremo v hribe spoznali prvi\u010d, je bila po nekaj urah odlo\u010ditev \u017ee precej jasna: &#8220;Videti je zelo zabavno, tako da bomo najbr\u017e \u0161e pri\u0161li,&#8221; je povedala.<\/p>\n<p>Z njo so bili tudi najmlaj\u0161i obiskovalci Marcel, Mia in Sofia. Marcel je v Planico pri\u0161el z dru\u017eino in dru\u017einskimi prijatelji, med potjo pa je pozorno spremljal dogajanje okoli sebe. Mia je hitro opazila dobro glasbo, delavnice in stojnice, najve\u010dji vtis pa je na dekleti naredila plani\u0161ka velikanka. Mia in Sofia sta ob pogledu nanjo priznali, da se jima zdi kar stra\u0161ljiva, predvsem zaradi vi\u0161ine.<\/p>\n<p><img decoding=\"async\" alt=\"planica gremo v hribe la\u0161ko | Foto: Gaja Hanuna\" class=\"article_content__inline_image js_imageLightbox is-clickable\" data-author=\"Gaja Hanuna\" data-caption=\"\" data-height=\"4927\" data-href=\"https:\/\/siol.net\/media\/img\/e4\/05\/bd5984d3c2771d7dc6e3-planica-gremo-v-hribe-lasko.jpeg\" data-width=\"7390\" loading=\"lazy\" src=\"\/media\/img\/77\/35\/1979c9c168f7943b6e3b-planica-gremo-v-hribe-lasko.jpeg\" title=\"planica gremo v hribe la\u0161ko\"\/><\/p>\n<p> Foto: Gaja Hanuna <\/p>\n<p>Morda pa je prav to eden lep\u0161ih prizorov finala: pod skakalnicami, na katerih so se pisale velike slovenske \u0161portne zgodbe, je Planico tokrat z zanimanjem odkrivala tudi najmlaj\u0161a generacija obiskovalcev.<\/p>\n<p>Rok Pileti\u010d: &#8220;Na vsaki postojanki Gremo v hribe je nekaj posebnega&#8221;<\/p>\n<p>Roku Pileti\u010du je na tokratnem dogodku pripadla prav posebna \u010dast, saj je z izvedbo slovenske himne je odprl osrednji del zadnjega dogodka, nato pa z obiskovalci zapel \u0161e skladbo Planica, Planica.<\/p>\n<p><img decoding=\"async\" alt=\"Rok Pileti\u010d | Foto: Gaja Hanuna\" class=\"article_content__inline_image js_imageLightbox is-clickable\" data-author=\"Gaja Hanuna\" data-caption=\"Rok Pileti\u010d\" data-height=\"5464\" data-href=\"https:\/\/siol.net\/media\/img\/7c\/a1\/d5bcc2fbe25a52d023fb-planica-gremo-v-hribe-lasko.jpeg\" data-width=\"8192\" loading=\"lazy\" src=\"\/media\/img\/06\/23\/3376f4c949aed53b05ee-planica-gremo-v-hribe-lasko.jpeg\" title=\"planica gremo v hribe la\u0161ko\"\/><\/p>\n<p> Rok Pileti\u010d<br \/>\n Foto: Gaja Hanuna <\/p>\n<p>Ker dogajanje pozna tudi iz ozadja, dobro ve, da projekt ni samo niz koncertov na hribovitih lokacijah. &#8220;La\u0161ko Gremo v hribe je eden redkih dogodkov v Sloveniji, ki res zdru\u017euje razli\u010dne ljudi,&#8221; je poudaril in dodal, da prav kombinacija glasbe, dru\u017eenja in slovenske kulture omogo\u010da, da vsak obiskovalec najde nekaj zase.<\/p>\n<p>Atomik Harmonik odprli veliki glasbeni finale<\/p>\n<p><img decoding=\"async\" alt=\"Atomik Harmonik | Foto: Gaja Hanuna\" class=\"article_content__inline_image js_imageLightbox is-clickable\" data-author=\"Gaja Hanuna\" data-caption=\"Atomik Harmonik\" data-height=\"5464\" data-href=\"https:\/\/siol.net\/media\/img\/e6\/2d\/1234ce45e314c60358c1-planica-gremo-v-hribe-lasko.jpeg\" data-width=\"8192\" loading=\"lazy\" src=\"\/media\/img\/01\/90\/8f79b08b26e6927c2725-planica-gremo-v-hribe-lasko.jpeg\" title=\"planica gremo v hribe la\u0161ko\"\/><\/p>\n<p> Atomik Harmonik<br \/>\n Foto: Gaja Hanuna <\/p>\n<p>&#8220;Slovenci smo veseljaki in ponovno se je to pokazalo na dana\u0161njem dogodku,&#8221; je dejal Jani Pavec iz skupine Atomik Harmonik. Skupina \u017ee ve\u010d kot dve desetletji s svojimi skladbami nagovarja zelo razli\u010dne generacije, kar se je dobro videlo tudi pod plani\u0161kim odrom, kjer so se ob znanih melodijah zabavali tako odrasli kot otroci.<\/p>\n<p>Ko smo Pavca vpra\u0161ali, katera njihova skladba bi bila najbolj\u0161a nagrada pohodnikom po opravljenem vzponu, mu ni bilo treba dolgo iskati odgovora. Izbral je uspe\u0161nico Kdo bo za rundo dal.<\/p>\n<p>Planica ne \u017eivi samo pozimi<\/p>\n<p><img decoding=\"async\" alt=\"planica gremo v hribe la\u0161ko | Foto: Gaja Hanuna\" class=\"article_content__inline_image js_imageLightbox is-clickable\" data-author=\"Gaja Hanuna\" data-caption=\"\" data-height=\"4796\" data-href=\"https:\/\/siol.net\/media\/img\/ca\/88\/e9d2394bcd36e0c77542-planica-gremo-v-hribe-lasko.jpeg\" data-width=\"7190\" loading=\"lazy\" src=\"\/media\/img\/33\/dc\/c3b13499482100a0699d-planica-gremo-v-hribe-lasko.jpeg\" title=\"planica gremo v hribe la\u0161ko\"\/><\/p>\n<p> Foto: Gaja Hanuna <\/p>\n<p>Le malo ljudi Planico pozna iz toliko razli\u010dnih zornih kotov kot Franci Petek. Nekdanji svetovni prvak v smu\u010darskih skokih jo je neko\u010d do\u017eivljal kot tekmovalec, danes pa kot direktor zavoda za \u0161port Planica skrbi za njen nadaljnji razvoj.<\/p>\n<p>&#8220;\u010custva iz skakalnih let niso izginila. Ob velikih tekmovanjih, dolgih skokih, poletih in izjemnih dose\u017ekih se me \u0161e vedno dotaknejo. Ta \u010dustva preprosto ostanejo,&#8221; je povedal Petek. Toda Planica zanj danes ni ve\u010d samo prizori\u0161\u010de velikih zimskih tekmovanj in spominov na skakalno kariero. V svoji sedanji vlogi jo spremlja skozi vse leto in vidi predvsem njen potencial, da poleg \u0161portnikov privablja tudi obiskovalce, ki jo \u017eelijo do\u017eiveti nekoliko druga\u010de. Eden tak\u0161nih dogodkov je bil tudi finale La\u0161ko Gremo v hribe.<\/p>\n<p><img decoding=\"async\" alt=\"Franci Petek | Foto: Gaja Hanuna\" class=\"article_content__inline_image js_imageLightbox is-clickable\" data-author=\"Gaja Hanuna\" data-caption=\"Franci Petek\" data-height=\"4289\" data-href=\"https:\/\/siol.net\/media\/img\/4f\/2a\/a681fb634424ff25a494-planica-gremo-v-hribe-lasko.jpeg\" data-width=\"6431\" loading=\"lazy\" src=\"\/media\/img\/8f\/70\/eb675a7cbf2830abe2a7-planica-gremo-v-hribe-lasko.jpeg\" title=\"planica gremo v hribe la\u0161ko\"\/><\/p>\n<p> Franci Petek<br \/>\n Foto: Gaja Hanuna <\/p>\n<p>&#8220;Edinstvenost nordijskega centra je, da dejansko \u017eivi 365 dni v letu,&#8221; je poudaril Petek. \u0160portna dedi\u0161\u010dina po njegovih besedah ustvarja odli\u010dno podlago tudi za dru\u017eabne, poslovne in druge vsebine. Dogodki, kot je La\u0161ko Gremo v hribe, in Planica se zato medsebojno dopolnjujejo: &#8220;To gre z roko v roki in to je treba negovati.&#8221;<\/p>\n<p>Ob vzno\u017eju velikanke tudi poklon Niki Prevc<\/p>\n<p>Gremo v hribe je bil tokrat \u0161e posebej mo\u010dno povezan s slovenskim \u0161portom. Eden osrednjih trenutkov programa je bila postavitev kipa Nike Prevc ob vzno\u017eju plani\u0161ke velikanke, z obiskovalci pa so se dru\u017eili tudi predstavniki Zlatorogove dru\u017eine \u0161portnikov.<\/p>\n<p><img decoding=\"async\" alt=\"planica gremo v hribe la\u0161ko | Foto: Gaja Hanuna\" class=\"article_content__inline_image js_imageLightbox is-clickable\" data-author=\"Gaja Hanuna\" data-caption=\"\" data-height=\"4846\" data-href=\"https:\/\/siol.net\/media\/img\/bd\/0d\/f9b67d9917b32b9e9d23-planica-gremo-v-hribe-lasko.jpeg\" data-width=\"7266\" loading=\"lazy\" src=\"\/media\/img\/7d\/24\/abdc519f124b8329c5ba-planica-gremo-v-hribe-lasko.jpeg\" title=\"planica gremo v hribe la\u0161ko\"\/><\/p>\n<p> Foto: Gaja Hanuna <\/p>\n<p>Barve RK Celje Pivovarna La\u0161ko sta zastopala Ga\u0161per Margu\u010d in Bor Brade\u0161ko. &#8220;Vidi se, da se imajo ljudje dobro, naredijo nekaj koristnega zase in se \u0161e malo podru\u017eijo,&#8221; je povedal Margu\u010d, ki recept za priljubljenost dogodkov vidi prav v povezovanju rekreacije, dru\u017eenja in zabave. Brade\u0161ko se je karavani Gremo v hribe pridru\u017eil prvi\u010d.<\/p>\n<p>Med \u0161portnimi obrazi je bil tudi nekdanji vrhunski deskar Rok Margu\u010d, ki si je z dru\u017eino za Planico vzel kar ves konec tedna. Obisk Gremo v hribe pa so zdru\u017eili\u00a0\u0161e z izletom v Tamar in kolesarjenjem do Kranjske Gore.<\/p>\n<p>Prvi\u010d se je projektu La\u0161ko Gremo v hribe pridru\u017eil tudi nekdanji nogometni vratar in zdaj\u0161nji trener vratarjev NK Maribor Jasmin Handanovi\u0107. Hribovski svet mu sicer nikakor ni tuj, presenetilo pa ga je predvsem \u0161tevilo obiskovalcev. &#8220;Vzdu\u0161je je fenomenalno, ljudje so polni veselja. Res sem presene\u010den nad udele\u017ebo,&#8221; je povedal.<\/p>\n<p>Gregor Benedik postal La\u0161ko legenda<\/p>\n<p>Planica je bila pravi kraj tudi za zadnjo leto\u0161njo podelitev priznanja La\u0161ko legenda. Prejel ga je Gregor Benedik, nekdanji vrhunski slovenski alpski smu\u010dar, ki je leta 1987 v Sarajevu zmagal na tekmi svetovnega pokala in sezono kon\u010dal med petimi najbolj\u0161imi slalomisti sveta.<\/p>\n<p>Nastopil je na olimpijskih igrah in svetovnih prvenstvih, njegova povezanost z vrhunskim smu\u010danjem pa se s koncem tekmovalne kariere ni kon\u010dala. Od leta 2009 kot predsednik ASK Kranjska Gora sodeluje pri organizaciji Pokala Vitranc in tako pomaga ohranjati Slovenijo na zemljevidu svetovnega alpskega smu\u010danja.<\/p>\n<p><img decoding=\"async\" alt=\"planica gremo v hribe la\u0161ko | Foto: Gaja Hanuna\" class=\"article_content__inline_image js_imageLightbox is-clickable\" data-author=\"Gaja Hanuna\" data-caption=\"\" data-height=\"5291\" data-href=\"https:\/\/siol.net\/media\/img\/12\/e2\/0509266b12a3f5a138a5-planica-gremo-v-hribe-lasko.jpeg\" data-width=\"7936\" loading=\"lazy\" src=\"\/media\/img\/95\/89\/2a83b4ca65dc4c5f8be0-planica-gremo-v-hribe-lasko.jpeg\" title=\"planica gremo v hribe la\u0161ko\"\/><\/p>\n<p> Foto: Gaja Hanuna <\/p>\n<p>Agropop: &#8220;Ljudje \u0161e zmeraj pridejo radi \u017eurat na na\u0161e \u0161pile&#8221;<\/p>\n<p>Ko so na oder stopili Agropop, se je pokazalo, da imajo nekatere skladbe precej dalj\u0161i rok trajanja od ene generacije. Ale\u0161 Klinar je vesel predvsem tega, da se ob\u010dinstvu, ki je z Agropopom odra\u0161\u010dalo, danes pridru\u017eujejo mlaj\u0161i poslu\u0161alci.<\/p>\n<p>&#8220;Na\u0161a generacija podo\u017eivlja svojo mladost na na\u0161ih \u0161pilih, po\u010dasi pa vidimo, da pridobivamo tudi mlaj\u0161e. To je tudi na\u0161 cilj,&#8221; je povedal.<\/p>\n<p><img decoding=\"async\" alt=\"Ale\u0161 Klinar | Foto: Gaja Hanuna\" class=\"article_content__inline_image js_imageLightbox is-clickable\" data-author=\"Gaja Hanuna\" data-caption=\"Ale\u0161 Klinar\" data-height=\"5052\" data-href=\"https:\/\/siol.net\/media\/img\/de\/2a\/ec6d631656303ab3763e-planica-gremo-v-hribe-lasko.jpeg\" data-width=\"7574\" loading=\"lazy\" src=\"\/media\/img\/9a\/90\/4cfb349ae0f8a4093178-planica-gremo-v-hribe-lasko.jpeg\" title=\"planica gremo v hribe la\u0161ko\"\/><\/p>\n<p> Ale\u0161 Klinar<br \/>\n Foto: Gaja Hanuna <\/p>\n<p>In Planica? Skoraj idealno prizori\u0161\u010de za Agropop. &#8220;Odli\u010dno je, ker je tako naravno, agrookolje. \u010ce bi se \u0161e krave pasle tam dol po progi, bi bilo idealno,&#8221; se je po\u0161alil Klinar.<\/p>\n<p>Dejan Dogaja: &#8220;Nenormalno lepo&#8221;<\/p>\n<p>\u010ce je kdo letos dobro spoznal razli\u010dne obraze projekta La\u0161ko Gremo v hribe, je to Dejan Dogaja. Sre\u010dali smo ga \u017ee na \u0160mohorju, nastopil je tudi na Ur\u0161lji gori, v Planici pa je imel dvojno vlogo. Najprej se je pridru\u017eil Agropopu, nato pa je z Dejan Dogaja Bandom prevzel \u0161e zadnji glasbeni del leto\u0161nje sezone.<\/p>\n<p><img decoding=\"async\" alt=\"planica gremo v hribe la\u0161ko | Foto: Gaja Hanuna\" class=\"article_content__inline_image js_imageLightbox is-clickable\" data-author=\"Gaja Hanuna\" data-caption=\"\" data-height=\"5464\" data-href=\"https:\/\/siol.net\/media\/img\/6f\/84\/193876681b9843b1c7aa-planica-gremo-v-hribe-lasko.jpeg\" data-width=\"8192\" loading=\"lazy\" src=\"\/media\/img\/8f\/66\/0cd27388e2b408837277-planica-gremo-v-hribe-lasko.jpeg\" title=\"planica gremo v hribe la\u0161ko\"\/><\/p>\n<p> Foto: Gaja Hanuna <\/p>\n<p>Po vro\u010dem poletju mu je nekoliko hladnej\u0161a Planica \u0161e posebej ustrezala, na vpra\u0161anje, s katerim naslovom svoje skladbe bi opisal leto\u0161njo sezono La\u0161ko Gremo v hribe, pa je izbral odgovor, ki bi te\u017eko bolje sklenil \u0161est dogodkov: &#8220;Nenormalno lepo.&#8221;<\/p>\n<p>\u0160est dogodkov, ena velika hribovska zgodba<\/p>\n<p>Planica ni bila samo \u0161e ena postaja. Bila je cilj poti, ki se je maja za\u010dela na Grmadi na Mali gori in nato pohodnike vodila na Nanos, Ur\u0161ljo goro, \u0160mohor in Loko pod Raduho.<\/p>\n<p><img decoding=\"async\" alt=\"planica gremo v hribe la\u0161ko | Foto: Gaja Hanuna\" class=\"article_content__inline_image js_imageLightbox is-clickable\" data-author=\"Gaja Hanuna\" data-caption=\"\" data-height=\"4655\" data-href=\"https:\/\/siol.net\/media\/img\/44\/23\/3a5a60cf05eca222671e-planica-gremo-v-hribe-lasko.jpeg\" data-width=\"6979\" loading=\"lazy\" src=\"\/media\/img\/80\/74\/1afa920b18811ff74ab9-planica-gremo-v-hribe-lasko.jpeg\" title=\"planica gremo v hribe la\u0161ko\"\/><\/p>\n<p> Foto: Gaja Hanuna <\/p>\n<p>Poseben razlog za praznovanje so imeli tisti, ki so skozi sezono vztrajno polnili svoje karton\u010dke. Za naziv ambasadorja gibanja La\u0161ko Gremo v hribe 2026 je bilo treba zbrati pet \u017eigov z organiziranih dogodkov, med katerimi je bila Planica obvezna, in \u0161e sedem \u017eigov s poljubnih slovenskih hribov. Med ambasadorji so v Planici iz\u017erebali tudi prejemnika desetdnevnega po\u010ditni\u0161kega najema vozila Dacia.<\/p>\n<p>Za nekatere je bil zato prihod v Planico \u0161e zadnji manjkajo\u010di ko\u0161\u010dek celoletnega izziva. Za druge samo dober razlog za soboto v naravi. Vsem pa je bilo skupno nekaj, kar se je ponavljalo na vseh \u0161estih postajah: na koncu niso \u0161teli le \u017eigi in prehojeni kilometri, ampak predvsem do\u017eivetja na poti.<\/p>\n<p>V Planici ni bilo \u017eivahno le pod odrom<\/p>\n<p>Pester program se tudi na finalu ni kon\u010dal pri glasbi. Obiskovalci so lahko sodelovali v nagradnih igrah in spoznavali aktivnosti partnerjev projekta.<\/p>\n<p>Alpina je predstavila drugo generacijo posebnih usnjenih pohodnih \u010devljev La\u0161ko Gremo v hribe, eden od obiskovalcev pa je v nagradni igri osvojil nov par gojzarjev. Dacia je med sodelujo\u010dimi iz\u017erebala nagrajenca za najem vozila za konec tedna, med ambasadorji pa \u0161e prejemnika \u017ee omenjenega desetdnevnega po\u010ditni\u0161kega najema. Del zgodbe so bili tudi Energija plus, Vzajemna in Delamaris.<\/p>\n<p>Pomemben del projekta ostaja tudi odgovoren odnos do narave. Skupaj s SLOPAK\u00a0se je nadaljevala akcija zbiranja odpadnih plo\u010devink in zgodba La\u0161ko Bivak za bele vrhove, v kateri plo\u010devinke dobivajo novo \u017eivljenje.<\/p>\n<p>Za znanje, ki lahko neko\u010d re\u0161i \u017eivljenje, pa je skrbelo Dru\u0161tvo AED. Obiskovalcem so bile na voljo brezpla\u010dne delavnice temeljnih postopkov o\u017eivljanja in uporabe avtomatskega eksternega defibrilatorja, dru\u0161tvo pa je predstavljalo tudi svoje aktivnosti za \u0161irjenje mre\u017ee javno dostopnih naprav AED.<\/p>\n<p>Iz hribov se selimo pod plezalno steno<\/p>\n<p>\u010ceprav je Planica pomenila konec leto\u0161njih organiziranih dogodkov La\u0161ko Gremo v hribe, se dru\u017eenje s tem \u0161e ne kon\u010duje.<\/p>\n<p>Planinska zveza Slovenije je obiskovalce povabila na svetovni pokal v \u0161portnem plezanju v Kopru, kjer se bo hribovska skupnost septembra znova sre\u010dala, tokrat v vlogi navija\u010dev. V Planici so med obiskovalce razdelili \u0161tiri vstopnice, na stojnici PZS pa je bil omogo\u010den tudi nakup vstopnic z 20-odstotnim popustom.<\/p>\n<p>\u0160e posebej se je izpla\u010dalo vztrajati ambasadorjem La\u0161ko Gremo v hribe, ki so po elektronski po\u0161ti prejeli promocijsko kodo za 50-odstotni popust pri nakupu vstopnic.<\/p>\n<p>Naslednji\u010d bo Gremo v hribe polnoleten<\/p>\n<p><img decoding=\"async\" alt=\"planica gremo v hribe la\u0161ko | Foto: Gaja Hanuna\" class=\"article_content__inline_image js_imageLightbox is-clickable\" data-author=\"Gaja Hanuna\" data-caption=\"\" data-height=\"3723\" data-href=\"https:\/\/siol.net\/media\/img\/04\/4e\/dd4e7693076797856ae5-planica-gremo-v-hribe-lasko.jpeg\" data-width=\"5584\" loading=\"lazy\" src=\"\/media\/img\/69\/b4\/ae6559c74aa0daab2b35-planica-gremo-v-hribe-lasko.jpeg\" title=\"planica gremo v hribe la\u0161ko\"\/><\/p>\n<p> Foto: Gaja Hanuna <\/p>\n<p>Planica pa ni pomenila slovesa. Ob koncu so organizatorji \u017ee napovedali 18. sezono La\u0161ko Gremo v hribe. Prihodnje leto bo tako gibanje, ki \u017ee vrsto let povezuje slovenske hribe, glasbo, \u0161port in dru\u017eenje, tudi uradno postalo polnoletno.<\/p>\n<p>\u010ce pa bi si za konec sposodili besede Dejana Dogaja, bi lahko leto\u0161njo sezono opisali zelo preprosto: nenormalno lepo.<\/p>\n","protected":false},"excerpt":{"rendered":"Foto: Gaja Hanuna Za nami je \u0161est postaj in na tiso\u010de korakov po razli\u010dnih koncih Slovenije. Leto\u0161nja pot&hellip;\n","protected":false},"author":2,"featured_media":211319,"comment_status":"","ping_status":"","sticky":false,"template":"","format":"standard","meta":{"footnotes":"","_share_on_mastodon":"0"},"categories":[16],"tags":[3204,39492,7787,41348,51831,1976,22006,7523,7617,51830,848,8463,132,10774,1609,8464,536,51829,16082,62,37,58,60,38,94,93,20763],"class_list":["post-211318","post","type-post","status-publish","format-standard","has-post-thumbnail","category-sport","tag-advertorial","tag-agropop","tag-atomik-harmonik","tag-dejan-dogaja","tag-gasper-marguc","tag-gore","tag-gremo-v-hribe","tag-hribi","tag-jani-pavec","tag-jasmin-handanovic","tag-lasko","tag-naj-planinska-koca","tag-nk-maribor","tag-pivo","tag-planica","tag-pohodnistvo","tag-rk-celje","tag-rok-marguc","tag-rok-piletic","tag-si","tag-slovene","tag-slovenia","tag-slovenija","tag-slovenscina","tag-sport","tag-sports","tag-visokogorje"],"share_on_mastodon":{"url":"https:\/\/pubeurope.com\/@si\/117195284738375759","error":""},"_links":{"self":[{"href":"https:\/\/www.europesays.com\/si\/wp-json\/wp\/v2\/posts\/211318","targetHints":{"allow":["GET"]}}],"collection":[{"href":"https:\/\/www.europesays.com\/si\/wp-json\/wp\/v2\/posts"}],"about":[{"href":"https:\/\/www.europesays.com\/si\/wp-json\/wp\/v2\/types\/post"}],"author":[{"embeddable":true,"href":"https:\/\/www.europesays.com\/si\/wp-json\/wp\/v2\/users\/2"}],"replies":[{"embeddable":true,"href":"https:\/\/www.europesays.com\/si\/wp-json\/wp\/v2\/comments?post=211318"}],"version-history":[{"count":0,"href":"https:\/\/www.europesays.com\/si\/wp-json\/wp\/v2\/posts\/211318\/revisions"}],"wp:featuredmedia":[{"embeddable":true,"href":"https:\/\/www.europesays.com\/si\/wp-json\/wp\/v2\/media\/211319"}],"wp:attachment":[{"href":"https:\/\/www.europesays.com\/si\/wp-json\/wp\/v2\/media?parent=211318"}],"wp:term":[{"taxonomy":"category","embeddable":true,"href":"https:\/\/www.europesays.com\/si\/wp-json\/wp\/v2\/categories?post=211318"},{"taxonomy":"post_tag","embeddable":true,"href":"https:\/\/www.europesays.com\/si\/wp-json\/wp\/v2\/tags?post=211318"}],"curies":[{"name":"wp","href":"https:\/\/api.w.org\/{rel}","templated":true}]}}