{"id":211374,"date":"2026-09-01T11:02:11","date_gmt":"2026-09-01T11:02:11","guid":{"rendered":"https:\/\/www.europesays.com\/si\/211374\/"},"modified":"2026-09-01T11:02:11","modified_gmt":"2026-09-01T11:02:11","slug":"video-prvosolci-vkorakali-v-solsko-leto-s-slovenskimi-zastavami-in-ustavo-to-jim-sporocajo-nasi-politiki","status":"publish","type":"post","link":"https:\/\/www.europesays.com\/si\/211374\/","title":{"rendered":"[Video] Prvo\u0161olci vkorakali v \u0161olsko leto s slovenskimi zastavami in ustavo \u2013 to jim sporo\u010dajo na\u0161i politiki"},"content":{"rendered":"<p style=\"text-align: justify;\">V novo \u0161olsko leto bo po podatkih ministrstva za izobra\u017eevanje, znanost in mladino vstopilo 186.687 osnovno\u0161olk in osnovno\u0161olcev, od tega 19.058 prvo\u0161olk in prvo\u0161olcev. Trenutno je v srednje \u0161ole vpisanih okoli 88.000 dijakinj in dijakov, kar je po poro\u010danju STA pribli\u017eno tiso\u010d ve\u010d kot v prej\u0161njem \u0161olskem letu. Med njimi je dijakinj in dijakov, vpisanih v prvi letnik, 26.004.<\/p>\n<p> Preberite tudi: <a href=\"https:\/\/nova24tv.si\/ronceviceva-ekipa-namerava-spremeniti-solstvo-uciteljem-vec-avtonomije-solam-manj-birokracije\/\" rel=\"nofollow noopener\" target=\"_blank\">\u0160olska preobrazba: Manj birokracije, ve\u010d avtonomije u\u010diteljem in ve\u010d spo\u0161tovanja do Slovenije<\/a><\/p>\n<p style=\"text-align: justify;\">Premier Janez Jan\u0161a je na za\u010detku poslanice izpostavil, da so po\u010ditnice prehitro minile, in ob tem dodal, da verjame, da se u\u010denci veselijo \u0161ole. \u201cV novo \u0161olsko leto stopite z radovednostjo pa tudi zaupanjem, da bo vse dobro. Bodite pogumni. Vztrajajte, ko se vam bo zdelo, da je te\u017eko in da ne zmorete.\u201d U\u010dence poziva, da zaupajo vase, saj zmorejo ve\u010d, kot si mislijo.<\/p>\n<p><img fetchpriority=\"high\" decoding=\"async\" class=\"wp-image-994375\" src=\"https:\/\/www.europesays.com\/si\/wp-content\/uploads\/2026\/09\/IZO20260828AI5_5094-400x267.jpg\" alt=\"\" width=\"1222\" height=\"816\"  \/>Prvo\u0161olce je na mizah pri\u010dakala slovenska zastava in izvod slovenske ustave (Foto: Bobo)<\/p>\n<p style=\"text-align: justify;\">\u201cNekateri med vami prvi\u010d stopate v \u0161olo. V \u0161oli ne boste spoznali samo \u010drk in \u0161tevilk. Izvedeli boste tudi marsikaj o svetu, v katerem \u017eivite, o na\u0161i domovini in o ljudeh, s katerimi jo delimo. \u0160ola namre\u010d ne daje samo znanja. V njej se u\u010dimo tudi \u017eiveti drug z drugim. Spo\u0161tovati drug drugega in tisto, kar nam je skupno. U\u010dimo se, da lahko vsak nekaj prispeva \u2013 v svojem razredu, med prijatelji in neko\u010d tudi v skupnosti, v kateri \u017eivimo,\u201d je Jan\u0161a izpostavil v nadaljevanju.<\/p>\n<p style=\"text-align: justify;\">Zahvalil se je tudi u\u010diteljicam in u\u010diteljem ter vsem, ki skrbijo za na\u0161e \u0161ole in mlade. \u201cHvala za va\u0161e znanje, potrpe\u017eljivost in zgled. Cenimo va\u0161e delo in smo vam zanj hvale\u017eni. Mladim pomagajte odkrivati njihove talente, razvijati njihove potenciale in krepiti zaupanje vase.\u201d Jan\u0161a pa ni pozabil tudi na star\u0161e. \u201cHvala tudi star\u0161em, ki otroke spremljate in spodbujate na njihovi poti. \u010ce kdo, potem vi dobro veste, da odra\u0161\u010danje ni lahko. Sploh v dana\u0161njem svetu ne,\u201d je navedel in dodal, da so iz tega razloga dober zgled, razumevanje in podpora, ki jo otroci najdejo pri svojih star\u0161ih, nekaj, kar mladi najbolj potrebujejo. \u201cDrage u\u010denke, u\u010denci, dijakinje in dijaki, naj bo to lepo, uspe\u0161no in nepozabno \u0161olsko leto. Kar tudi verjamem, da bo. Sre\u010dno,\u201d je sklenil.<\/p>\n<p>Minister Ron\u010devi\u0107 vsakemu izrekel dobrodo\u0161lico<\/p>\n<p style=\"text-align: justify;\">\u201cDrage u\u010denke in u\u010denci, dijakinje in dijaki, spo\u0161tovani zaposleni v vzgoji in izobra\u017eevanju, spo\u0161tovani star\u0161i. Pred nami je novo \u0161olsko leto. Upam, da ste po\u010ditni\u0161ke dni pre\u017eiveli prijetno in da se v \u0161olske klopi ter na svoja delovna mesta vra\u010date z novo energijo,\u201d je na za\u010detku poslanice izpostavil minister za izobra\u017eevanje dr. Borut Ron\u010devi\u0107. Slednji je izrazil prepri\u010danje, da se bo tudi v tem \u0161olskem letu z dialogom in sodelovanjem ustvarjalo dobre pogoje za u\u010denje, delo in razvoj otrok in mladostnikov. Pravi, da kakovostno izobra\u017eevanje ni samoumevno. \u201cUstvarjamo ga skupaj, s predanostjo, strokovnostjo in medsebojnim zaupanjem.\u201d<\/p>\n<p style=\"text-align: justify;\">Prvi \u0161olski dan po besedah Ron\u010devi\u0107a ni le za\u010detek pridobivanja novega znanja, ampak tudi za\u010detek novega obdobja osebnostne rasti in oblikovanja vrednot. \u201cRadovednost, odgovornost, medsebojno spo\u0161tovanje, sodelovanje in pripadnost skupnosti so vrednote, ki mladim pomagajo odra\u0161\u010dati v samozavestne, samostojne in odgovorne posameznike.\u201d Omenil je, da bo na prvi \u0161olski dan \u0161olski prag prestopilo 19.058 prvo\u0161olk in prvo\u0161olcev. \u201cPrav vsakemu izmed vas, dragi prvo\u0161olci, izrekam iskreno dobrodo\u0161lico. \u017delim vam, da bi \u0161ola postala prostor, kamor boste prihajali z radovednostjo in veseljem. Spra\u0161ujte, raziskujte, odkrivajte in pogumno stopajte po poti znanja, na kateri vas bodo spremljali va\u0161i u\u010ditelji in u\u010diteljice.\u201d<\/p>\n<p dir=\"ltr\" lang=\"sl\">Poslanica ministra dr. Boruta Ron\u010devi\u0107a ob za\u010detku \u0161olskega leta 2026\/27 <a href=\"https:\/\/t.co\/OyoRTUfbag\" rel=\"nofollow\">pic.twitter.com\/OyoRTUfbag<\/a><\/p>\n<p>\u2014 Ministrstvo za izobra\u017eevanje, znanost in mladino (@mizm_rs) <a href=\"https:\/\/x.com\/mizm_rs\/status\/2094330879099183295?ref_src=twsrc%5Etfw\" rel=\"nofollow\">August 31, 2026<\/a><\/p>\n<p style=\"text-align: justify;\">U\u010denkam in u\u010dencem ter dijakinjam in dijakom je za\u017eelel veliko novega znanja, poguma pri premagovanju ovir in zadovoljstva ob dose\u017eenih uspehih. \u201cZnanje vam bo odpiralo vrata in vam dajalo svobodo, da boste lahko sami izbirali svojo pot. Zato bodite vztrajni in pogumni tudi takrat, ko ne bo \u0161lo vse zlahka. Ob tem ne pozabite na strpnost, prijateljske medvrstni\u0161ke odnose in spo\u0161tovanje drug drugega,\u201d je navedel in dodal, da naj bo \u0161ola prostor, v katerem se bodo vsi po\u010dutili varne in sprejete.<\/p>\n<p style=\"text-align: justify;\">\u201cSpo\u0161tovani star\u0161i, bodite trdna opora svojim otrokom, a hkrati zaupajte u\u010diteljicam in u\u010diteljem, ki jih vodijo po poti znanja in odra\u0161\u010danja. Sodelovanje med \u0161olo in star\u0161i je pomemben temelj uspe\u0161nega izobra\u017eevanja,\u201d je izpostavil in pristavil, da je prav tako pomembno, da se otroke tudi z lastnim zgledom u\u010di spo\u0161tljivega odnosa do u\u010diteljev, \u0161ole, \u0161olskega dela in znanja. V nadaljevanju je dal vedeti, da so ravnateljice in ravnatelji, u\u010diteljice in u\u010ditelji, vzgojiteljice in vzgojitelji ter vsi drugi zaposleni v vzgoji in izobra\u017eevanju pomembni gradniki na\u0161e prihodnosti. \u201cVa\u0161e delo zahteva znanje, odgovornost, predanost in vsakodnevno sprejemanje zahtevnih odlo\u010ditev. Pri tem vam zaupamo in stojimo za vami.\u201d<\/p>\n<p style=\"text-align: justify;\">Minister pravi, da bo ena pomembnej\u0161ih nalog ministrstva \u201ckrepitev ugleda, avtoritete in avtonomije u\u010diteljskega poklica ter ustvarjanje okolja, v katerem boste lahko svoje strokovno delo opravljali samozavestno in odgovorno\u201d. \u201cU\u010ditelj mora imeti podporo, zaupanje in spo\u0161tovanje, ki jih njegovo delo zahteva in si jih zaslu\u017ei,\u201d je bil jasen in vsem za\u017eelel uspe\u0161no novo \u0161olsko leto. \u201cNaj bo \u0161ola prostor znanja in radovednosti, pa tudi prostor spo\u0161tovanja, varnosti in sodelovanja. Prostor, v katerem lahko vsakdo razvija svoje sposobnosti in i\u0161\u010de svojo pot. Sre\u010dno v novem \u0161olskem letu!\u201d je \u0161e dodal.<\/p>\n<p style=\"text-align: justify\">\u201cNovo \u0161olsko leto je nov za\u010detek. Prilo\u017enost za nova znanja, nova prijateljstva in nove izku\u0161nje,\u201d v poslanici pravi predsednik Dr\u017eavnega sveta RS Marko Lotri\u010d. U\u010dencem in dijakom je za\u017eelel, da v \u0161olsko leto vstopijo pogumno, radovedno in z zaupanjem vase. \u201cNe bojte se postavljati vpra\u0161anj, delati napak in razmi\u0161ljati s svojo glavo. Prav iz tega se najve\u010d nau\u010dimo in rastemo.\u201d \u0160e posebej pa je sre\u010dno za\u017eelel vsem prvo\u0161ol\u010dkom, ki danes prvi\u010d prestopajo \u0161olski prag. \u201cNaj bo prvi \u0161olski dan poln veselja, novih prijateljev in lepih spominov. Ne pozabite, znanje vam odpira vrata, radovednost pa ka\u017ee pot do njih. Vsem skupaj \u017eelim uspe\u0161no, prijazno in nepozabno \u0161olsko leto. Sre\u010dno!\u201d<\/p>\n<p dir=\"ltr\" lang=\"sl\">Sre\u010dno na prvi \u0161olski dan! \ud83c\udf92\ud83d\udcda<\/p>\n<p>Za \u0161tevilne otroke in mladostnike za\u010detek nove pustolov\u0161\u010dine.<\/p>\n<p>Naj bo poln nasmehov, novih prijateljstev in lepih do\u017eivetij. \u2600\ufe0f\ud83c\udf40 <a href=\"https:\/\/t.co\/SJcgBpxS8a\" rel=\"nofollow\">pic.twitter.com\/SJcgBpxS8a<\/a><\/p>\n<p>\u2014 Marko Lotri\u010d (@LotricMarko) <a href=\"https:\/\/x.com\/LotricMarko\/status\/2094687867473727906?ref_src=twsrc%5Etfw\" rel=\"nofollow\">September 1, 2026<\/a><\/p>\n<p style=\"text-align: justify\">\u201cPrvi \u0161olski dan je vedno nekaj posebnega. Za nekatere pomeni prvi korak skozi \u0161olska vrata, za druge vrnitev med prijatelje, k novim izzivom, spoznanjem in prilo\u017enostim,\u201d v poslanici sporo\u010da predsednica republike Nata\u0161a Pirc Musar, ki pravi, da je znanje ena najdragocenej\u0161ih vrednot, ki jih lahko pridobimo, vendar pa je ob tem prav tako pomembno, da se v \u0161oli u\u010denci po\u010dutijo dobro in varno. \u201cVsak otrok si zaslu\u017ei okolje, v katerem lahko razvija svoje sposobnosti, pove, kaj misli, naredi tudi kak\u0161no napako in ve, da mu bo nekdo prisluhnil.\u201d<\/p>\n<p style=\"text-align: justify\">\u201cSpo\u0161tovane u\u010diteljice in u\u010ditelji, hvala, ker poleg znanja otrokom, skupaj s star\u0161i, otroke tudi spodbujate, jih razumete in jim predstavljate osebni zgled. Dobrobit otrok je na\u0161a skupna odgovornost,\u201d je navedla v nadaljevanju in dodala, da ob za\u010detku \u0161olskega leta prosi prav vse \u0161e za posebno pozornost v prometu. Na cestah bo namre\u010d ponovno veliko otrok, med njimi tudi prvo\u0161olcev, ki se \u0161ele u\u010dijo varne samostojnosti. \u201cOtroci, ne pozabite: tudi vi lahko za svojo varnost veliko naredite s previdnostjo in upo\u0161tevanjem prometnih pravil. Iz lastnih izku\u0161enj lahko povem, kako zelo pomembna je uporaba varnostnega pasu. Vozniki, bodimo previdni in strpni prav vsak dan,\u201d pravi in dodaja: \u201cVsem \u017eelim prijazen prvi \u0161olski dan ter \u0161olsko leto, polno znanja, domi\u0161ljije, prijateljstva in lepih trenutkov.\u201d<\/p>\n<p style=\"text-align: justify\">Tudi podpredsednik vlade in minister za gospodarstvo, delo in \u0161port An\u017ee Logar je vsem u\u010dencem, dijakom, u\u010diteljem in star\u0161em za\u017eelel sre\u010do. \u201cPrvi september je spet tu in za\u010denja se pouk. Najprej varno v \u0161olo, potem pa odprtih glav v \u0161olske klopi, zato da boste dobili vso znanje, ki je na voljo, da boste na koncu postali to, kar ste si vedno \u017eeleli: podjetniki, zdravniki, policaji, gasilci ali na koncu koncev tudi politiki,\u201d je navedel in pristavil: \u201cVsem \u0161olarjem \u017eelim lep za\u010detek novega \u0161olskega leta, veliko novih znanj, prijateljstev in predvsem \u010dim ve\u010d radovednosti. Naj bo vsak \u0161olski dan prilo\u017enost za nekaj novega.\u201d<\/p>\n<p style=\"text-align: justify\">Da je prvi \u0161olski dan vedno nekaj posebnega, \u0161e zlasti za prvo\u0161olce, ki danes prvi\u010d prestopajo \u0161olski prag, sporo\u010da minister za infrastrukturo in energetiko Jernej Vrtovec. \u201cA varnost otrok ni naloga samo prvega \u0161olskega dne. Je na\u0161a skupna odgovornost \u2013 vsak dan, na vsaki poti v \u0161olo in domov,\u201d pravi in dodaja, da ko otrok stopi na cesto, mora biti na\u0161 odziv jasen: \u201cupo\u010dasnimo, pogledamo in pazimo\u201d. Zato po njegovih besedah velja preprosto pravilo: \u201cv bli\u017eini \u0161ol ni prostora za hitenje.\u201d \u201cNaj bo dana\u0161nji dan za\u010detek uspe\u0161nega \u0161olskega leta \u2013 predvsem pa varen za\u010detek. Vsem \u0161olarjem \u017eelim veliko znanja, poguma, novih prijateljstev in nepozabnih dogodiv\u0161\u010din. Prvo\u0161olcem pa \u2013 dobrodo\u0161li! Sre\u010dno vsem \u0161olarjem!\u201d \u0161e pravi.<\/p>\n<p><img loading=\"lazy\" decoding=\"async\" class=\"wp-image-994354\" src=\"https:\/\/www.europesays.com\/si\/wp-content\/uploads\/2026\/09\/1000065331-400x300.jpg\" alt=\"\" width=\"1307\" height=\"980\"  \/>Foto: Facebook Jernej Vrtovec<\/p>\n<p> Ministrstvo za notranje zadeve, ki ga vodi minister Franci Matoz, opominja, da se z novim \u0161olskim letom na ceste vra\u010dajo na\u0161i najmlaj\u0161i. \u201cDo 6. septembra bo potekala preventivna akcija Varno v \u0161olo, ki opozarja na ranljivost otrok v prometu in pomen varnih \u0161olskih poti. Sre\u010dno, predvsem pa varno vsem v novem \u0161olskem letu!\u201d sporo\u010dajo.<\/p>\n<p>\u0160e nekaj poslanic si lahko ogledate v nadaljevanju:<\/p>\n<p>\u017d. N.<\/p>\n<p><script async src=\"https:\/\/platform.twitter.com\/widgets.js\" charset=\"utf-8\"><\/script><\/p>\n","protected":false},"excerpt":{"rendered":"V novo \u0161olsko leto bo po podatkih ministrstva za izobra\u017eevanje, znanost in mladino vstopilo 186.687 osnovno\u0161olk in osnovno\u0161olcev,&hellip;\n","protected":false},"author":2,"featured_media":211375,"comment_status":"","ping_status":"","sticky":false,"template":"","format":"standard","meta":{"footnotes":"","_share_on_mastodon":"0"},"categories":[20],"tags":[1137,31316,32,51,7182,12366,35,1197,31,34,36,48391,37,38,9066,33],"class_list":["post-211374","post","type-post","status-publish","format-standard","has-post-thumbnail","category-novice","tag-anze-logar","tag-borut-roncevic","tag-headlines","tag-janez-jansa","tag-jernej-vrtovec","tag-marko-lotric","tag-najpomembnejse-novice","tag-natasa-pirc-musar","tag-news","tag-novice","tag-osrednje-novice","tag-prvi-solski-dan","tag-slovene","tag-slovenscina","tag-solstvo","tag-top-stories"],"share_on_mastodon":{"url":"https:\/\/pubeurope.com\/@si\/117195449831271439","error":""},"_links":{"self":[{"href":"https:\/\/www.europesays.com\/si\/wp-json\/wp\/v2\/posts\/211374","targetHints":{"allow":["GET"]}}],"collection":[{"href":"https:\/\/www.europesays.com\/si\/wp-json\/wp\/v2\/posts"}],"about":[{"href":"https:\/\/www.europesays.com\/si\/wp-json\/wp\/v2\/types\/post"}],"author":[{"embeddable":true,"href":"https:\/\/www.europesays.com\/si\/wp-json\/wp\/v2\/users\/2"}],"replies":[{"embeddable":true,"href":"https:\/\/www.europesays.com\/si\/wp-json\/wp\/v2\/comments?post=211374"}],"version-history":[{"count":0,"href":"https:\/\/www.europesays.com\/si\/wp-json\/wp\/v2\/posts\/211374\/revisions"}],"wp:featuredmedia":[{"embeddable":true,"href":"https:\/\/www.europesays.com\/si\/wp-json\/wp\/v2\/media\/211375"}],"wp:attachment":[{"href":"https:\/\/www.europesays.com\/si\/wp-json\/wp\/v2\/media?parent=211374"}],"wp:term":[{"taxonomy":"category","embeddable":true,"href":"https:\/\/www.europesays.com\/si\/wp-json\/wp\/v2\/categories?post=211374"},{"taxonomy":"post_tag","embeddable":true,"href":"https:\/\/www.europesays.com\/si\/wp-json\/wp\/v2\/tags?post=211374"}],"curies":[{"name":"wp","href":"https:\/\/api.w.org\/{rel}","templated":true}]}}