{"id":211392,"date":"2026-09-01T11:15:08","date_gmt":"2026-09-01T11:15:08","guid":{"rendered":"https:\/\/www.europesays.com\/si\/211392\/"},"modified":"2026-09-01T11:15:08","modified_gmt":"2026-09-01T11:15:08","slug":"outlook-odpovedal-milijoni-uporabnikov-nenadoma-brez-e-poste","status":"publish","type":"post","link":"https:\/\/www.europesays.com\/si\/211392\/","title":{"rendered":"Outlook odpovedal: Milijoni uporabnikov nenadoma brez e-po\u0161te"},"content":{"rendered":"<p>    <img decoding=\"async\" data-lb-desktop=\"\/media\/2026\/09\/01\/859463\/Orig-2025-10-29T200555Z_1281587975_RC2MHDAJHBAW_RTRMADP_5_MICROSOFT-RESULTS-1200.webp\" data-lb-mobile=\"\/media\/2026\/09\/01\/859463\/Orig-2025-10-29T200555Z_1281587975_RC2MHDAJHBAW_RTRMADP_5_MICROSOFT-RESULTS-600.webp\" class=\"main-gallery-image se_image_lb\" src=\"https:\/\/www.europesays.com\/si\/wp-content\/uploads\/2026\/09\/Wide-2025-10-29T200555Z_1281587975_RC2MHDAJHBAW_RTRMADP_5_MICROSOFT-RESULTS-1000.webp\" alt=\"FILE PHOTO: A view shows a Microsoft logo at Microsoft offices in Issy-les-Moulineaux near Paris, France, March 21, 2025. REUTERS\/Gonzalo Fuentes\/File Photo\"\/><\/p>\n<p>Simboli\u010dna fotografija: Reuters<\/p>\n<p>Outlook odpovedal: Milijoni uporabnikov nenadoma brez e-po\u0161te<\/p>\n<p>Globalni izpad Microsoftovih storitev je prizadel tako podjetja kot zasebne uporabnike. Te\u017eave so bile povezane z obla\u010dno infrastrukturo Exchange Online, Microsoft pa je \u017ee uvedel popravke.<\/p>\n<p>                        01. 09. 2026, 11.14\n                    <\/p>\n<p> jk\n                    <\/p>\n<p>                        <a href=\"https:\/\/google.com\/preferences\/source?q=dnevnik.si\" class=\"se-author-gps-cta\" target=\"_blank\" rel=\"nofollow noopener\"><br \/>\n                            <img decoding=\"async\" class=\"se-author-gps-cta-badge\" src=\"https:\/\/www.europesays.com\/si\/wp-content\/uploads\/2026\/09\/1788261308_735_dnevnik_gps_badge.png\" alt=\"Google Preferred Sources CTA\"\/><br \/>\n                        <\/a><\/p>\n<p>V ponedeljek zve\u010der so uporabniki po vsem svetu za\u010deli opa\u017eati nenavadne te\u017eave z Microsoftovim Outlookom. Po\u0161tni predali se niso osve\u017eevali, prijava v ra\u010dun ni bila mogo\u010da, elektronska sporo\u010dila pa niso prihajala oziroma jih uporabniki niso mogli poslati, <a href=\"https:\/\/www.merkur.de\/verbraucher\/mail-verkehr-weltweit-eingefroren-microsoft-nennt-ursache-doch-nicht-alle-nutzer-sind-schon-wieder-online-94469189.html\" target=\"_blank\" rel=\"nofollow noopener\">pi\u0161e Merkur<\/a>.\u00a0<\/p>\n<p>Ni \u0161lo za posamezne te\u017eave, temve\u010d za obse\u017een globalni izpad Microsoftovih storitev. Prizadeti so bili tako poslovni uporabniki Microsofta 365 kot zasebni uporabniki Outlooka.<\/p>\n<p>Microsoft je na svojih uradnih straneh za spremljanje delovanja storitev potrdil te\u017eave s prijavo, po\u0161iljanjem in prejemanjem elektronske po\u0161te ter delovanjem posameznih aplikacij.<\/p>\n<p>Napaka v klju\u010dnem delu obla\u010dne infrastrukture<\/p>\n<p>Po navedbah Microsofta je bila te\u017eava povezana z infrastrukturo Exchange Online, ki predstavlja enega klju\u010dnih sistemov za elektronsko po\u0161to v Microsoftovem oblaku.<\/p>\n<p>Posebej problemati\u010dna je bila komponenta, ki skrbi za preverjanje pristnosti in povezovanje naprav z Microsoftovimi po\u0161tnimi stre\u017eniki. \u010ce ta del sistema odpove, uporabniki ne morejo vzpostaviti normalne povezave s po\u0161tnim predalom.<\/p>\n<p>Obseg te\u017eav je bil hitro viden tudi na spletni strani Downdetector, kjer se je \u0161tevilo prijav uporabnikov v kratkem \u010dasu povzpelo na ve\u010d deset tiso\u010d, kasneje pa je \u0161e nara\u0161\u010dalo.<\/p>\n<p>Microsoft pono\u010di odpravljal napako<\/p>\n<p>Microsoftovi tehniki so za\u010deli odpravljati te\u017eave in v no\u010di na torek uvedli ciljne popravke na prizadetih stre\u017enikih. Podjetje je nato zaznalo postopno izbolj\u0161anje delovanja sistema in vra\u010danje prometa na obi\u010dajne stre\u017enike.<\/p>\n<p>Vendar storitev \u0161e ni bila takoj normalno dostopna vsem uporabnikom. Pri nekaterih so se te\u017eave nadaljevale zaradi zaostanka pri sinhronizaciji in obdelavi podatkov.<\/p>\n<p>Strokovnjaki uporabnikom zato svetujejo, naj ne spreminjajo lokalnih nastavitev Outlooka in naj istega sporo\u010dila ne posku\u0161ajo ve\u010dkrat zapored poslati. Zaradi zamud v sistemu bi namre\u010d lahko pri\u0161lo do tega, da bi bilo isto sporo\u010dilo pozneje dostavljeno ve\u010dkrat.<\/p>\n<p>    <a class=\"se-card__wrap se-card--link\" href=\"https:\/\/www.dnevnik.si\/nedeljski\/prosti-cas\/znanost-in-tehnologija\/pozor-odkrili-hudo-ranljivost-na-applovih-napravah-z-macos-2821767\/\" data-upscore-url=\"\" rel=\"nofollow noopener\" target=\"_blank\"><\/p>\n<p>        <img decoding=\"async\" class=\"se-image se-image--card\" src=\"https:\/\/www.europesays.com\/si\/wp-content\/uploads\/2026\/09\/Wide-iStock-2211996759-400.webp\" alt=\"Zlin, Czech Republic - April 13, 2025: Businesswoman with Apple laptop MacBook Air walking outside of office building\"\/><\/p>\n<p>Spletna varnost<\/p>\n<p>Pozor! Odkrili hudo ranljivost na Applovih napravah z macos<\/p>\n<p>    <\/a><\/p>\n","protected":false},"excerpt":{"rendered":"Simboli\u010dna fotografija: Reuters Outlook odpovedal: Milijoni uporabnikov nenadoma brez e-po\u0161te Globalni izpad Microsoftovih storitev je prizadel tako podjetja&hellip;\n","protected":false},"author":2,"featured_media":211393,"comment_status":"","ping_status":"","sticky":false,"template":"","format":"standard","meta":{"footnotes":"","_share_on_mastodon":"0"},"categories":[12],"tags":[51847,51842,51844,51841,1445,51846,51845,51840,62,37,58,60,38,89,4018,90,51843],"class_list":["post-211392","post","type-post","status-publish","format-standard","has-post-thumbnail","category-tehnologija","tag-downdetector","tag-exchange-online","tag-globalni-izpad","tag-izpad-storitev","tag-microsoft","tag-microsoft-365","tag-oblacna-infrastruktura","tag-outlook","tag-si","tag-slovene","tag-slovenia","tag-slovenija","tag-slovenscina","tag-technology","tag-tehnicne-tezave","tag-tehnologija","tag-tezave-z-e-posto"],"share_on_mastodon":{"url":"https:\/\/pubeurope.com\/@si\/117195500715968802","error":""},"_links":{"self":[{"href":"https:\/\/www.europesays.com\/si\/wp-json\/wp\/v2\/posts\/211392","targetHints":{"allow":["GET"]}}],"collection":[{"href":"https:\/\/www.europesays.com\/si\/wp-json\/wp\/v2\/posts"}],"about":[{"href":"https:\/\/www.europesays.com\/si\/wp-json\/wp\/v2\/types\/post"}],"author":[{"embeddable":true,"href":"https:\/\/www.europesays.com\/si\/wp-json\/wp\/v2\/users\/2"}],"replies":[{"embeddable":true,"href":"https:\/\/www.europesays.com\/si\/wp-json\/wp\/v2\/comments?post=211392"}],"version-history":[{"count":0,"href":"https:\/\/www.europesays.com\/si\/wp-json\/wp\/v2\/posts\/211392\/revisions"}],"wp:featuredmedia":[{"embeddable":true,"href":"https:\/\/www.europesays.com\/si\/wp-json\/wp\/v2\/media\/211393"}],"wp:attachment":[{"href":"https:\/\/www.europesays.com\/si\/wp-json\/wp\/v2\/media?parent=211392"}],"wp:term":[{"taxonomy":"category","embeddable":true,"href":"https:\/\/www.europesays.com\/si\/wp-json\/wp\/v2\/categories?post=211392"},{"taxonomy":"post_tag","embeddable":true,"href":"https:\/\/www.europesays.com\/si\/wp-json\/wp\/v2\/tags?post=211392"}],"curies":[{"name":"wp","href":"https:\/\/api.w.org\/{rel}","templated":true}]}}