{"id":211414,"date":"2026-09-01T11:36:14","date_gmt":"2026-09-01T11:36:14","guid":{"rendered":"https:\/\/www.europesays.com\/si\/211414\/"},"modified":"2026-09-01T11:36:14","modified_gmt":"2026-09-01T11:36:14","slug":"zensko-drzal-za-roke-in-jo-grdo-udaril-v-tujini-aretirali-65-letnega-celjana","status":"publish","type":"post","link":"https:\/\/www.europesays.com\/si\/211414\/","title":{"rendered":"\u017densko dr\u017eal za roke in jo grdo udaril: v tujini aretirali 65-letnega Celjana"},"content":{"rendered":"<p>65-letni slovenski dr\u017eavljan iz Celja se je zna\u0161el na sodi\u0161\u010du zaradi napada na \u017eensko v Trebinju, pi\u0161e Kurir.rs.\u00a0Po navedbah to\u017eilstva jo je po kraj\u0161em prepiru prijel za roki in jo z glavo mo\u010dno udaril v \u010delo. To\u017eilstvo\u00a0je za Slovenca zahtevalo pripor zaradi nevarnosti pobega.<\/p>\n<p>Okro\u017eno javno to\u017eilstvo v Trebinju je proti 65-letnemu slovenskemu dr\u017eavljanu iz Celja, vlo\u017eilo obto\u017enico zaradi suma, da je fizi\u010dno napadel Z. B. in jo la\u017eje telesno po\u0161kodoval. To\u017eilstvo je obto\u017enico vlo\u017eilo 26. avgusta, Osnovno sodi\u0161\u010de v Trebinju pa jo je potrdilo.<\/p>\n<p>Po navedbah iz obto\u017enice se je incident zgodil 25. avgusta, potem ko sta se mo\u0161ki in \u017eenska sprla, pi\u0161ejo srbski mediji.<\/p>\n<p>Prijel jo je za roki in jo udaril z glavo<\/p>\n<p>To\u017eilstvo trdi, da je mo\u0161ki po prepiru in \u017ealjenju pristopil k Z. B., jo z obema rokama prijel za roki, nato pa jo z glavo mo\u010dno udaril v \u010delo. \u017denska je po udarcu odvrgla pladenj, ki ga je dr\u017eala v rokah, in pomo\u010d poiskala pri svoji sestri. Ta je poklicala policijo in re\u0161evalce, pi\u0161e Kurir.rs.<\/p>\n<p>Na \u010delu je imela tri centimetre dolgo rano, zdravniki so rano oskrbeli z medicinskimi sponkami.<\/p>\n<p>To\u017eilstvo mo\u0161kemu\u00a0o\u010dita kaznivo dejanje telesne po\u0161kodbe po 131. \u010dlenu, prvem odstavku Kazenskega zakonika Republike Srbske in\u00a0za 65-letnika zahtevalo pripor.\u00a0<\/p>\n<p>O njegovi krivdi bo odlo\u010dalo sodi\u0161\u010de.<\/p>\n","protected":false},"excerpt":{"rendered":"65-letni slovenski dr\u017eavljan iz Celja se je zna\u0161el na sodi\u0161\u010du zaradi napada na \u017eensko v Trebinju, pi\u0161e Kurir.rs.\u00a0Po&hellip;\n","protected":false},"author":2,"featured_media":211415,"comment_status":"","ping_status":"","sticky":false,"template":"","format":"standard","meta":{"footnotes":"","_share_on_mastodon":"0"},"categories":[8],"tags":[944,162,779,37,13912,38,864,64,51853,63],"class_list":["post-211414","post","type-post","status-publish","format-standard","has-post-thumbnail","category-svet","tag-aretacija","tag-celje","tag-nasilje","tag-slovene","tag-slovenec","tag-slovenscina","tag-sodisce","tag-svet","tag-trebinje","tag-world"],"share_on_mastodon":{"url":"https:\/\/pubeurope.com\/@si\/117195583392308776","error":""},"_links":{"self":[{"href":"https:\/\/www.europesays.com\/si\/wp-json\/wp\/v2\/posts\/211414","targetHints":{"allow":["GET"]}}],"collection":[{"href":"https:\/\/www.europesays.com\/si\/wp-json\/wp\/v2\/posts"}],"about":[{"href":"https:\/\/www.europesays.com\/si\/wp-json\/wp\/v2\/types\/post"}],"author":[{"embeddable":true,"href":"https:\/\/www.europesays.com\/si\/wp-json\/wp\/v2\/users\/2"}],"replies":[{"embeddable":true,"href":"https:\/\/www.europesays.com\/si\/wp-json\/wp\/v2\/comments?post=211414"}],"version-history":[{"count":0,"href":"https:\/\/www.europesays.com\/si\/wp-json\/wp\/v2\/posts\/211414\/revisions"}],"wp:featuredmedia":[{"embeddable":true,"href":"https:\/\/www.europesays.com\/si\/wp-json\/wp\/v2\/media\/211415"}],"wp:attachment":[{"href":"https:\/\/www.europesays.com\/si\/wp-json\/wp\/v2\/media?parent=211414"}],"wp:term":[{"taxonomy":"category","embeddable":true,"href":"https:\/\/www.europesays.com\/si\/wp-json\/wp\/v2\/categories?post=211414"},{"taxonomy":"post_tag","embeddable":true,"href":"https:\/\/www.europesays.com\/si\/wp-json\/wp\/v2\/tags?post=211414"}],"curies":[{"name":"wp","href":"https:\/\/api.w.org\/{rel}","templated":true}]}}