{"id":211472,"date":"2026-09-01T12:26:15","date_gmt":"2026-09-01T12:26:15","guid":{"rendered":"https:\/\/www.europesays.com\/si\/211472\/"},"modified":"2026-09-01T12:26:15","modified_gmt":"2026-09-01T12:26:15","slug":"uriah-heep-in-sarah-brightman-novembra-v-ljubljani","status":"publish","type":"post","link":"https:\/\/www.europesays.com\/si\/211472\/","title":{"rendered":"Uriah Heep in Sarah Brightman novembra v Ljubljani"},"content":{"rendered":"<p>\t\t\t\t\t\t\t\t<a href=\"https:\/\/www.europesays.com\/si\/wp-content\/uploads\/2026\/09\/67089229.jpg\" itemprop=\"contentUrl\" data-size=\"1200x800\" data-large=\"https:\/\/www.europesays.com\/si\/wp-content\/uploads\/2026\/09\/67089229.jpg\"><br \/>\n\t\t\t\t\t\t\t\t\t<img decoding=\"async\" src=\"https:\/\/www.europesays.com\/si\/wp-content\/uploads\/2026\/09\/67089229.jpg\" title=\"Uriah Heep. Foto: EPA\" alt=\"Uriah Heep. Foto: EPA\"\/><br \/>\n\t\t\t\t\t\t\t\t<\/a><\/p>\n<p>\t\t\t\t\t\t\t\t\tUriah Heep. Foto: EPA<\/p>\n<p>\t\t\t\t\t\t\t<a id=\"preferredSourceBanner\" href=\"https:\/\/www.rtvslo.si\/zabava-in-slog\/napovedujemo\/uriah-heep-in-sarah-brightman-novembra-v-ljubljani\/javascript:void(0)\" target=\"_blank\" class=\"d-none align-items-center justify-content-between rounded my-3\" style=\"padding: 10px 15px;\" rel=\"nofollow noopener\"><br \/>\n\t\t\t\t\t\t<img decoding=\"async\" src=\"https:\/\/img.rtvslo.si\/_static\/novi\/img\/ico-google.svg\" class=\"flex-shrink-0 mr-3\" aria-hidden=\"true\"\/><br \/>\n\t\t\t\t\t\tSpremljajte RTVSLO.si kot prednostni vir na Google<\/p>\n<p>\t\t\t\t\t<\/a><\/p>\n<p>Uriah Heep sodijo med legende britanskega hard rocka. Skupina, nastala konec 60. let, se po ve\u010d kot 55 letih delovanja pripravlja na svojo zadnjo svetovno turnejo, ki jo bo za\u010dela konec oktobra na Nizozemskem. Obiskovalce, pred katerimi je zadnja prilo\u017enost, da jih do\u017eivijo v \u017eivo, \u010dakajo uspe\u0161nice, kot so Easy Livin&#8217;, Lady in Black, The Wizard in July Morning.<\/p>\n<p>Oglas<\/p>\n<p>\t\t\t\t\t\t\tUriah Heep &#8211; Lady in Black (Videoclip)<\/p>\n<p>Ljubljanski koncert bo njihov edini nastop v tem delu regije, kjer imajo \u017ee desetletja svoje ob\u010dinstvo. Njihovi slovenski obo\u017eevalci jih bodo lahko spet sli\u0161ali po skoraj 15 letih, so zapisali pri ponudnikih vstopnic.<\/p>\n<p>Skupina je \u0161e ena zadnjih izvajalcev iz zlate dobe progresivnega britanskega hard rocka, ki so ga zaznamovali skupaj z zasedbami, kot so Led Zeppelin, Deep Purple in Black Sabbath. Svojo pot so nakazali leta 1970 s prvencem Very &#8216;Eavy, Very &#8216;Umble, temu pa je sledilo ve\u010d kot 20 studijskih albumov, zadnji Chaos &amp; Colour je iz leta 2023, ter ve\u010d kot 40 milijonov prodanih plo\u0161\u010d po svetu. Bili so tudi ena prvih zahodnih rock skupin, ki so nastopili v vzhodni Evropi. Skupino vodi njen ustanovitelj, kitarist Mick Box.<\/p>\n<p>\t\t\t\t\t\t\t\t<a href=\"https:\/\/www.europesays.com\/si\/wp-content\/uploads\/2026\/09\/67089230.jpg\" itemprop=\"contentUrl\" data-size=\"1200x800\" data-large=\"https:\/\/www.europesays.com\/si\/wp-content\/uploads\/2026\/09\/67089230.jpg\"><br \/>\n\t\t\t\t\t\t\t\t\t<img decoding=\"async\" src=\"https:\/\/www.europesays.com\/si\/wp-content\/uploads\/2026\/09\/67089230.jpg\" title=\"Sarah Brightman. Foto: EPA\" alt=\"Sarah Brightman. Foto: EPA\"\/><br \/>\n\t\t\t\t\t\t\t\t<\/a><\/p>\n<p>\t\t\t\t\t\t\t\t\tSarah Brightman. Foto: EPA<\/p>\n<p>Sopranistka Sarah Brightman bo v Sto\u017eicah nastopila v sklopu turneje A Winter Symphony. Ob\u010dinstvu po napovedih organizatorjev pripravlja velik glasbeno-scenski spektakel, ki bo zdru\u017eil njen prepoznaven glas, razko\u0161no produkcijo in glasbo, ki je zaznamovala njeno kariero.<\/p>\n<p>\t\t\t\t\t\t\tAndrea Bocelli, Sarah Brightman &#8211; Time To Say Goodbye (Live From Teatro Del Silenzio, Italy \/ 2007)<\/p>\n<p>Njena pot do statusa svetovne zvezde je nelo\u010dljivo povezana z enim najbolj znanih muzikalov vseh \u010dasov, Fantomom iz opere. Vloga Christine Daae, ki jo je Andrew Lloyd Webber ustvaril posebej za njen glas, je bila prelomnica v njeni karieri in jo je izstrelila med najve\u010dje svetovne glasbene zvezde. Od takrat je zgradila impresivno mednarodno kariero, izdala ve\u010d uspe\u0161nih albumov, razprodala koncertne dvorane po vsem svetu in postala sinonim za glasbo, ki bri\u0161e meje med opero, klasi\u010dno glasbo in popom.<\/p>\n<p>Poslu\u0161alci jo morda najbolje poznajo po skladbi Time to Say Goodbye, ki jo je leta 1996 odpela v duetu z italijanskim tenoristom Andreo Bocellijem.<\/p>\n<p>Oglas<\/p>\n","protected":false},"excerpt":{"rendered":"Uriah Heep. Foto: EPA Spremljajte RTVSLO.si kot prednostni vir na Google Uriah Heep sodijo med legende britanskega hard&hellip;\n","protected":false},"author":2,"featured_media":211473,"comment_status":"","ping_status":"","sticky":false,"template":"","format":"standard","meta":{"footnotes":"","_share_on_mastodon":"0"},"categories":[21],"tags":[124,22794,62,37,58,60,38,51872],"class_list":["post-211472","post","type-post","status-publish","format-standard","has-post-thumbnail","category-ljubljana","tag-ljubljana","tag-sarah-brightman","tag-si","tag-slovene","tag-slovenia","tag-slovenija","tag-slovenscina","tag-uriah-heep"],"share_on_mastodon":{"url":"https:\/\/pubeurope.com\/@si\/117195780318601286","error":""},"_links":{"self":[{"href":"https:\/\/www.europesays.com\/si\/wp-json\/wp\/v2\/posts\/211472","targetHints":{"allow":["GET"]}}],"collection":[{"href":"https:\/\/www.europesays.com\/si\/wp-json\/wp\/v2\/posts"}],"about":[{"href":"https:\/\/www.europesays.com\/si\/wp-json\/wp\/v2\/types\/post"}],"author":[{"embeddable":true,"href":"https:\/\/www.europesays.com\/si\/wp-json\/wp\/v2\/users\/2"}],"replies":[{"embeddable":true,"href":"https:\/\/www.europesays.com\/si\/wp-json\/wp\/v2\/comments?post=211472"}],"version-history":[{"count":0,"href":"https:\/\/www.europesays.com\/si\/wp-json\/wp\/v2\/posts\/211472\/revisions"}],"wp:featuredmedia":[{"embeddable":true,"href":"https:\/\/www.europesays.com\/si\/wp-json\/wp\/v2\/media\/211473"}],"wp:attachment":[{"href":"https:\/\/www.europesays.com\/si\/wp-json\/wp\/v2\/media?parent=211472"}],"wp:term":[{"taxonomy":"category","embeddable":true,"href":"https:\/\/www.europesays.com\/si\/wp-json\/wp\/v2\/categories?post=211472"},{"taxonomy":"post_tag","embeddable":true,"href":"https:\/\/www.europesays.com\/si\/wp-json\/wp\/v2\/tags?post=211472"}],"curies":[{"name":"wp","href":"https:\/\/api.w.org\/{rel}","templated":true}]}}