{"id":211536,"date":"2026-09-01T13:22:26","date_gmt":"2026-09-01T13:22:26","guid":{"rendered":"https:\/\/www.europesays.com\/si\/211536\/"},"modified":"2026-09-01T13:22:26","modified_gmt":"2026-09-01T13:22:26","slug":"fazaniranje-sredi-maribora-se-je-sprevrglo-v-totalni-kaos-posredovali-tudi-resevalci","status":"publish","type":"post","link":"https:\/\/www.europesays.com\/si\/211536\/","title":{"rendered":"&#8220;Fazaniranje&#8221; sredi Maribora, se je sprevrglo v totalni kaos. Posredovali tudi re\u0161evalci"},"content":{"rendered":"<p class=\"isSelectedEnd\">Prvi \u0161olski dan bi moral biti za otroke predvsem vesel in brezskrben za\u010detek novega \u0161olskega leta, a je bilo danes v sredi\u0161\u010du Maribora dogajanje precej druga\u010dno. <\/p>\n<p class=\"isSelectedEnd\">Med dijaki prvih letnikov in starej\u0161ih dijakov otroki naj bi pri\u0161lo do mno\u017ei\u010dnega obmetavanja z jajci in moko, situacijo pa so dodatno zaostrili tudi spreji, s katerimi so posamezniki barvali kovinske povr\u0161ine. Nekateri so potrebovali tudi zdravni\u0161ko pomo\u010d.\u00a0<\/p>\n<p class=\"isSelectedEnd\"> Prvi \u0161olski dan bi moral biti za otroke predvsem vesel in brezskrben za\u010detek novega \u0161olskega leta, a je bilo danes v sredi\u0161\u010du Maribora dogajanje precej druga\u010dno. Med otroki naj bi pri\u0161lo do mno\u017ei\u010dnega obmetavanja z jajci in moko, situacijo pa so dodatno zaostrili tudi spreji, s katerimi so posamezniki barvali kovinske povr\u0161ine.<\/p>\n<p class=\"isSelectedEnd\">Po informacijah s kraja dogajanja je bilo v sredi\u0161\u010du mesta mogo\u010de opaziti ve\u010djo skupino mladih, ki so prvi \u0161olski dan zaznamovali na precej neobi\u010dajen na\u010din. Po otrocih naj bi letela jajca in moka, zaradi \u010desar so bili nekateri mimoido\u010di in udele\u017eenci popolnoma popackani. \u0160e ve\u010djo zaskrbljenost pa naj bi povzro\u010dil vonj po sprejih za barvanje kovine. Tak\u0161ni izdelki lahko vsebujejo snovi, katerih vdihavanje v ve\u010djih koli\u010dinah ni primerno, zato je bilo dogajanje \u0161e posebej problemati\u010dno v mno\u017eici mladih.<\/p>\n<p class=\"isSelectedEnd\">Po navedbah portala Ve\u010der je bilo dogajanje tako intenzivno, da je eno od deklet celo izgubilo zavest. Okoli\u0161\u010dine dogodka za zdaj niso jasne, prav tako ni mogo\u010de z gotovostjo trditi, kaj je bilo neposredno povezano z njeno slabostjo. Je pa dogodek je med prisotnimi razumljivo povzro\u010dil precej\u0161nje razburjenje. Prvi \u0161olski dan, ki bi moral biti namenjen predvsem sre\u010danju s so\u0161olci, veselju in za\u010detku novega poglavja, se je tako za nekatere spremenil v precej neprijetno izku\u0161njo.<\/p>\n<p>\u00a0<\/p>\n","protected":false},"excerpt":{"rendered":"Prvi \u0161olski dan bi moral biti za otroke predvsem vesel in brezskrben za\u010detek novega \u0161olskega leta, a je&hellip;\n","protected":false},"author":2,"featured_media":211537,"comment_status":"","ping_status":"","sticky":false,"template":"","format":"standard","meta":{"footnotes":"","_share_on_mastodon":"0"},"categories":[22],"tags":[47380,6324,51883,51839,51884,150,62,37,58,60,38,5097],"class_list":["post-211536","post","type-post","status-publish","format-standard","has-post-thumbnail","category-maribor","tag-dekleta","tag-dijaki","tag-fanti","tag-fazaniranje","tag-izzivljanje","tag-maribor","tag-si","tag-slovene","tag-slovenia","tag-slovenija","tag-slovenscina","tag-zdravniska-pomoc"],"share_on_mastodon":{"url":"https:\/\/pubeurope.com\/@si\/117196000171751093","error":""},"_links":{"self":[{"href":"https:\/\/www.europesays.com\/si\/wp-json\/wp\/v2\/posts\/211536","targetHints":{"allow":["GET"]}}],"collection":[{"href":"https:\/\/www.europesays.com\/si\/wp-json\/wp\/v2\/posts"}],"about":[{"href":"https:\/\/www.europesays.com\/si\/wp-json\/wp\/v2\/types\/post"}],"author":[{"embeddable":true,"href":"https:\/\/www.europesays.com\/si\/wp-json\/wp\/v2\/users\/2"}],"replies":[{"embeddable":true,"href":"https:\/\/www.europesays.com\/si\/wp-json\/wp\/v2\/comments?post=211536"}],"version-history":[{"count":0,"href":"https:\/\/www.europesays.com\/si\/wp-json\/wp\/v2\/posts\/211536\/revisions"}],"wp:featuredmedia":[{"embeddable":true,"href":"https:\/\/www.europesays.com\/si\/wp-json\/wp\/v2\/media\/211537"}],"wp:attachment":[{"href":"https:\/\/www.europesays.com\/si\/wp-json\/wp\/v2\/media?parent=211536"}],"wp:term":[{"taxonomy":"category","embeddable":true,"href":"https:\/\/www.europesays.com\/si\/wp-json\/wp\/v2\/categories?post=211536"},{"taxonomy":"post_tag","embeddable":true,"href":"https:\/\/www.europesays.com\/si\/wp-json\/wp\/v2\/tags?post=211536"}],"curies":[{"name":"wp","href":"https:\/\/api.w.org\/{rel}","templated":true}]}}