{"id":211578,"date":"2026-09-01T13:50:07","date_gmt":"2026-09-01T13:50:07","guid":{"rendered":"https:\/\/www.europesays.com\/si\/211578\/"},"modified":"2026-09-01T13:50:07","modified_gmt":"2026-09-01T13:50:07","slug":"janez-jansa-je-uresnicil-svoj-ultimat-robertu-golobu-zakaj-smo-to-izvedeli-sele-zdaj","status":"publish","type":"post","link":"https:\/\/www.europesays.com\/si\/211578\/","title":{"rendered":"Janez Jan\u0161a je uresni\u010dil svoj ultimat Robertu Golobu. Zakaj smo to izvedeli \u0161ele zdaj?"},"content":{"rendered":"<p>Danes v nekaterih slovenskih medijih odmeva zgodba, da predsednik vlade in prvak stranke SDS Janez Jan\u0161a to\u017ei nekdanjega premierja, zdaj pa poslanca stranke Gibanje Svoboda Roberta Goloba. Jan\u0161a v to\u017ebi zahteva, da Golob prekli\u010de izjave, izre\u010dene med predvolilno kampanjo, ko je Golob Jan\u0161i med drugim o\u010dital veleizdajo in &#8220;prodajo domovine&#8221;. To\u017ebo proti Golobu je Janez Jan\u0161a prek odvetni\u0161ke pisarne Matoz sicer vlo\u017eil \u017ee konec marca letos, ko se je iztekel 24-urni ultimat, ki ga je Jan\u0161a za preklic izjav in opravi\u010dilo dal Golobu.<\/p>\n<p>                    Kaj Jan\u0161a v to\u017ebi o\u010dita in zahteva od Roberta Goloba<\/p>\n<p>Da je Janez Jan\u0161a vlo\u017eil to\u017ebo proti Robertu Golobu, je danes prvi poro\u010dal spletni portal N1 Slovenija. Razlog za to\u017ebo so izjave, ki jih je nekdanji premier\u00a0Golob izrekel v \u010dasu kampanje pred mar\u010devskimi dr\u017eavnozborskimi volitvami. Golob je Jan\u0161o v televizijskih nastopih\u00a0takrat obto\u017eil veleizdaje, prodaje domovine in sodelovanja z mednarodno kriminalno zdru\u017ebo. Podlaga za besede Goloba je bila domnevna prislu\u0161kovalska afera Black Cube, imenovana po istoimenski izraelski zasebni obve\u0161\u010devalni agenciji.<\/p>\n<p>Jan\u0161a od Goloba zahteva, da sporne izjave prekli\u010de, se predsedniku vlade javno opravi\u010di in z dru\u017ebenih omre\u017eij izbri\u0161e vse objave, v katerih so njegove obto\u017ebe na ra\u010dun Janeza Jan\u0161a. Zahteva tudi povra\u010dilo stro\u0161kov sodnega postopka.<\/p>\n<p><img decoding=\"async\" alt=\"Robert Golob je julija letos prek svojega odvetnika Stojana Zdol\u0161ka sodi\u0161\u010du je predlagal, da to\u017ebeni zahtevek Janeza Jan\u0161e v celoti zavrne kot neutemeljen in mu nalo\u017ei pla\u010dilo pravdnih stro\u0161kov. | Foto: Bojan Puhek\" class=\"article_content__inline_image js_imageLightbox is-clickable\" data-author=\"Bojan Puhek\" data-caption=\"Robert Golob je julija letos prek svojega odvetnika Stojana Zdol\u0161ka sodi\u0161\u010du je predlagal, da to\u017ebeni zahtevek Janeza Jan\u0161e v celoti zavrne kot neutemeljen in mu nalo\u017ei pla\u010dilo pravdnih stro\u0161kov.\" data-height=\"2668\" data-href=\"https:\/\/siol.net\/media\/img\/3e\/97\/8ddb27b6ed3c22bc90c8-predaja-poslov-robert-golob-janez-jansa.jpeg\" data-width=\"4000\" loading=\"lazy\" src=\"\/media\/img\/40\/89\/46f6c497099bf488ad58-predaja-poslov-robert-golob-janez-jansa.jpeg\" title=\"Predaja poslov Robert Golob Janez Jan\u0161a.\"\/><\/p>\n<p> Robert Golob je julija letos prek svojega odvetnika Stojana Zdol\u0161ka sodi\u0161\u010du je predlagal, da to\u017ebeni zahtevek Janeza Jan\u0161e v celoti zavrne kot neutemeljen in mu nalo\u017ei pla\u010dilo pravdnih stro\u0161kov.<br \/>\n Foto: Bojan Puhek <\/p>\n<p>Jan\u0161a Goloba to\u017ei \u017ee od konca marca letos<\/p>\n<p><a href=\"https:\/\/siol.net\/novice\/slovenija\/jansa-zahteva-opravicilo-sicer-napoveduje-tozbo-687959\" target=\"_blank\" rel=\"nofollow noopener\">Da bo to\u017eil Goloba, pa tudi poslanca Levice Luko Mesca, je Janez Jan\u0161a sicer napovedal \u017ee 27. marca letos.<\/a> Takrat je prek svojega odvetnika Francija Matoza, ki je zdaj slovenski notranji minister,\u00a0obema postavil ultimat, naj v\u00a024 urah prekli\u010deta izjave, v katerih sta predsedniku SDS med volilno kampanjo o\u010ditala sodelovanje z Izraelci pri vpletanju v volitve in korupcijo.<\/p>\n<p>Tako Golob kot Mesec sta vnaprej napovedala, da tega ne bosta storila. Kot pi\u0161e N1, je odvetni\u0161ka pisarna Matoz nato konec marca 2026 vlo\u017eila to\u017ebo proti Robertu Golobu. To\u017ebe proti Luki Mescu ne omenjajo.<\/p>\n<p><img decoding=\"async\" alt=\"To\u017ebo zoper Roberta Goloba je konec marca 2026 vlo\u017eil takratni odvetnik Janeza Jan\u0161e Franci Matoz.  | Foto: STA\" class=\"article_content__inline_image js_imageLightbox is-clickable\" data-author=\"STA\" data-caption=\"To\u017ebo zoper Roberta Goloba je konec marca 2026 vlo\u017eil takratni odvetnik Janeza Jan\u0161e Franci Matoz. \" data-height=\"1066\" data-href=\"https:\/\/siol.net\/media\/img\/40\/57\/8bae327c3a479a629d57-franci-matoz.jpeg\" data-width=\"1600\" loading=\"lazy\" src=\"\/media\/img\/3a\/f5\/6fe85fa7cfccb025748d-franci-matoz.jpeg\" title=\"Franci Matoz\"\/><\/p>\n<p> To\u017ebo zoper Roberta Goloba je konec marca 2026 vlo\u017eil takratni odvetnik Janeza Jan\u0161e Franci Matoz.<br \/>\n Foto: STA <\/p>\n<p>Stara to\u017eba, nova dimna bomba?<\/p>\n<p>Zakaj je novica o to\u017ebi Jan\u0161e proti Golobu v javnost pri\u0161la \u0161ele zdaj, \u010deprav je bila to\u017eba vlo\u017eena \u017ee pred ve\u010d kot petimi meseci, ni znano. N1, ki je prvi razkril vsebino to\u017ebe, tega v \u010dlanku ne pojasnjuje.\u00a0<\/p>\n<p class=\"lightbluebox\">Robert Golob je \u017ee julija letos prek svojega odvetnika Stojana Zdol\u0161ka sodi\u0161\u010du medtem predlagal, da to\u017ebeni zahtevek Janeza Jan\u0161e v celoti zavrne kot neutemeljen in mu nalo\u017ei pla\u010dilo pravdnih stro\u0161kov.<\/p>\n<p>V za\u010detku tega tedna je sicer odjeknila tudi novica, da je specializirano dr\u017eavno to\u017eilstvo predsednika DZ Zorana Stevanovi\u0107a obvestilo, da so izpolnjeni pogoji za za\u010detek kazenskega postopka zoper prvaka Svobode Roberta Goloba, ker naj bi kot predsednik vlade storil kaznivo dejanje nedovoljenega dajanja daril za nezakonito posredovanje.<\/p>\n<p>Golobov odvetnik Stojan Zdol\u0161ek je kasneje potrdil, da gre za zadevo Bobnar. Golob se ne bo skliceval na poslansko imuniteto, tudi mandatnovolilna komisija DZ pa je predlagala, da se nekdanjemu premierju, zdaj pa poslancu Svobode, ta ne prizna. Kon\u010dno odlo\u010ditev o tem bo v sredo sprejel DZ.\u00a0<\/p>\n","protected":false},"excerpt":{"rendered":"Danes v nekaterih slovenskih medijih odmeva zgodba, da predsednik vlade in prvak stranke SDS Janez Jan\u0161a to\u017ei nekdanjega&hellip;\n","protected":false},"author":2,"featured_media":211579,"comment_status":"","ping_status":"","sticky":false,"template":"","format":"standard","meta":{"footnotes":"","_share_on_mastodon":"0"},"categories":[20],"tags":[31108,32,51,35,31,34,36,50,37,38,864,33,2269],"class_list":["post-211578","post","type-post","status-publish","format-standard","has-post-thumbnail","category-novice","tag-franci-matoz","tag-headlines","tag-janez-jansa","tag-najpomembnejse-novice","tag-news","tag-novice","tag-osrednje-novice","tag-robert-golob","tag-slovene","tag-slovenscina","tag-sodisce","tag-top-stories","tag-tozba"],"share_on_mastodon":{"url":"https:\/\/pubeurope.com\/@si\/117196110474935441","error":""},"_links":{"self":[{"href":"https:\/\/www.europesays.com\/si\/wp-json\/wp\/v2\/posts\/211578","targetHints":{"allow":["GET"]}}],"collection":[{"href":"https:\/\/www.europesays.com\/si\/wp-json\/wp\/v2\/posts"}],"about":[{"href":"https:\/\/www.europesays.com\/si\/wp-json\/wp\/v2\/types\/post"}],"author":[{"embeddable":true,"href":"https:\/\/www.europesays.com\/si\/wp-json\/wp\/v2\/users\/2"}],"replies":[{"embeddable":true,"href":"https:\/\/www.europesays.com\/si\/wp-json\/wp\/v2\/comments?post=211578"}],"version-history":[{"count":0,"href":"https:\/\/www.europesays.com\/si\/wp-json\/wp\/v2\/posts\/211578\/revisions"}],"wp:featuredmedia":[{"embeddable":true,"href":"https:\/\/www.europesays.com\/si\/wp-json\/wp\/v2\/media\/211579"}],"wp:attachment":[{"href":"https:\/\/www.europesays.com\/si\/wp-json\/wp\/v2\/media?parent=211578"}],"wp:term":[{"taxonomy":"category","embeddable":true,"href":"https:\/\/www.europesays.com\/si\/wp-json\/wp\/v2\/categories?post=211578"},{"taxonomy":"post_tag","embeddable":true,"href":"https:\/\/www.europesays.com\/si\/wp-json\/wp\/v2\/tags?post=211578"}],"curies":[{"name":"wp","href":"https:\/\/api.w.org\/{rel}","templated":true}]}}