{"id":211630,"date":"2026-09-01T14:25:09","date_gmt":"2026-09-01T14:25:09","guid":{"rendered":"https:\/\/www.europesays.com\/si\/211630\/"},"modified":"2026-09-01T14:25:09","modified_gmt":"2026-09-01T14:25:09","slug":"drama-na-dolenjski-avtocesti-poskodovana-policistka-in-vec-policijskih-vozil","status":"publish","type":"post","link":"https:\/\/www.europesays.com\/si\/211630\/","title":{"rendered":"Drama na dolenjski avtocesti: po\u0161kodovana policistka in ve\u010d policijskih vozil"},"content":{"rendered":"<p>Policisti so po prijavi nezanesljive vo\u017enje na obmo\u010dju Krtine izsledili voznika, ki ni upo\u0161teval njihovih znakov za ustavitev. Po zasledovanju po dolenjski avtocesti so ga s pomo\u010djo stingerja ustavili pri Ivan\u010dni Gorici. Med postopkom je po\u0161kodoval ve\u010d policijskih vozil, la\u017eje pa je bila po\u0161kodovana tudi policistka, so pojasnili na PU Ljubljana.<\/p>\n<p>Kot so za STA pojasnili na Policijski upravi (PU) Ljubljana, so bili dopoldne obve\u0161\u010deni o nezanesljivi vo\u017enji voznika, ki je s svojo vo\u017enjo ogro\u017eal druge udele\u017eence. Policisti so ga izsledili in za\u010deli ustavljati na obmo\u010dju Krtine. Voznik ni ustavil na znake policije ter je vozil naprej proti Ljubljani in nato po avtocesti v smeri Dolenjske.<\/p>\n<p>Med zasledovanjem je sicer vozil upo\u010dasnjeno, vendar kljub ve\u010dkratnim jasnim znakom, naj ustavi, tega ni storil. Na obmo\u010dju Ivan\u010dne Gorice so uporabili tudi prisilno sredstvo za ustavljanje vozil stinger, voznika pa so policisti za tem uspeli ustaviti. Med poskusi ustavitve je tr\u010dil in po\u0161kodoval ve\u010d slu\u017ebenih vozil policije, pri \u010demer ni bil nih\u010de po\u0161kodovan.<\/p>\n<p>V postopku se je uprl in so zoper njega uporabili prisilna sredstva. Pri tem je bila la\u017eje po\u0161kodovana policistka. Policisti nadaljujejo zbiranje obvestil o vseh okoli\u0161\u010dinah dogodka, med drugim zaradi nevarne vo\u017enje in prepre\u010ditve uradnega dejanja. O vseh ugotovitvah bodo obvestili pristojno okro\u017eno dr\u017eavno to\u017eilstvo. V \u010dasu intervencije je bila zaradi varnosti zaprta avtocesta med Bi\u010dem in Trebnjem v smeri Novega mesta.<\/p>\n<p>Poleg tega je zaradi prometne nesre\u010de na \u0161tajerski avtocesti zaprt prehitevalni pas pri Kompoljah proti Ljubljani. Zastoji pa so na \u0161tajerski avtocesti pred delovno zaporo pri Dom\u017ealah na dolenjski avtocesti med Vi\u0161njo Goro in Ivan\u010dno Gorico proti Novemu mestu ter med Bi\u010dem in Ivan\u010dno Gorico proti Ljubljani. Na ljubljanski obvoznici je zastoj od Kosez in od priklju\u010dka Ljubljana Center proti Brezovici. Zastoji so tudi na primorski avtocesti, in sicer od Unca proti Postojni in od Postojne proti Uncu. Zastoji so \u0161e na cestah Valeta-Izola, \u0160marje-Koper, Lesce-Bled, Bohinjska Bela-Bled in Ljubljana-Brezovica.<\/p>\n","protected":false},"excerpt":{"rendered":"Policisti so po prijavi nezanesljive vo\u017enje na obmo\u010dju Krtine izsledili voznika, ki ni upo\u0161teval njihovih znakov za ustavitev.&hellip;\n","protected":false},"author":2,"featured_media":211631,"comment_status":"","ping_status":"","sticky":false,"template":"","format":"standard","meta":{"footnotes":"","_share_on_mastodon":"0"},"categories":[6],"tags":[51507,731,6455,4409,1764,6454,36940,181,2052,326,504,827,59,61,62,37,58,60,38,9893],"class_list":["post-211630","post","type-post","status-publish","format-standard","has-post-thumbnail","category-slovenija","tag-a2","tag-avtocesta","tag-bic","tag-cesta","tag-dolenjska","tag-dolenjska-avtocesta","tag-medvedjek","tag-novo-mesto","tag-pobeg","tag-policija","tag-policisti","tag-promet","tag-republic-of-slovenia","tag-republika-slovenija","tag-si","tag-slovene","tag-slovenia","tag-slovenija","tag-slovenscina","tag-trebnje"],"share_on_mastodon":{"url":"https:\/\/pubeurope.com\/@si\/117196248158124659","error":""},"_links":{"self":[{"href":"https:\/\/www.europesays.com\/si\/wp-json\/wp\/v2\/posts\/211630","targetHints":{"allow":["GET"]}}],"collection":[{"href":"https:\/\/www.europesays.com\/si\/wp-json\/wp\/v2\/posts"}],"about":[{"href":"https:\/\/www.europesays.com\/si\/wp-json\/wp\/v2\/types\/post"}],"author":[{"embeddable":true,"href":"https:\/\/www.europesays.com\/si\/wp-json\/wp\/v2\/users\/2"}],"replies":[{"embeddable":true,"href":"https:\/\/www.europesays.com\/si\/wp-json\/wp\/v2\/comments?post=211630"}],"version-history":[{"count":0,"href":"https:\/\/www.europesays.com\/si\/wp-json\/wp\/v2\/posts\/211630\/revisions"}],"wp:featuredmedia":[{"embeddable":true,"href":"https:\/\/www.europesays.com\/si\/wp-json\/wp\/v2\/media\/211631"}],"wp:attachment":[{"href":"https:\/\/www.europesays.com\/si\/wp-json\/wp\/v2\/media?parent=211630"}],"wp:term":[{"taxonomy":"category","embeddable":true,"href":"https:\/\/www.europesays.com\/si\/wp-json\/wp\/v2\/categories?post=211630"},{"taxonomy":"post_tag","embeddable":true,"href":"https:\/\/www.europesays.com\/si\/wp-json\/wp\/v2\/tags?post=211630"}],"curies":[{"name":"wp","href":"https:\/\/api.w.org\/{rel}","templated":true}]}}