{"id":211634,"date":"2026-09-01T14:27:14","date_gmt":"2026-09-01T14:27:14","guid":{"rendered":"https:\/\/www.europesays.com\/si\/211634\/"},"modified":"2026-09-01T14:27:14","modified_gmt":"2026-09-01T14:27:14","slug":"blaz-kramer-okrepitev-celja-v-napadu-2","status":"publish","type":"post","link":"https:\/\/www.europesays.com\/si\/211634\/","title":{"rendered":"Bla\u017e Kramer okrepitev Celja v napadu"},"content":{"rendered":"<p>\t\t\t\t\t\t\t\t<a href=\"https:\/\/www.europesays.com\/si\/wp-content\/uploads\/2026\/09\/1788272832_117_67089393.jpg\" itemprop=\"contentUrl\" data-size=\"1200x800\" data-large=\"https:\/\/www.europesays.com\/si\/wp-content\/uploads\/2026\/09\/1788272832_117_67089393.jpg\"><br \/>\n\t\t\t\t\t\t\t\t\t<img decoding=\"async\" src=\"https:\/\/www.europesays.com\/si\/wp-content\/uploads\/2026\/09\/1788272832_117_67089393.jpg\" title=\"Pri 30 letih bo Bla\u017e Kramer prvi\u010d zaigral za glavni klub v doma\u010dem mestu, saj se je kot otrok in mladinec kalil pri \u0160ampionu. Foto: NK Celje\" alt=\"Pri 30 letih bo Bla\u017e Kramer prvi\u010d zaigral za glavni klub v doma\u010dem mestu, saj se je kot otrok in mladinec kalil pri \u0160ampionu. Foto: NK Celje\"\/><br \/>\n\t\t\t\t\t\t\t\t<\/a><\/p>\n<p>\t\t\t\t\t\t\t\t\tPri 30 letih bo Bla\u017e Kramer prvi\u010d zaigral za glavni klub v doma\u010dem mestu, saj se je kot otrok in mladinec kalil pri \u0160ampionu. Foto: NK Celje<\/p>\n<p>\t\t\t\t\t\t\t<a id=\"preferredSourceBanner\" href=\"https:\/\/www.rtvslo.si\/sport\/blaz-kramer-okrepitev-celja-v-napadu\/javascript:void(0)\" target=\"_blank\" class=\"d-none align-items-center justify-content-between rounded my-3\" style=\"padding: 10px 15px;\" rel=\"nofollow noopener\"><br \/>\n\t\t\t\t\t\t<img decoding=\"async\" src=\"https:\/\/img.rtvslo.si\/_static\/novi\/img\/ico-google.svg\" class=\"flex-shrink-0 mr-3\" aria-hidden=\"true\"\/><br \/>\n\t\t\t\t\t\tSpremljajte RTVSLO.si kot prednostni vir na Google<\/p>\n<p>\t\t\t\t\t<\/a><\/p>\n<p>Po Benjaminu Verbi\u010du se v doma\u010de okolje vra\u010da tudi Bla\u017e Kramer. Celjan, ki bo sploh prvi\u010d zaigral za Celje, je nogometno pot za\u010del pri drugem celjskem klubu \u0160ampionu.<\/p>\n<p>Oglas<\/p>\n<p>Celjani so se uvrstili v Evropsko ligo, zaradi \u010desar jih \u010daka naporna jesen, so\u010dasno pa morajo v tem \u010dasu odigrati \u0161e dve zaostali tekmi Prve lige, ki so jih prestavili zaradi kvalifikacij za Ligo prvakov. Nogometni raj in 14,33 milijona evrov je Celju izpolzelo iz rok v podalj\u0161ku povratne tekme s Slovanom iz Bratislave. <\/p>\n<p>Visokorasla okrepitev konice napada<br \/>\n\t\t\t\t\t\t\t\t<a href=\"https:\/\/www.europesays.com\/si\/wp-content\/uploads\/2026\/09\/1788272834_220_66128518.jpg\" itemprop=\"contentUrl\" data-size=\"1200x800\" data-large=\"https:\/\/www.europesays.com\/si\/wp-content\/uploads\/2026\/09\/1788272834_220_66128518.jpg\"><br \/>\n\t\t\t\t\t\t\t\t\t<img decoding=\"async\" src=\"https:\/\/www.europesays.com\/si\/wp-content\/uploads\/2026\/09\/1788272834_220_66128518.jpg\" title=\"Za Legio je na 57 tekmah dosegel 17 golov, kolikor jih je zbral tudi na 51 tekmah za Konyaspor. Foto: EPA\" alt=\"Za Legio je na 57 tekmah dosegel 17 golov, kolikor jih je zbral tudi na 51 tekmah za Konyaspor. Foto: EPA\"\/><br \/>\n\t\t\t\t\t\t\t\t<\/a><\/p>\n<p>\t\t\t\t\t\t\t\t\tZa Legio je na 57 tekmah dosegel 17 golov, kolikor jih je zbral tudi na 51 tekmah za Konyaspor. Foto: EPA<\/p>\n<p>Ob predstavah v Evropi kot ob nedeljskem visokem porazu pri novincu Brinju (1:4) je v o\u010di bodla neu\u010dinkovitost napadalcev. Armandas Ku\u010dys je razgla\u0161en in dale\u010d od forme izpred te\u017eje po\u0161kodbe, zaradi \u010desar ni bila skrivnost, da v mestu ob Savinji i\u0161\u010dejo okrepitev za konico napada.<\/p>\n<p>Kar 191 cm visoki Kramer je v \u010dlanski karieri odigral 299 tekem ter pri tem dosegel 93 golov in prispeval 34 podaj. V pisani karieri je bil \u017ee prvak \u0160vice (Z\u00fcrich 2022), pokalni prvak Poljske (Legia Var\u0161ava 2023) in prvak nem\u0161ke tretje lige (Wolfsburg II 2019). Za reprezentanco Slovenije je prvi\u010d zaigral leta 2020, doslej pa je zbral 10 nastopov, na prvi zadetek v majici z grobom pa \u0161e \u010daka.<\/p>\n<p>Glavni postanki v karieri Z\u00fcrich, Legia in Konyaspor<\/p>\n<p>Kramer je bil \u010dlan \u0160ampiona bil vse do konca sezone 2015\/16, ko se je pri 20 letih preselil k Aluminiju. Po vsega enem letu v dresu Kidri\u010danov (28 nastopov, \u0161est zadetkov) se je podal na tuje in okrepil drugo ekipo nem\u0161kega prvoliga\u0161a Wolfsburga.<\/p>\n<p>Sledile so dve strelsko u\u010dinkoviti sezoni na severu Nem\u010dije (52 tekem, 30 zadetkov) in naslednja stopni\u010dka v karieri \u2013 trinajstkratni \u0161vicarski prvak Z\u00fcrich. Z dobrimi nastopi v \u0160vici se je Kramer prebil v slovensko \u010dlansko reprezentanco, za katero je debitiral septembra 2020 in za zdaj zbral deset nastopov.<\/p>\n<p>Pred odhodom v Tur\u010dijo je igral tudi v var\u0161avski Legii, v Tur\u010diji pa je v zadnjih dveh sezonah za Konyaspor dosegel 14 zadetkov v prvenstvu in dodal tri v pokalnem tekmovanju, po vmesni posoji pri Al-Okhdoodu pa se po desetih letih zdaj vra\u010da v doma\u010de okolje.<\/p>\n<p>Oglas<\/p>\n","protected":false},"excerpt":{"rendered":"Pri 30 letih bo Bla\u017e Kramer prvi\u010d zaigral za glavni klub v doma\u010dem mestu, saj se je kot&hellip;\n","protected":false},"author":2,"featured_media":211635,"comment_status":"","ping_status":"","sticky":false,"template":"","format":"standard","meta":{"footnotes":"","_share_on_mastodon":"0"},"categories":[23],"tags":[634,162,264,240,62,37,58,60,38],"class_list":["post-211634","post","type-post","status-publish","format-standard","has-post-thumbnail","category-celje","tag-blaz-kramer","tag-celje","tag-nogomet","tag-prva-liga","tag-si","tag-slovene","tag-slovenia","tag-slovenija","tag-slovenscina"],"share_on_mastodon":{"url":"https:\/\/pubeurope.com\/@si\/117196256107930524","error":""},"_links":{"self":[{"href":"https:\/\/www.europesays.com\/si\/wp-json\/wp\/v2\/posts\/211634","targetHints":{"allow":["GET"]}}],"collection":[{"href":"https:\/\/www.europesays.com\/si\/wp-json\/wp\/v2\/posts"}],"about":[{"href":"https:\/\/www.europesays.com\/si\/wp-json\/wp\/v2\/types\/post"}],"author":[{"embeddable":true,"href":"https:\/\/www.europesays.com\/si\/wp-json\/wp\/v2\/users\/2"}],"replies":[{"embeddable":true,"href":"https:\/\/www.europesays.com\/si\/wp-json\/wp\/v2\/comments?post=211634"}],"version-history":[{"count":0,"href":"https:\/\/www.europesays.com\/si\/wp-json\/wp\/v2\/posts\/211634\/revisions"}],"wp:featuredmedia":[{"embeddable":true,"href":"https:\/\/www.europesays.com\/si\/wp-json\/wp\/v2\/media\/211635"}],"wp:attachment":[{"href":"https:\/\/www.europesays.com\/si\/wp-json\/wp\/v2\/media?parent=211634"}],"wp:term":[{"taxonomy":"category","embeddable":true,"href":"https:\/\/www.europesays.com\/si\/wp-json\/wp\/v2\/categories?post=211634"},{"taxonomy":"post_tag","embeddable":true,"href":"https:\/\/www.europesays.com\/si\/wp-json\/wp\/v2\/tags?post=211634"}],"curies":[{"name":"wp","href":"https:\/\/api.w.org\/{rel}","templated":true}]}}