{"id":211646,"date":"2026-09-01T14:40:14","date_gmt":"2026-09-01T14:40:14","guid":{"rendered":"https:\/\/www.europesays.com\/si\/211646\/"},"modified":"2026-09-01T14:40:14","modified_gmt":"2026-09-01T14:40:14","slug":"pivovarji-v-novo-sezono-po-obrambo-lovorik","status":"publish","type":"post","link":"https:\/\/www.europesays.com\/si\/211646\/","title":{"rendered":"&#8220;Pivovarji&#8221; v novo sezono po obrambo lovorik"},"content":{"rendered":"<p>\t\t\t\t\t\t\t\t<a href=\"https:\/\/www.europesays.com\/si\/wp-content\/uploads\/2026\/09\/67089209.jpg\" itemprop=\"contentUrl\" data-size=\"1200x800\" data-large=\"https:\/\/www.europesays.com\/si\/wp-content\/uploads\/2026\/09\/67089209.jpg\"><br \/>\n\t\t\t\t\t\t\t\t\t<img decoding=\"async\" src=\"https:\/\/www.europesays.com\/si\/wp-content\/uploads\/2026\/09\/67089209.jpg\" title=\"Celjani so sezono sicer za\u010deli s porazom v slovenskem superpokalu, kjer je po izvajanju sedemmetrovk slavil Trimo Trebnje. Foto: www.alesfevzer.com\" alt=\"Celjani so sezono sicer za\u010deli s porazom v slovenskem superpokalu, kjer je po izvajanju sedemmetrovk slavil Trimo Trebnje. Foto: www.alesfevzer.com\"\/><br \/>\n\t\t\t\t\t\t\t\t<\/a><\/p>\n<p>\t\t\t\t\t\t\t\t\tCeljani so sezono sicer za\u010deli s porazom v slovenskem superpokalu, kjer je po izvajanju sedemmetrovk slavil Trimo Trebnje. Foto: www.alesfevzer.com<\/p>\n<p>\t\t\t\t\t\t\t<a id=\"preferredSourceBanner\" href=\"https:\/\/www.rtvslo.si\/sport\/rokomet\/pivovarji-v-novo-sezono-po-obrambo-lovorik\/javascript:void(0)\" target=\"_blank\" class=\"d-none align-items-center justify-content-between rounded my-3\" style=\"padding: 10px 15px;\" rel=\"nofollow noopener\"><br \/>\n\t\t\t\t\t\t<img decoding=\"async\" src=\"https:\/\/img.rtvslo.si\/_static\/novi\/img\/ico-google.svg\" class=\"flex-shrink-0 mr-3\" aria-hidden=\"true\"\/><br \/>\n\t\t\t\t\t\tSpremljajte RTVSLO.si kot prednostni vir na Google<\/p>\n<p>\t\t\t\t\t<\/a><\/p>\n<p>Celjski strateg Klemen Luzar je na dru\u017eenju s predstavniki sedme sile izrazil zaupanje v svoje varovance. &#8220;Ekipa je dobra, saj je sestavljena tako iz starej\u0161ih kot iz mlaj\u0161ih igralcev, ki imajo manj izku\u0161enj. Skupaj ustvarjajo dobro energijo. Navkljub porazu proti Trimu iz Trebnjega v superpokalu lahko re\u010dem, da smo delovali dobro. Mislim, da smo v primerjavi s prvimi tekmami naredili kar lep korak naprej.&#8221;<\/p>\n<p>Oglas<\/p>\n<p>Luzar bo gotovo najbolj pogre\u0161al Andra\u017ea Makuca in Luka Peri\u0107a, ki sta okrepila \u010dlana lige prvakov iz Bukare\u0161te oziroma Nantesa. Na drugi strani se je poleti v Zlatorog vrnil izku\u0161eni Ga\u0161per Margu\u010d, poleg njega pa so pivovarje okrepili \u0161e Jaka Sor\u0161ak, Luka Ka\u010di\u010dnik, Lun Klju\u010danin, Nemec Mattis Heiss, Makedonec Dimitar Uzun\u010dev in Kolumbijec Jesus Hurtado Vergara.<\/p>\n<p>Celjskemu trenerju nekaj preglavic povzro\u010dajo po\u0161kodbe, saj se bo Mai Margu\u010d na rokometna igri\u0161\u010da vrnil \u0161ele januarja prihodnje leto, medtem ko je vrnitev Ga\u0161perja Margu\u010da \u0161e neznanka. Nekaj te\u017eav ima tudi Alju\u0161 An\u017ei\u010d, a bo najverjetneje v kadru za tekmo prvega kroga dr\u017eavnega prvenstva proti Svi\u0161u iz Ivan\u010dne Gorice, ki bo na sporedu v torek ob 19. uri. Kljub vsem te\u017eavam pa Celjani ne pu\u0161\u010dajo dvoma glede osrednjega cilja mo\u0161tva v leto\u0161nji sezoni.<\/p>\n<p>Prva evropska tekma pri Zagrebu<br \/>\n\t\t\t\t\t\t\t\t<a href=\"https:\/\/www.europesays.com\/si\/wp-content\/uploads\/2026\/09\/67089207.jpg\" itemprop=\"contentUrl\" data-size=\"1200x800\" data-large=\"https:\/\/www.europesays.com\/si\/wp-content\/uploads\/2026\/09\/67089207.jpg\"><br \/>\n\t\t\t\t\t\t\t\t\t<img decoding=\"async\" src=\"https:\/\/www.europesays.com\/si\/wp-content\/uploads\/2026\/09\/67089207.jpg\" title=\"Klemen Luzar je \u010dez poletje ostal brez dveh nosilcev igre, zaradi \u010desar so pivovarji previdni pri razkrivanju evropskih ciljev. Foto: www.alesfevzer.com\" alt=\"Klemen Luzar je \u010dez poletje ostal brez dveh nosilcev igre, zaradi \u010desar so pivovarji previdni pri razkrivanju evropskih ciljev. Foto: www.alesfevzer.com\"\/><br \/>\n\t\t\t\t\t\t\t\t<\/a><\/p>\n<p>\t\t\t\t\t\t\t\t\tKlemen Luzar je \u010dez poletje ostal brez dveh nosilcev igre, zaradi \u010desar so pivovarji previdni pri razkrivanju evropskih ciljev. Foto: www.alesfevzer.com<\/p>\n<p>&#8220;Glede na dejstvo, da smo dr\u017eavni in pokalni prvaki, moramo stremeti k temu, da obe lovoriki ubranimo. Res je, da je trofeje la\u017eje osvajati kot braniti, \u010desar se tudi zavedamo,&#8221; je bil nedvoumen Luzar. Na dana\u0161nji novinarski konferenci so v klubu spregovorili tudi o rezultatskih pri\u010dakovanjih glede nastopa v Ligi prvakov, kamor se je klub vrnil po dveh letih.<\/p>\n<p>Celjani bodo nastopili v skupini C, kjer bodo njihovi tekmeci Aalborg, Paris Saint Germain in Zagreb, s katerim bodo 9. septembra v gosteh odigrali prvo tekmo skupinskega dela. &#8220;Liga prvakov spada v Celje. V njej si ne \u017eelimo zgolj nastopati, temve\u010d tudi tekmovati. V pripravljalnem obdobju smo \u017ee odigrali nekaj tekem z ekipami, ki so del tega tekmovanja, zato upam, da bomo \u017ee na prvi tekmi v Zagrebu pokazali svoj pravi obraz,&#8221; je povedal Luzar. Celje je v leto\u0161nji sezoni eden izmed sedmih klubov, ki so \u017ee osvojili naslov evropskega prvaka.<\/p>\n<p>&#8220;Zame kot Celjana je posebna \u010dast voditi mo\u0161tvo v ligi prvakov. Ko je klub leta 2004 osvojil to tekmovanje, sem bil v mno\u017eici, ki je rokometa\u0161e pri\u010dakala pred dvorano. Nekateri od igralcev se takrat niso \u0161e niti rodili. Zdaj bodo prvi\u010d nastopali v ligi prvakov. Zavedajo se, kak\u0161na \u010dast je to, a to bodo morali pokazati tudi na igri\u0161\u010du,&#8221; je o evropskih izzivih razmi\u0161ljal Luzar.<\/p>\n<p>\t\t\t\t\t\t\t\t<a href=\"https:\/\/www.europesays.com\/si\/wp-content\/uploads\/2026\/09\/67089208.jpg\" itemprop=\"contentUrl\" data-size=\"1200x800\" data-large=\"https:\/\/www.europesays.com\/si\/wp-content\/uploads\/2026\/09\/67089208.jpg\"><br \/>\n\t\t\t\t\t\t\t\t\t<img decoding=\"async\" src=\"https:\/\/www.europesays.com\/si\/wp-content\/uploads\/2026\/09\/67089208.jpg\" title=\"Jaka Sor\u0161ak je eden izmed adutov CPL-ja. Foto: www.alesfevzer.com\" alt=\"Jaka Sor\u0161ak je eden izmed adutov CPL-ja. Foto: www.alesfevzer.com\"\/><br \/>\n\t\t\t\t\t\t\t\t<\/a><\/p>\n<p>\t\t\t\t\t\t\t\t\tJaka Sor\u0161ak je eden izmed adutov CPL-ja. Foto: www.alesfevzer.com<\/p>\n<p>\t\t\t\t\t\t\tLiga prvakov se vra\u010da v Zlatorog<\/p>\n<p>Pred za\u010detkom nove sezone je bil precej optimisti\u010den tudi kapetan mo\u0161tva \u017diga Mlakar. &#8220;Za\u010detek sezone se sicer ni za\u010del po na\u0161ih \u017eeljah, a mislim, da smo vseeno prikazali dobro predstavo. Za uspeh pa nam je zmanjkal kan\u010dek \u0161portne sre\u010de. Vsi \u017ee komaj \u010dakamo, da se za\u010dne dr\u017eavno prvenstvo in Liga prvakov.&#8221;<\/p>\n<p>Glede slednje je Mlakar dejal, da si vsi igralci v njej \u017eelijo igrati od malih nog. &#8220;To je referenca za vsakega rokometa\u0161a, ki ti ostane za celo \u017eivljenje. Tak\u0161no tekmovanje ti da veliko izku\u0161enj, ki ti pomagajo tudi v zasebnem \u017eivljenju. Na vsaki tekmi bomo pustili srce na igri\u0161\u010du in videli, kak\u0161en rezultat nam bo to prineslo. V Zlatorogu so padali \u017ee veliki evropski klubi. Verjamem, da bo tako tudi v leto\u0161nji sezoni in bomo s pomo\u010djo navija\u010dev pripravili kak\u0161no presene\u010denje,&#8221; je sklenil Mlakar.<\/p>\n<p>Oglas<\/p>\n","protected":false},"excerpt":{"rendered":"Celjani so sezono sicer za\u010deli s porazom v slovenskem superpokalu, kjer je po izvajanju sedemmetrovk slavil Trimo Trebnje.&hellip;\n","protected":false},"author":2,"featured_media":211647,"comment_status":"","ping_status":"","sticky":false,"template":"","format":"standard","meta":{"footnotes":"","_share_on_mastodon":"0"},"categories":[16],"tags":[466,51898,301,62,37,58,60,38,94,93],"class_list":["post-211646","post","type-post","status-publish","format-standard","has-post-thumbnail","category-sport","tag-celje-pivovarna-lasko","tag-liga-prvakov-v-rokometu","tag-rokomet","tag-si","tag-slovene","tag-slovenia","tag-slovenija","tag-slovenscina","tag-sport","tag-sports"],"share_on_mastodon":{"url":"https:\/\/pubeurope.com\/@si\/117196307255995867","error":""},"_links":{"self":[{"href":"https:\/\/www.europesays.com\/si\/wp-json\/wp\/v2\/posts\/211646","targetHints":{"allow":["GET"]}}],"collection":[{"href":"https:\/\/www.europesays.com\/si\/wp-json\/wp\/v2\/posts"}],"about":[{"href":"https:\/\/www.europesays.com\/si\/wp-json\/wp\/v2\/types\/post"}],"author":[{"embeddable":true,"href":"https:\/\/www.europesays.com\/si\/wp-json\/wp\/v2\/users\/2"}],"replies":[{"embeddable":true,"href":"https:\/\/www.europesays.com\/si\/wp-json\/wp\/v2\/comments?post=211646"}],"version-history":[{"count":0,"href":"https:\/\/www.europesays.com\/si\/wp-json\/wp\/v2\/posts\/211646\/revisions"}],"wp:featuredmedia":[{"embeddable":true,"href":"https:\/\/www.europesays.com\/si\/wp-json\/wp\/v2\/media\/211647"}],"wp:attachment":[{"href":"https:\/\/www.europesays.com\/si\/wp-json\/wp\/v2\/media?parent=211646"}],"wp:term":[{"taxonomy":"category","embeddable":true,"href":"https:\/\/www.europesays.com\/si\/wp-json\/wp\/v2\/categories?post=211646"},{"taxonomy":"post_tag","embeddable":true,"href":"https:\/\/www.europesays.com\/si\/wp-json\/wp\/v2\/tags?post=211646"}],"curies":[{"name":"wp","href":"https:\/\/api.w.org\/{rel}","templated":true}]}}