{"id":211746,"date":"2026-09-01T16:17:12","date_gmt":"2026-09-01T16:17:12","guid":{"rendered":"https:\/\/www.europesays.com\/si\/211746\/"},"modified":"2026-09-01T16:17:12","modified_gmt":"2026-09-01T16:17:12","slug":"kaos-v-srediscu-maribora-zaposleni-klicali-policijo-posredovali-tudi-resevalci","status":"publish","type":"post","link":"https:\/\/www.europesays.com\/si\/211746\/","title":{"rendered":"Kaos v sredi\u0161\u010du Maribora: Zaposleni klicali policijo, posredovali tudi re\u0161evalci"},"content":{"rendered":"<p>Fazaniranje je u\u0161lo izpod nadzora.<\/p>\n<p>V nadaljevanju preberite:<\/p>\n<p>Fazaniranje v sredi\u0161\u010du Maribora je u\u0161lo izpod nadzora in se sprevrglo v mno\u017ei\u010dno nasilje nad dijaki prvih letnikov.<br \/>\nDijake so obmetavali z jajci in moko ter \u0161kropili tudi z barvo, eno dekle naj bi izgubilo zavest in potrebovalo zdravni\u0161ko pomo\u010d.<br \/>\nPosredovali so policisti in re\u0161evalci, po\u0161kodovana pa je bila tudi okoli\u0161ka infrastruktura, med drugim fasade in oprema bli\u017enjih trgovin.<\/p>\n<p>Po poro\u010danju Ve\u010dera\u00a0je tradicionalno fazaniranje oziroma sprejem dijakov prvih letnikov v sredi\u0161\u010du Maribora u\u0161lo izpod nadzora in se sprevrglo v mno\u017ei\u010dno &#8220;nasilje&#8221;. Dijake prvih letnikov naj bi polivali in obmetavali z jajci, moko in drugimi snovmi, pri \u010demer naj bi uporabljali tudi zdravju \u0161kodljiv sprej za barvanje lesa in kovine.<\/p>\n<p>Dogajanje je zahtevalo tudi posredovanje re\u0161evalcev in <a href=\"https:\/\/www.zurnal24.si\/slovenija\/policija-sporocila-podrobnosti-intervencije-na-dolenjski-avtocesti-464472\" rel=\"nofollow noopener\" target=\"_blank\">policije<\/a>. Eno dekle naj bi izgubilo zavest in potrebovalo zdravni\u0161ko pomo\u010d. Po\u0161kodovana oziroma umazana je bila tudi okolica, med drugim fasade in druga infrastruktura, zaradi kaosa pa so imeli te\u017eave tudi zaposleni, ki so na pomo\u010d klicali <a href=\"https:\/\/www.zurnal24.si\/slovenija\/poskodbe-so-bile-usodne-za-kolesarje-464484\" rel=\"nofollow noopener\" target=\"_blank\">policijo<\/a>,\u00a0in obiskovalci bli\u017enjih trgovin.<\/p>\n<p>Policija je na Grajskem trgu posredovala z ve\u010d vozili in zasegla nekaj sprejev, po dogodku pa bo treba oceniti nastalo \u0161kodo. Ve\u010der ob tem izpostavlja tudi vpra\u0161anje odgovornosti star\u0161ev in \u0161ol, saj naj bi bilo fazaniranje, ki bi moralo biti zabaven sprejem novincev, preraslo v poni\u017eevanje in nasilje nad mladostniki.<\/p>\n<p><a href=\"https:\/\/www.zurnal24.si\/slovenija\/mailto:dezurni@styria-media.si\" rel=\"nofollow noopener\" target=\"_blank\">dezurni@styria-media.si<\/a><\/p>\n","protected":false},"excerpt":{"rendered":"Fazaniranje je u\u0161lo izpod nadzora. V nadaljevanju preberite: Fazaniranje v sredi\u0161\u010du Maribora je u\u0161lo izpod nadzora in se&hellip;\n","protected":false},"author":2,"featured_media":211747,"comment_status":"","ping_status":"","sticky":false,"template":"","format":"standard","meta":{"footnotes":"","_share_on_mastodon":"0"},"categories":[6],"tags":[6324,150,503,326,48391,59,61,1759,62,37,58,60,38],"class_list":["post-211746","post","type-post","status-publish","format-standard","has-post-thumbnail","category-slovenija","tag-dijaki","tag-maribor","tag-otroci","tag-policija","tag-prvi-solski-dan","tag-republic-of-slovenia","tag-republika-slovenija","tag-resevalci","tag-si","tag-slovene","tag-slovenia","tag-slovenija","tag-slovenscina"],"share_on_mastodon":{"url":"https:\/\/pubeurope.com\/@si\/117196688172058679","error":""},"_links":{"self":[{"href":"https:\/\/www.europesays.com\/si\/wp-json\/wp\/v2\/posts\/211746","targetHints":{"allow":["GET"]}}],"collection":[{"href":"https:\/\/www.europesays.com\/si\/wp-json\/wp\/v2\/posts"}],"about":[{"href":"https:\/\/www.europesays.com\/si\/wp-json\/wp\/v2\/types\/post"}],"author":[{"embeddable":true,"href":"https:\/\/www.europesays.com\/si\/wp-json\/wp\/v2\/users\/2"}],"replies":[{"embeddable":true,"href":"https:\/\/www.europesays.com\/si\/wp-json\/wp\/v2\/comments?post=211746"}],"version-history":[{"count":0,"href":"https:\/\/www.europesays.com\/si\/wp-json\/wp\/v2\/posts\/211746\/revisions"}],"wp:featuredmedia":[{"embeddable":true,"href":"https:\/\/www.europesays.com\/si\/wp-json\/wp\/v2\/media\/211747"}],"wp:attachment":[{"href":"https:\/\/www.europesays.com\/si\/wp-json\/wp\/v2\/media?parent=211746"}],"wp:term":[{"taxonomy":"category","embeddable":true,"href":"https:\/\/www.europesays.com\/si\/wp-json\/wp\/v2\/categories?post=211746"},{"taxonomy":"post_tag","embeddable":true,"href":"https:\/\/www.europesays.com\/si\/wp-json\/wp\/v2\/tags?post=211746"}],"curies":[{"name":"wp","href":"https:\/\/api.w.org\/{rel}","templated":true}]}}