{"id":211866,"date":"2026-09-01T18:14:08","date_gmt":"2026-09-01T18:14:08","guid":{"rendered":"https:\/\/www.europesays.com\/si\/211866\/"},"modified":"2026-09-01T18:14:08","modified_gmt":"2026-09-01T18:14:08","slug":"video-palestinci-ubogo-zival-kamenjali-do-smrti","status":"publish","type":"post","link":"https:\/\/www.europesays.com\/si\/211866\/","title":{"rendered":"[Video] Palestinci ubogo \u017eival kamenjali do smrti"},"content":{"rendered":"<p style=\"text-align: justify;\">V bli\u017eini izraelske naselbine Kedar na obmo\u010dju Ma\u2019ale Adumim vzhodno od Jeruzalema so minuli petek ubili za\u0161\u010diteno \u010drtasto hijeno. Po poro\u010dilih izraelskih medijev so Palestinci \u017eival najprej ujeli v prepovedano past, nato pa jo s kamni dotolkli do smrti.<\/p>\n<p style=\"text-align: justify;\">\u010crtasta hijena (Hyaena hyaena) je v Izraelu zakonsko za\u0161\u010ditena. Je najve\u010dji kopenski plenilec v dr\u017eavi in edina vrsta hijene, ki \u017eivi na tem obmo\u010dju. Globalno jo Svetovna zveza za varstvo narave (IUCN) uvr\u0161\u010da med potencialno ogro\u017eene vrste. Gre predvsem za mrhovinarja, ki se hrani z mrtvimi \u017eivalmi in redko napade \u010dloveka.<\/p>\n<p style=\"text-align: justify;\"><a href=\"https:\/\/nova24tv.si\/kaj-vse-je-narobe-z-novim-aktom-dsa-o-umetni-inteligenci\/\" rel=\"nofollow noopener\" target=\"_blank\"><\/p>\n<p> Preberite tudi: Kaj vse je narobe z novim evropskim aktom DSA o umetni inteligenci<\/p>\n<p><\/a><\/p>\n<p style=\"text-align: justify;\">Posnetek, ki ga je objavil dopisnik Channel 14 Hallel Biton Rosen, prikazuje obupano \u017eival na suhem, hribovitem terenu. Po navedbah poro\u010dil hijena ni kazala agresije in ni ogro\u017eala ljudi. Video je na dru\u017ebenih omre\u017ejih spro\u017eil ogor\u010denje. \u201cPalestinski terorizem Palestinci so to hijeno kamenjali do smrti. Nikogar ni motila in ni kazala nobene agresije. Preprosto je imela smolo, da je \u0161la mimo, in ubili so to ogro\u017eeno \u017eival,\u201d je ob videoposnetku zapisala uporabnica na X.<\/p>\n<p dir=\"ltr\" lang=\"en\">Palestinian terrorism<\/p>\n<p>Palestinians stoned this hyena to death. She wasn\u2019t bothering anyone and wasn\u2019t showing any aggression. She simply had the misfortune of passing by there, and they killed this endangered animal<a href=\"https:\/\/x.com\/hashtag\/palestinians?src=hash&amp;ref_src=twsrc%5Etfw\" rel=\"nofollow\">#palestinians<\/a> <a href=\"https:\/\/x.com\/hashtag\/israel?src=hash&amp;ref_src=twsrc%5Etfw\" rel=\"nofollow\">#israel<\/a> <a href=\"https:\/\/t.co\/NgHhO8PN0d\" rel=\"nofollow\">pic.twitter.com\/NgHhO8PN0d<\/a><\/p>\n<p>\u2014 ilana israelov (@izrailov94) <a href=\"https:\/\/x.com\/izrailov94\/status\/2094131760976011609?ref_src=twsrc%5Etfw\" rel=\"nofollow\">August 30, 2026<\/a><\/p>\n<p style=\"text-align: justify;\">Podobni incidenti niso novi. Julija 2015 so pri Hebronu skupino Palestincev posneli, kako so s avtomobili obkolili hijeno in jo nato kamenjali. Palestinsko dru\u0161tvo za divje \u017eivali je dejanje takrat ozna\u010dilo za sramotno in opozorilo, da hijene v Palestini izumirajo, poro\u010da Gulf News. Leta 2014 so trije Palestinci iz Beit Umarja pretepli ujeto hijeno; primer je kon\u010dal z aretacijo. JFeed poro\u010da, da so v zadnjih mesecih na Zahodnem bregu dokumentirali ve\u010d primerov hijen, ujetih v nezakonite pasti. Po\u0161kodovane \u017eivali so kon\u010dale v zaveti\u0161\u010dih za divje \u017eivali.<\/p>\n<p style=\"text-align: justify;\">Strokovnjaki in lokalni naravovarstveniki vzrok vidijo predvsem v folklori. V delu palestinskega izro\u010dila hijene povezujejo s \u010drno magijo, prekletstvi in hipnozo, dele telesa pa uporabljajo v ljudskem zdravilstvu. \u017divali zato pogosto ubijejo iz strahu, ne ker bi bile nevarne. Palestinska zakonodaja na podro\u010dju za\u0161\u010dite \u017eivali je \u0161ibka, zato se tak\u0161na dejanja redko preganjajo.<\/p>\n<p style=\"text-align: justify;\">T. B.<\/p>\n<p><script async src=\"https:\/\/platform.twitter.com\/widgets.js\" charset=\"utf-8\"><\/script><\/p>\n","protected":false},"excerpt":{"rendered":"V bli\u017eini izraelske naselbine Kedar na obmo\u010dju Ma\u2019ale Adumim vzhodno od Jeruzalema so minuli petek ubili za\u0161\u010diteno \u010drtasto&hellip;\n","protected":false},"author":2,"featured_media":211867,"comment_status":"","ping_status":"","sticky":false,"template":"","format":"standard","meta":{"footnotes":"","_share_on_mastodon":"0"},"categories":[8],"tags":[51922,51923,51924,10815,37,60,38,64,63,3794],"class_list":["post-211866","post","type-post","status-publish","format-standard","has-post-thumbnail","category-svet","tag-arabci","tag-hijena","tag-kamenjanje","tag-palestinci","tag-slovene","tag-slovenija","tag-slovenscina","tag-svet","tag-world","tag-zivali"],"share_on_mastodon":{"url":"https:\/\/pubeurope.com\/@si\/117197148194262394","error":""},"_links":{"self":[{"href":"https:\/\/www.europesays.com\/si\/wp-json\/wp\/v2\/posts\/211866","targetHints":{"allow":["GET"]}}],"collection":[{"href":"https:\/\/www.europesays.com\/si\/wp-json\/wp\/v2\/posts"}],"about":[{"href":"https:\/\/www.europesays.com\/si\/wp-json\/wp\/v2\/types\/post"}],"author":[{"embeddable":true,"href":"https:\/\/www.europesays.com\/si\/wp-json\/wp\/v2\/users\/2"}],"replies":[{"embeddable":true,"href":"https:\/\/www.europesays.com\/si\/wp-json\/wp\/v2\/comments?post=211866"}],"version-history":[{"count":0,"href":"https:\/\/www.europesays.com\/si\/wp-json\/wp\/v2\/posts\/211866\/revisions"}],"wp:featuredmedia":[{"embeddable":true,"href":"https:\/\/www.europesays.com\/si\/wp-json\/wp\/v2\/media\/211867"}],"wp:attachment":[{"href":"https:\/\/www.europesays.com\/si\/wp-json\/wp\/v2\/media?parent=211866"}],"wp:term":[{"taxonomy":"category","embeddable":true,"href":"https:\/\/www.europesays.com\/si\/wp-json\/wp\/v2\/categories?post=211866"},{"taxonomy":"post_tag","embeddable":true,"href":"https:\/\/www.europesays.com\/si\/wp-json\/wp\/v2\/tags?post=211866"}],"curies":[{"name":"wp","href":"https:\/\/api.w.org\/{rel}","templated":true}]}}