{"id":211898,"date":"2026-09-01T18:57:12","date_gmt":"2026-09-01T18:57:12","guid":{"rendered":"https:\/\/www.europesays.com\/si\/211898\/"},"modified":"2026-09-01T18:57:12","modified_gmt":"2026-09-01T18:57:12","slug":"turisti-iz-vec-drzav-tudi-slovenije-na-tajsko-brez-vizuma-le-se-za-30-dni","status":"publish","type":"post","link":"https:\/\/www.europesays.com\/si\/211898\/","title":{"rendered":"Turisti iz ve\u010d dr\u017eav, tudi Slovenije, na Tajsko brez vizuma le \u0161e za 30 dni"},"content":{"rendered":"<p>\t\t\t\t\t\t\t\t<a href=\"https:\/\/www.europesays.com\/si\/wp-content\/uploads\/2026\/09\/67089540.jpg\" itemprop=\"contentUrl\" data-size=\"1200x800\" data-large=\"https:\/\/www.europesays.com\/si\/wp-content\/uploads\/2026\/09\/67089540.jpg\"><br \/>\n\t\t\t\t\t\t\t\t\t<img decoding=\"async\" src=\"https:\/\/www.europesays.com\/si\/wp-content\/uploads\/2026\/09\/67089540.jpg\" title=\"Turizem je klju\u010dnega pomena za tajsko gospodarstvo. Foto: EPA\" alt=\"Turizem je klju\u010dnega pomena za tajsko gospodarstvo. Foto: EPA\"\/><br \/>\n\t\t\t\t\t\t\t\t<\/a><\/p>\n<p>\t\t\t\t\t\t\t\t\tTurizem je klju\u010dnega pomena za tajsko gospodarstvo. Foto: EPA<\/p>\n<p>\t\t\t\t\t\t\t<a id=\"preferredSourceBanner\" href=\"https:\/\/www.rtvslo.si\/zabava-in-slog\/ture-avanture\/turisti-iz-vec-drzav-tudi-slovenije-na-tajsko-brez-vizuma-le-se-za-30-dni\/javascript:void(0)\" target=\"_blank\" class=\"d-none align-items-center justify-content-between rounded my-3\" style=\"padding: 10px 15px;\" rel=\"nofollow noopener\"><br \/>\n\t\t\t\t\t\t<img decoding=\"async\" src=\"https:\/\/img.rtvslo.si\/_static\/novi\/img\/ico-google.svg\" class=\"flex-shrink-0 mr-3\" aria-hidden=\"true\"\/><br \/>\n\t\t\t\t\t\tSpremljajte RTVSLO.si kot prednostni vir na Google<\/p>\n<p>\t\t\t\t\t<\/a><\/p>\n<p>\u010ceprav je turizem klju\u010dnega pomena za gospodarstvo te dr\u017eave na jugovzhodu Azije, so se tajske oblasti v prizadevanjih za zmanj\u0161anje kriminala tujih dr\u017eavljanov odlo\u010dile, da skraj\u0161ajo trajanje prebivanja brez vizuma za turiste iz 60 dr\u017eav.<\/p>\n<p>Oglas<\/p>\n<p>S 15. septembrom bodo tako potniki iz dr\u017eav, kot so Kitajska, ZDA in 27 dr\u017eav \u010dlanic EU-ja, tudi Slovenije, na Tajskem lahko brez vizuma pre\u017eiveli le 30 dni.<\/p>\n<p>Ob tem so se tajske oblasti odlo\u010dile, da bodo obiskovalcem iz Peruja, Brazilije in Ju\u017ene Koreje odobrile 90-dnevno prebivanje brez vizuma, kar je 30 dni ve\u010d kot prej.<\/p>\n<p>Turisti, ki jih novi ukrep zadeva, bodo lahko svoje prebivanje podalj\u0161ali enkrat, in sicer po presoji uradnika za priseljevanje.<\/p>\n<p>Trenutno lahko turisti iz ve\u010d kot 90 dr\u017eav, vklju\u010dno z 29 dr\u017eavami schengenskega obmo\u010dja v Evropi, Kitajsko, Indijo in ZDA, v dr\u017eavo brez vizuma vstopijo za do 60 dni.<\/p>\n<p>Tajska je po zadnjih podatkih od za\u010detka leta privabila 20,9 milijona tujih turistov, kar je za tri odstotke manj kot v enakem obdobju leta 2025.<\/p>\n<p>Oglas<\/p>\n","protected":false},"excerpt":{"rendered":"Turizem je klju\u010dnega pomena za tajsko gospodarstvo. Foto: EPA Spremljajte RTVSLO.si kot prednostni vir na Google \u010ceprav je&hellip;\n","protected":false},"author":2,"featured_media":211899,"comment_status":"","ping_status":"","sticky":false,"template":"","format":"standard","meta":{"footnotes":"","_share_on_mastodon":"0"},"categories":[8],"tags":[37,38,64,2315,5376,17387,63],"class_list":["post-211898","post","type-post","status-publish","format-standard","has-post-thumbnail","category-svet","tag-slovene","tag-slovenscina","tag-svet","tag-tajska","tag-turisti","tag-vizum","tag-world"],"share_on_mastodon":{"url":"https:\/\/pubeurope.com\/@si\/117197317734018287","error":""},"_links":{"self":[{"href":"https:\/\/www.europesays.com\/si\/wp-json\/wp\/v2\/posts\/211898","targetHints":{"allow":["GET"]}}],"collection":[{"href":"https:\/\/www.europesays.com\/si\/wp-json\/wp\/v2\/posts"}],"about":[{"href":"https:\/\/www.europesays.com\/si\/wp-json\/wp\/v2\/types\/post"}],"author":[{"embeddable":true,"href":"https:\/\/www.europesays.com\/si\/wp-json\/wp\/v2\/users\/2"}],"replies":[{"embeddable":true,"href":"https:\/\/www.europesays.com\/si\/wp-json\/wp\/v2\/comments?post=211898"}],"version-history":[{"count":0,"href":"https:\/\/www.europesays.com\/si\/wp-json\/wp\/v2\/posts\/211898\/revisions"}],"wp:featuredmedia":[{"embeddable":true,"href":"https:\/\/www.europesays.com\/si\/wp-json\/wp\/v2\/media\/211899"}],"wp:attachment":[{"href":"https:\/\/www.europesays.com\/si\/wp-json\/wp\/v2\/media?parent=211898"}],"wp:term":[{"taxonomy":"category","embeddable":true,"href":"https:\/\/www.europesays.com\/si\/wp-json\/wp\/v2\/categories?post=211898"},{"taxonomy":"post_tag","embeddable":true,"href":"https:\/\/www.europesays.com\/si\/wp-json\/wp\/v2\/tags?post=211898"}],"curies":[{"name":"wp","href":"https:\/\/api.w.org\/{rel}","templated":true}]}}