{"id":211996,"date":"2026-09-01T20:50:15","date_gmt":"2026-09-01T20:50:15","guid":{"rendered":"https:\/\/www.europesays.com\/si\/211996\/"},"modified":"2026-09-01T20:50:15","modified_gmt":"2026-09-01T20:50:15","slug":"enzo-fernandez-za-146-milijonov-evrov-v-manchester-city","status":"publish","type":"post","link":"https:\/\/www.europesays.com\/si\/211996\/","title":{"rendered":"Enzo Fernandez za 146 milijonov evrov v Manchester City"},"content":{"rendered":"<p>\t\t\t\t\t\t\t\t<a href=\"https:\/\/www.europesays.com\/si\/wp-content\/uploads\/2026\/09\/1788295811_966_67089035.jpg\" itemprop=\"contentUrl\" data-size=\"1200x800\" data-large=\"https:\/\/www.europesays.com\/si\/wp-content\/uploads\/2026\/09\/1788295811_966_67089035.jpg\"><br \/>\n\t\t\t\t\t\t\t\t\t<img decoding=\"async\" src=\"https:\/\/www.europesays.com\/si\/wp-content\/uploads\/2026\/09\/1788295811_966_67089035.jpg\" title=\"Enzo Fernandez Foto: Reuters\" alt=\"Enzo Fernandez Foto: Reuters\"\/><br \/>\n\t\t\t\t\t\t\t\t<\/a><\/p>\n<p>\t\t\t\t\t\t\t\t\tEnzo Fernandez Foto: Reuters<\/p>\n<p>\t\t\t\t\t\t\t\t\t<a href=\"https:\/\/www.rtvslo.si\/n\/792231\" class=\"image-link image-heading image-container container-16-9\" data-large=\"https:\/\/img.rtvcdn.si\/_up\/upload\/2025\/05\/24\/66731586.jpg\" rel=\"nofollow noopener\" target=\"_blank\"><br \/>\n\t\t\t\t\t\t\t\t\t\t<img decoding=\"async\" src=\"https:\/\/www.europesays.com\/si\/wp-content\/uploads\/2026\/09\/1788295812_554_66731586_thumb.jpg\" class=\"image-preview\"\/><br \/>\n\t\t\t\t\t\t\t\t\t<\/a><\/p>\n<p>\t\t\t\t\t\t\t\t\t\tSorodna novica<br \/>\n\t\t\t\t\t\t\t\t\t\t<a href=\"https:\/\/www.rtvslo.si\/n\/792231\" rel=\"nofollow noopener\" target=\"_blank\">Liverpoolu uspelo: iz Pariza prihaja Barcola za 142 milijonov evrov<\/a><\/p>\n<p>\t\t\t\t\t\t\t<a id=\"preferredSourceBanner\" href=\"https:\/\/www.rtvslo.si\/sport\/enzo-fernandez-za-146-milijonov-evrov-v-manchester-city\/javascript:void(0)\" target=\"_blank\" class=\"d-none align-items-center justify-content-between rounded my-3\" style=\"padding: 10px 15px;\" rel=\"nofollow noopener\"><br \/>\n\t\t\t\t\t\t<img decoding=\"async\" src=\"https:\/\/img.rtvslo.si\/_static\/novi\/img\/ico-google.svg\" class=\"flex-shrink-0 mr-3\" aria-hidden=\"true\"\/><br \/>\n\t\t\t\t\t\tSpremljajte RTVSLO.si kot prednostni vir na Google<\/p>\n<p>\t\t\t\t\t<\/a><\/p>\n<p>Za 25-letnega vezista je Manchester City po dolgotrajnh pogajanjih London\u010danom od\u0161tel 146 milijonov evrov (125 milijonov funtov), kar je enaka od\u0161kodnina, kot jo je Liverpool lani od\u0161tel Newcastlu za \u0161vedskega napadalca Alexandra Isaka. <\/p>\n<p>Oglas<\/p>\n<p>Le trije prestopi v zgodovini so bili dra\u017eji. Neymar je v sezoni 2017\/18 iz Barcelone k Paris Saint-Germainu prestopil za rekordnih 222 milijonov evrov, za njim pa sta na lestvici \u0161e Francoza Kylian Mbappe in Ousmane Dembele. Mbappe je v sezoni 2018\/19 iz Monaca k PSG prestopil za 180 milijonov evrov, Dembele pa sezono prej iz Borussie Dortmund k Barceloni za 148 milijonov evrov po podatkih Transfermarkta.<\/p>\n<p>Fernandez je bil velika \u017eelja novega trenerja me\u0161\u010danov Enza Maresce, ki je predtem vodil modre iz Londona in se pri tem mo\u010dno zana\u0161al na Fernandezovo igro in vpliv na zelenici ter v sla\u010dilnici.<\/p>\n<p>Pozimi 2023 je Chelsea za Fernandeza od\u0161tel 120 milijonov evrov. Fernandez bi moral zakrpati luknjo, ki je nastala po odhodu Rodrija, saj si je zlata \u017eoga SP-ja 2026 za\u017eelela vrnitve v domovino, kjer je izbrala Barcelono.<\/p>\n<p>\t\t\t\t\t\t\t\t<a href=\"https:\/\/www.europesays.com\/si\/wp-content\/uploads\/2026\/09\/1788295814_321_67089034.jpg\" itemprop=\"contentUrl\" data-size=\"1200x800\" data-large=\"https:\/\/www.europesays.com\/si\/wp-content\/uploads\/2026\/09\/1788295814_321_67089034.jpg\"><br \/>\n\t\t\t\t\t\t\t\t\t<img decoding=\"async\" src=\"https:\/\/www.europesays.com\/si\/wp-content\/uploads\/2026\/09\/1788295814_321_67089034.jpg\" title=\"Julian Alvarez je tar\u010da navija\u010dev Atletica, ostro o njem govori vodstvo, tako da si je te\u017eko predstavljati, da bi lahko napadalec \u0161e ostal del rde\u010de-belega kluba iz Madrida. Foto: Reuters\" alt=\"Julian Alvarez je tar\u010da navija\u010dev Atletica, ostro o njem govori vodstvo, tako da si je te\u017eko predstavljati, da bi lahko napadalec \u0161e ostal del rde\u010de-belega kluba iz Madrida. Foto: Reuters\"\/><br \/>\n\t\t\t\t\t\t\t\t<\/a><\/p>\n<p>\t\t\t\t\t\t\t\t\tJulian Alvarez je tar\u010da navija\u010dev Atletica, ostro o njem govori vodstvo, tako da si je te\u017eko predstavljati, da bi lahko napadalec \u0161e ostal del rde\u010de-belega kluba iz Madrida. Foto: Reuters<\/p>\n<p>\t\t\t\t\t\t\tAlvarez ostal brez Barcelone, zdaj ga snubi Arsenal<\/p>\n<p>\u0160e ve\u010d drame in prahu je poleti dvigal primer argentinskega napadalca. Julian Alvarez si je odkrito za\u017eelel odhod v Barcelono, Katalonci pa so bili pripravljeni pla\u010dati astronomsko od\u0161kodnino. Vendar vodstvo Atletica Madrida zavra\u010da mo\u017enost prodaje prvega napadalca neposrednemu tekmecu v La Ligi. Tako je za Alvareza, ki zavra\u010da igranje za rde\u010de-bele, ostala realna mo\u017enost le Anglija, kjer je \u017ee igral za Manchester City. Arsenal ponuja dobrih 80 milijonov evrov, medtem ko je Atletico leta 2024 od\u0161tel me\u0161\u010danom 75 milijonov evrov, sam Alvarez pa je podpisal kar \u0161estletno pogodbo.<\/p>\n<p>Gabriel Jesus novi \u010dlan Barcelone<\/p>\n<p>Prvi snubec Argentinca je postal Arsenal, ki se je \u017ee dogovoril za prodajo dveh napadalcev, Gabriela Martinellija in Gabriela Jesusa. Prvi Brazilec odhaja v Savdsko Arabijo k Al Hilalu, medtem ko je drugi Brazilec postal \u010dlan Barcelone, ki je iskala podpornega napadalca po odhodu Ferrana Torresa v PSG.<\/p>\n<p>Gabriel Jesus, ki je imel z Arsenalom pogodbo le \u0161e za eno leto, je Barcelono stal 10 milijonov evrov od\u0161kodnine in nekaj potencialnih dodatkov.<\/p>\n<p>\t\t\t\t\t\t\t\tMladi reprezentant \u0160torman po novem v Belgiji<\/p>\n<p>\t\t\t\t\t\t\t\t\t\tVezist Rok \u0160torman, tudi \u010dlan reprezentance do 21 let, bo kariero nadaljeval v Belgiji. 21-letni nekdanji \u010dlan Radomelj bo kot posojen igralec Karvine s \u010ce\u0161ke igral za belgijskega prvoliga\u0161a Kortrijk, so potrdili v novem klubu. <\/p>\n<p>Kortrijk bo lahko Slovenca po koncu sezone tudi odkupil. &#8220;Rokov prihod je plod dosjeja, na katerem delamo \u017ee kar nekaj \u010dasa. Pogovori so potekali \u017ee nekaj \u010dasa, vendar ni bilo preprosto. Na koncu nam je uspelo dokon\u010dati prestop in pripeljati \u0160tormana v Kortrijk,&#8221; je za klubsko spletno stran povedal \u0161portni direktor Nils Vanneste. <\/p>\n<p>V klubu so zapisali, da je \u0160torman vsestranski vezist, ki lahko igra na vseh polo\u017eajih v vezni vrsti, in da so njegov najve\u010dji adut fizi\u010dne sposobnosti, kar je dobro za prispevek tako v napadu kot v obrambi. Poleg \u0160tormana sta v elitni belgijski ligi \u0161e dva Slovenca, in sicer 17-letni Tian Nai Koren (Club Brugge) in Lovro Goli\u010d (Mechelen).<\/p>\n<p>\t\t\t\t\t\t\tMbaye v Aston Villo, Ahanor prek Palaca k Chelseaju<br \/>\n\t\t\t\t\t\t\t\t<a href=\"https:\/\/www.europesays.com\/si\/wp-content\/uploads\/2026\/09\/1788295815_388_67053659.jpg\" itemprop=\"contentUrl\" data-size=\"1200x800\" data-large=\"https:\/\/www.europesays.com\/si\/wp-content\/uploads\/2026\/09\/1788295815_388_67053659.jpg\"><br \/>\n\t\t\t\t\t\t\t\t\t<img decoding=\"async\" src=\"https:\/\/www.europesays.com\/si\/wp-content\/uploads\/2026\/09\/1788295815_388_67053659.jpg\" title=\"Ibrahim Mbaye je zablestel na tekmi mundiala proti Franciji, ko je zadel za Senegal. Foto: Reuters\" alt=\"Ibrahim Mbaye je zablestel na tekmi mundiala proti Franciji, ko je zadel za Senegal. Foto: Reuters\"\/><br \/>\n\t\t\t\t\t\t\t\t<\/a><\/p>\n<p>\t\t\t\t\t\t\t\t\tIbrahim Mbaye je zablestel na tekmi mundiala proti Franciji, ko je zadel za Senegal. Foto: Reuters<\/p>\n<p>Senegalski nogometa\u0161 Ibrahim Mbaye se iz evropskega prvaka PSG-ja seli k Aston Villi za 47 milijonov britanskih funtov oziroma 55 milijonov evrov. Lani je Mbaye za PSG zaigral na 31 tekmah, ko so Pari\u017eani osvojili doma\u010de prvenstvo in Ligo prvakov. \u0160ele 18-letni nogometa\u0161 je na zadnjem SP-ju odigral tudi \u0161tiri tekme za Senegal in z golom na tekmi proti Franciji postal najmlaj\u0161i afri\u0161ki nogometa\u0161 v zgodovini, ki je dosegel gol na mundialu. <\/p>\n<p>Mbaye je zadnji v vrsti okrepitev Aston Ville, potem ko so Villo po lanski zmagi v evropski ligi poleti zapustili Morgan Rogers, Youri Tielemans, Ollie Watkins, Lucas Digne, Emiliano Martinez in Ezri Konsa. Novi v klubu so tudi Alejandro Garnacho, Aaron Wan-Bissaka, Johan Manzambi, Zion Suzuki, Joao Gomes, Leon Goretzka, Matteo Ruggeri in Nicolas Jackson.<\/p>\n<p>Italijanski nogometa\u0161 Honest Ahanor zapu\u0161\u010da Atalanto, pri \u010demer bo to sezono kot posojeni igralec igral za Crystal Palace, nato pa bo drugo poletje dokon\u010dno postal \u010dlan Chelseaja. Oto\u0161ki mediji pi\u0161ejo, da bodo modri za 18-letnika od\u0161teli 47 milijonov evrov. Ahanor se je prvoliga\u0161u iz Bergama pridru\u017eil lani in v minuli sezoni za Atalanto odigral 35 tekem, dvakrat je dobil prilo\u017enost tudi v reprezentanci Italije. <\/p>\n<p>Predtem je Chelsea dokon\u010dal prodajo 20-letnega napadalca. Marc Guiu odhaja k RB Leipzigu, rde\u010di biki iz Nem\u010dije pa bodo pla\u010dali 18 milijonov evrov od\u0161kodnine za v Barceloni vzgojenega \u0161panskega nogometa\u0161a.<\/p>\n<p>Matias Fernandez-Pardo za 60 milijonov evrov na Otok<\/p>\n<p>Belgijec Matias Fernandez-Pardo je okrepil vrste Newcastla. Za 21-letnega napadalca je Newcastle francoskemu Lillu pla\u010dal 60 milijonov evrov.<\/p>\n<p>21-letnik se je letos prebil v \u010dlansko izbrano vrsto Belgije, za katero je debitiral 2. junija in odigral dve pripravljalni tekmi. Nato je na svetovnem prvenstvu skupaj zbral tri nastope in 41 minut. V izlo\u010dilnih bojih je sedel na klopi. V mladinskih vrstah je zastopal \u0161tevilne belgijske klube, nato pa se je iz Genta k Lillu preselil pred sezono 2024\/25 za 11,5 milijona evrov. V dveh sezonah na severu Francije je za Lille zbral 71 nastopov ter dosegel 12 golov in 11 podaj.<\/p>\n<p>Prvi tekmeci Celjanov predstavili novo ime<\/p>\n<p>Bayer Leverkusen, prvi tekmec Celja v evropski ligi, je prav tako objavil ime nove okrepitve. To je postal Moussa Diaby, ki se je iz Al Ittihada za 30 milijonov evrov preselil v Nem\u010dijo. Pred odhodom v Savdsko Arabijo julija 2024 je Francoz zastopal \u0161e barve Aston Ville in PSG-ja, med letoma 2019 in 2023 pa je \u017ee igral za Bayer. Za francosko izbrano vrsto je zbral 11 nastopov.<\/p>\n<p>V Sloveniji prestopni rok do 7. septembra<\/p>\n<p>V Sloveniji se je rok za amaterske nogometa\u0161e iztekel minuto pred polno\u010djo in prelomom avgusta v september. Profesionalni igralci lahko v Sloveniji, zlasti v Prvi ligi, prestopajo vse do izteka 7. septembra.<\/p>\n<p>Oglas<\/p>\n","protected":false},"excerpt":{"rendered":"Enzo Fernandez Foto: Reuters Sorodna novica Liverpoolu uspelo: iz Pariza prihaja Barcola za 142 milijonov evrov Spremljajte RTVSLO.si&hellip;\n","protected":false},"author":2,"featured_media":211997,"comment_status":"","ping_status":"","sticky":false,"template":"","format":"standard","meta":{"footnotes":"","_share_on_mastodon":"0"},"categories":[20],"tags":[2019,32,51822,897,27106,35,31,264,39762,34,36,3260,40,37,38,33,51823],"class_list":["post-211996","post","type-post","status-publish","format-standard","has-post-thumbnail","category-novice","tag-bundesliga","tag-headlines","tag-iztek-prestopnega-roka","tag-la-liga","tag-ligue-1","tag-najpomembnejse-novice","tag-news","tag-nogomet","tag-nogometni-prestopi","tag-novice","tag-osrednje-novice","tag-premier-liga","tag-serie-a","tag-slovene","tag-slovenscina","tag-top-stories","tag-tuje-lige"],"share_on_mastodon":{"url":"https:\/\/pubeurope.com\/@si\/117197762270255254","error":""},"_links":{"self":[{"href":"https:\/\/www.europesays.com\/si\/wp-json\/wp\/v2\/posts\/211996","targetHints":{"allow":["GET"]}}],"collection":[{"href":"https:\/\/www.europesays.com\/si\/wp-json\/wp\/v2\/posts"}],"about":[{"href":"https:\/\/www.europesays.com\/si\/wp-json\/wp\/v2\/types\/post"}],"author":[{"embeddable":true,"href":"https:\/\/www.europesays.com\/si\/wp-json\/wp\/v2\/users\/2"}],"replies":[{"embeddable":true,"href":"https:\/\/www.europesays.com\/si\/wp-json\/wp\/v2\/comments?post=211996"}],"version-history":[{"count":0,"href":"https:\/\/www.europesays.com\/si\/wp-json\/wp\/v2\/posts\/211996\/revisions"}],"wp:featuredmedia":[{"embeddable":true,"href":"https:\/\/www.europesays.com\/si\/wp-json\/wp\/v2\/media\/211997"}],"wp:attachment":[{"href":"https:\/\/www.europesays.com\/si\/wp-json\/wp\/v2\/media?parent=211996"}],"wp:term":[{"taxonomy":"category","embeddable":true,"href":"https:\/\/www.europesays.com\/si\/wp-json\/wp\/v2\/categories?post=211996"},{"taxonomy":"post_tag","embeddable":true,"href":"https:\/\/www.europesays.com\/si\/wp-json\/wp\/v2\/tags?post=211996"}],"curies":[{"name":"wp","href":"https:\/\/api.w.org\/{rel}","templated":true}]}}