{"id":212034,"date":"2026-09-01T21:43:14","date_gmt":"2026-09-01T21:43:14","guid":{"rendered":"https:\/\/www.europesays.com\/si\/212034\/"},"modified":"2026-09-01T21:43:14","modified_gmt":"2026-09-01T21:43:14","slug":"novi-norveski-kralj-haakon-viii-prisegel-pred-parlamentom-2","status":"publish","type":"post","link":"https:\/\/www.europesays.com\/si\/212034\/","title":{"rendered":"Novi norve\u0161ki kralj Haakon VIII. prisegel pred parlamentom"},"content":{"rendered":"<p>\t\t\t\t\t\t\t\t<a href=\"https:\/\/www.europesays.com\/si\/wp-content\/uploads\/2026\/09\/67089397.jpg\" itemprop=\"contentUrl\" data-size=\"1200x800\" data-large=\"https:\/\/www.europesays.com\/si\/wp-content\/uploads\/2026\/09\/67089397.jpg\"><br \/>\n\t\t\t\t\t\t\t\t\t<img decoding=\"async\" src=\"https:\/\/www.europesays.com\/si\/wp-content\/uploads\/2026\/09\/67089397.jpg\" title=\"Kralj Haakon VIII. Foto: Reuters\" alt=\"Kralj Haakon VIII. Foto: Reuters\"\/><br \/>\n\t\t\t\t\t\t\t\t<\/a><\/p>\n<p>\t\t\t\t\t\t\t\t\tKralj Haakon VIII. Foto: Reuters<\/p>\n<p>\t\t\t\t\t\t\t<a id=\"preferredSourceBanner\" href=\"https:\/\/www.rtvslo.si\/zabava-in-slog\/znani\/novi-norveski-kralj-haakon-viii-prisegel-pred-parlamentom\/javascript:void(0)\" target=\"_blank\" class=\"d-none align-items-center justify-content-between rounded my-3\" style=\"padding: 10px 15px;\" rel=\"nofollow noopener\"><br \/>\n\t\t\t\t\t\t<img decoding=\"async\" src=\"https:\/\/img.rtvslo.si\/_static\/novi\/img\/ico-google.svg\" class=\"flex-shrink-0 mr-3\" aria-hidden=\"true\"\/><br \/>\n\t\t\t\t\t\tSpremljajte RTVSLO.si kot prednostni vir na Google<\/p>\n<p>\t\t\t\t\t<\/a><\/p>\n<p>Haakon VIII. se je danes opoldne v odprti limuzini odpeljal z gradu v parlament, kar je ob cesti spremljala mno\u017eica ljudi. Po rde\u010di preprogi so ga spremljali njegova mati ter vdova pokojnega Haralda V. Sonja in prestolonaslednica Ingrid Alexandra s princem Sverrom Magnusom, poro\u010da nem\u0161ka tiskovna agencija DPA.<\/p>\n<p>Oglas<\/p>\n<p>\t\t\t\t\t\t\t\t\t<a href=\"https:\/\/www.rtvslo.si\/n\/792268\" class=\"image-link image-heading image-container container-16-9\" data-large=\"https:\/\/img.rtvcdn.si\/_up\/upload\/2026\/08\/30\/67086607.jpg\" rel=\"nofollow noopener\" target=\"_blank\"><br \/>\n\t\t\t\t\t\t\t\t\t\t<img decoding=\"async\" src=\"https:\/\/www.europesays.com\/si\/wp-content\/uploads\/2026\/09\/67086607_thumb.jpg\" class=\"image-preview\"\/><br \/>\n\t\t\t\t\t\t\t\t\t<\/a><\/p>\n<p>\t\t\t\t\t\t\t\t\t\tSorodna novica<br \/>\n\t\t\t\t\t\t\t\t\t\t<a href=\"https:\/\/www.rtvslo.si\/n\/792268\" rel=\"nofollow noopener\" target=\"_blank\">Haakon VIII. narod prvi\u010d nagovoril kot norve\u0161ki kralj: &#8220;Tako kot moj o\u010de bom stvari delal po svoje&#8221;<\/a><\/p>\n<p>Po smrti o\u010deta je Haakon takoj postal kralj, vendar je del uradnega prevzema prestola tudi prisega na ustavo. &#8220;Obljubljam in prisegam, da bom Kraljevini Norve\u0161ki vladal v skladu z ustavo in zakoni, naj mi pri tem pomaga vsemogo\u010dni in vsevedni Bog,&#8221; je v skladu z ustavo ob prisegi danes izjavil 53-letni kralj.<\/p>\n<p>Harald V. je v petek v starosti 89 let umrl v bolni\u0161nici v Oslu. Norve\u0161ka vlada je po njegovi smrti razglasila obdobje \u017ealovanja, ki bo trajalo do dne monarhovega pogreba 9. septembra.<\/p>\n<p>Glede na rezultate javnomnenjske ankete, ki jih je danes objavila norve\u0161ka javna radiotelevizija NRK, se je podpora monarhiji po Haraldovi smrti pove\u010dala. Podporo ji je v anketi iz preteklega konca tedna izreklo 72 odstotkov vpra\u0161anih, kar je osem odstotkov ve\u010d kot maja. Podpora monarhiji je sicer februarja padla na najni\u017ejo raven, saj je bila kraljeva dru\u017eina vpletena v vrsto \u0161kandalov, navaja francoska tiskovna agencija AFP.<\/p>\n<p>Oglas<\/p>\n","protected":false},"excerpt":{"rendered":"Kralj Haakon VIII. Foto: Reuters Spremljajte RTVSLO.si kot prednostni vir na Google Haakon VIII. se je danes opoldne&hellip;\n","protected":false},"author":2,"featured_media":212035,"comment_status":"","ping_status":"","sticky":false,"template":"","format":"standard","meta":{"footnotes":"","_share_on_mastodon":"0"},"categories":[8],"tags":[50924,3915,1104,37,38,64,63],"class_list":["post-212034","post","type-post","status-publish","format-standard","has-post-thumbnail","category-svet","tag-haakon-viii","tag-kralj","tag-norveska","tag-slovene","tag-slovenscina","tag-svet","tag-world"],"share_on_mastodon":{"url":"https:\/\/pubeurope.com\/@si\/117197970463225795","error":""},"_links":{"self":[{"href":"https:\/\/www.europesays.com\/si\/wp-json\/wp\/v2\/posts\/212034","targetHints":{"allow":["GET"]}}],"collection":[{"href":"https:\/\/www.europesays.com\/si\/wp-json\/wp\/v2\/posts"}],"about":[{"href":"https:\/\/www.europesays.com\/si\/wp-json\/wp\/v2\/types\/post"}],"author":[{"embeddable":true,"href":"https:\/\/www.europesays.com\/si\/wp-json\/wp\/v2\/users\/2"}],"replies":[{"embeddable":true,"href":"https:\/\/www.europesays.com\/si\/wp-json\/wp\/v2\/comments?post=212034"}],"version-history":[{"count":0,"href":"https:\/\/www.europesays.com\/si\/wp-json\/wp\/v2\/posts\/212034\/revisions"}],"wp:featuredmedia":[{"embeddable":true,"href":"https:\/\/www.europesays.com\/si\/wp-json\/wp\/v2\/media\/212035"}],"wp:attachment":[{"href":"https:\/\/www.europesays.com\/si\/wp-json\/wp\/v2\/media?parent=212034"}],"wp:term":[{"taxonomy":"category","embeddable":true,"href":"https:\/\/www.europesays.com\/si\/wp-json\/wp\/v2\/categories?post=212034"},{"taxonomy":"post_tag","embeddable":true,"href":"https:\/\/www.europesays.com\/si\/wp-json\/wp\/v2\/tags?post=212034"}],"curies":[{"name":"wp","href":"https:\/\/api.w.org\/{rel}","templated":true}]}}