{"id":212050,"date":"2026-09-01T22:04:12","date_gmt":"2026-09-01T22:04:12","guid":{"rendered":"https:\/\/www.europesays.com\/si\/212050\/"},"modified":"2026-09-01T22:04:12","modified_gmt":"2026-09-01T22:04:12","slug":"drama-na-ac-dobiva-nove-razseznosti-veckrat-se-je-hotel-zaleteti-v-avto","status":"publish","type":"post","link":"https:\/\/www.europesays.com\/si\/212050\/","title":{"rendered":"Drama na AC dobiva nove razse\u017enosti: &#8220;Ve\u010dkrat se je hotel zaleteti v avto&#8221;"},"content":{"rendered":"<p>Oglasila se je \u017eenska, ki je bila pri\u010da filmskega bega na avtocesti.<\/p>\n<p>Poro\u010dali smo, da je danes na<a href=\"https:\/\/www.zurnal24.si\/slovenija\/policija-sporocila-podrobnosti-intervencije-na-dolenjski-avtocesti-464472\" rel=\"nofollow noopener\" target=\"_blank\"> dolenjski avtocesti <\/a>pri\u0161lo do prav filmske policijske intervencije, ki je za nekaj \u010dasa zaprla avtocesto med Bi\u010dem in Trebnjem. Policisti PU Ljubljana so bili o nezanesljivi vo\u017enji voznika, ki je ogro\u017eal druge udele\u017eence v prometu, obve\u0161\u010deni v dopoldanskem \u010dasu.<\/p>\n<p>Policisti so ga izsledili in ga pri\u010deli ustavljati na obmo\u010dju Krtine, voznik pa ni ustavljal na znake policije in je vozil naprej proti Ljubljani ter nato proti Dolenjski. Na obmo\u010dju Ivan\u010dne Gorice so policisti uporabili stinger in tako voznika le uspeli zaustaviti. Voznik je tr\u010dil in po\u0161kodoval ve\u010d slu\u017ebenih vozil policije, v postopku pa se je upiral in po\u0161kodoval policistko.<\/p>\n<p>Na\u0161 novinar, ki je bil na <a href=\"https:\/\/www.zurnal24.si\/slovenija\/na-dolenjski-avtocesti-popolna-zapora-v-teku-policijska-intervencija-464471\" rel=\"nofollow noopener\" target=\"_blank\">kraju dogodka<\/a>, je ocenil, da je v intervencijo vklju\u010denih okoli 20 policistov. Na kraju je bilo tudi re\u0161evalno vozilo.<\/p>\n<p>Za\u010delo se je \u017ee na \u0161tajerski avtocesti<\/p>\n<p>Po objavi na\u0161ega prispevka se je oglasila tudi pri\u010da dogodka. Kot je zapisala, so se za voznikom vozili od \u017dalca do Ljubljane. Po njenih navedbah je voznik modrega mercedesa celo pot ogro\u017eal promet na \u0161tajerski avtocesti.<\/p>\n<p>&#8220;Nikogar ni spustil mimo, ve\u010dkrat se je hotel zaleteti v avto iz Romunije, ki ga je hotel prehiteti po levi, po desni,&#8221;\u00a0je zapisala. Nadaljevala je, da je voznik vozila romunskih registracij v \u0160entrupertu raje zapustil avtocesto. Voznik mercedesa je z vo\u017enjo nadaljeval vsaj do Ljubljane, vozil je po sredini avtoceste in ve\u010dkrat nenadoma zaviral. &#8220;V tunelih je peljal enkrat 45, drugi\u010d 80, se ustavil in nikogar spustil naprej,&#8221; je \u0161e dodala.<\/p>\n<p><a href=\"https:\/\/www.zurnal24.si\/slovenija\/kaos-v-srediscu-maribora-zaposleni-klicali-policijo-posredovali-tudi-resevalci-464486\" rel=\"nofollow noopener\" target=\"_blank\">Policija <\/a>\u0161e nadaljuje z zbiranjem obvestil o vseh okoli\u0161\u010dinah dogodka, o vseh ugotovitvah pa bodo obvestili pristojno okro\u017eno dr\u017eavno to\u017eilstvo.<\/p>\n<p><a href=\"https:\/\/www.zurnal24.si\/slovenija\/mailto:dezurni@styria-media.si\" rel=\"nofollow noopener\" target=\"_blank\">dezurni@styria-media.si<\/a><\/p>\n","protected":false},"excerpt":{"rendered":"Oglasila se je \u017eenska, ki je bila pri\u010da filmskega bega na avtocesti. Poro\u010dali smo, da je danes na&hellip;\n","protected":false},"author":2,"featured_media":212051,"comment_status":"","ping_status":"","sticky":false,"template":"","format":"standard","meta":{"footnotes":"","_share_on_mastodon":"0"},"categories":[20],"tags":[8524,6454,32,7391,35,31,34,36,326,1423,37,38,33,612,9118],"class_list":["post-212050","post","type-post","status-publish","format-standard","has-post-thumbnail","category-novice","tag-beg","tag-dolenjska-avtocesta","tag-headlines","tag-intervencija","tag-najpomembnejse-novice","tag-news","tag-novice","tag-osrednje-novice","tag-policija","tag-pu-ljubljana","tag-slovene","tag-slovenscina","tag-top-stories","tag-voznik","tag-voznja"],"share_on_mastodon":{"url":"https:\/\/pubeurope.com\/@si\/117198052618865347","error":""},"_links":{"self":[{"href":"https:\/\/www.europesays.com\/si\/wp-json\/wp\/v2\/posts\/212050","targetHints":{"allow":["GET"]}}],"collection":[{"href":"https:\/\/www.europesays.com\/si\/wp-json\/wp\/v2\/posts"}],"about":[{"href":"https:\/\/www.europesays.com\/si\/wp-json\/wp\/v2\/types\/post"}],"author":[{"embeddable":true,"href":"https:\/\/www.europesays.com\/si\/wp-json\/wp\/v2\/users\/2"}],"replies":[{"embeddable":true,"href":"https:\/\/www.europesays.com\/si\/wp-json\/wp\/v2\/comments?post=212050"}],"version-history":[{"count":0,"href":"https:\/\/www.europesays.com\/si\/wp-json\/wp\/v2\/posts\/212050\/revisions"}],"wp:featuredmedia":[{"embeddable":true,"href":"https:\/\/www.europesays.com\/si\/wp-json\/wp\/v2\/media\/212051"}],"wp:attachment":[{"href":"https:\/\/www.europesays.com\/si\/wp-json\/wp\/v2\/media?parent=212050"}],"wp:term":[{"taxonomy":"category","embeddable":true,"href":"https:\/\/www.europesays.com\/si\/wp-json\/wp\/v2\/categories?post=212050"},{"taxonomy":"post_tag","embeddable":true,"href":"https:\/\/www.europesays.com\/si\/wp-json\/wp\/v2\/tags?post=212050"}],"curies":[{"name":"wp","href":"https:\/\/api.w.org\/{rel}","templated":true}]}}