{"id":212155,"date":"2026-09-02T00:43:14","date_gmt":"2026-09-02T00:43:14","guid":{"rendered":"https:\/\/www.europesays.com\/si\/212155\/"},"modified":"2026-09-02T00:43:14","modified_gmt":"2026-09-02T00:43:14","slug":"nenavaden-nasvet-priljubljenega-slovenskega-ucitelja-nastudirajte-vsakega-profesorja-video","status":"publish","type":"post","link":"https:\/\/www.europesays.com\/si\/212155\/","title":{"rendered":"Nenavaden nasvet priljubljenega slovenskega u\u010ditelja: \u00bbNa\u0161tudirajte vsakega profesorja\u00ab (VIDEO)"},"content":{"rendered":"<p>Ob za\u010detku novega \u0161olskega leta ima dr. Uro\u0161 Ocepek za u\u010dence in dijake jasno sporo\u010dilo: v \u0161olo naj vstopijo z \u017eeljo po znanju. Eden najbolj priljubljenih in prepoznavnih slovenskih u\u010diteljev poudarja, da je odnos do \u0161ole pogosto prvi korak do uspeha. Mladim, \u0161e posebej tistim, ki prvi\u010d vstopajo v srednjo \u0161olo, svetuje, naj si \u017ee pred vrati u\u010dilnice postavijo pravi cilj. \u00bbTo je hram znanja. Pri\u0161el sem se nekaj nau\u010dit in pri\u0161el sem \u0161olo naredit,\u00ab jim polaga na srce. Po njegovem mnenju pa niso pomembne le knjige in zvezki, ampak tudi ljudje, s katerimi dijaki pre\u017eivljajo \u0161olske dni. \u00bbPravilno izbiraj prijatelje v \u010dasu pouka, ker je zelo pomembno, s kom se dru\u017ei\u0161,\u00ab je njegov naslednji nasvet. \u010ce ima mlad \u010dlovek ob sebi nekoga, ki mu je prav tako mar za \u0161olo, je ve\u010d mo\u017enosti, da si bosta pomagala in drug drugega spodbujala. Ocepek svetuje tudi, naj si otroci doma ustvarijo prijeten koti\u010dek za u\u010denje in poi\u0161\u010dejo na\u010din, ki jim najbolj ustreza. Sam je denimo priznal, da je matematiko tudi po 12 ur na dan re\u0161eval ob Avsenikih, ki so ga dr\u017eali pokonci, ko je postalo naporno. Bistvo \u0161ole po njegovem niso zgolj podatki, ampak predvsem to, da se mladi nau\u010dijo razmi\u0161ljati, u\u010diti in pozneje re\u0161evati te\u017eave, ki jih \u010dakajo v \u017eivljenju.<\/p>\n<p>U\u010diteljem \u017eeli nasmeh, v njem pa se skriva tudi nekaj vikin\u0161kega<\/p>\n<p>Ocepek ima za dijake \u0161e en nasvet, ki bi marsikomu pred prvim testom lahko pri\u0161el \u0161e kako prav. Pravi namre\u010d, naj dobro opazujejo svoje profesorje in posku\u0161ajo razumeti, kako ti razmi\u0161ljajo ter katerim stvarem pri pouku dajejo najve\u010d poudarka. \u00bbNa\u0161tudirajte vsakega profesorja, kako razmi\u0161lja, kako predava, katerim stvarem daje poudarek,\u00ab svetuje. \u010ce dijak razume na\u010din profesorjevega dela, bo po njegovem tudi la\u017eje vedel, \u010demu mora pri u\u010denju nameniti najve\u010d pozornosti. Sam sicer ne zagovarja slepega piflanja, temve\u010d tako imenovani ustvarjalni priklic znanja, saj lahko nau\u010deno na pamet v stresnem trenutku hitro izgine iz glave.<\/p>\n<p><img decoding=\"async\" class=\"article__img-tag-visible\" src=\"https:\/\/www.europesays.com\/si\/wp-content\/uploads\/2026\/09\/3713968.width-660.format-webp.webp\" alt=\"Dr. Uro\u0161 Ocepek verjame, da u\u010ditelj mladim ne predaja le znanja, temve\u010d tudi vrednote. FOTO: Marko Feist\" img_id=\"11780801\" data-img-id=\"11780801\"\/><\/p>\n<p>Dr. Uro\u0161 Ocepek verjame, da u\u010ditelj mladim ne predaja le znanja, temve\u010d tudi vrednote. FOTO: Marko Feist<\/p>\n<p>Pri u\u010denju si je pomagal z barvami, pod\u010drtavanjem, obla\u010dki in drugimi vizualnimi oporami, zaradi katerih se nekaterih snovi spominja \u0161e danes. Ob za\u010detku \u0161olskega leta pa ni pozabil niti na svoje kolege u\u010ditelje in profesorje. \u00bbPredvsem bi si \u017eelel, da vsi gremo vedno nasmejani v razred, da vsi sprejmemo dijake, hkrati pa ozavestimo, da imamo zelo plemenit poklic in da moramo biti ponosni, da smo u\u010ditelji,\u00ab jim sporo\u010da. Ob vseh pedago\u0161kih nasvetih pa Ocepek skriva \u0161e precej nepri\u010dakovano dru\u017einsko zanimivost: po njegovih besedah je DNK-test pokazal povezavo z Vikingi. Sam se sicer po\u0161ali, da je videti zelo slovansko, a pravi, da ga rezultati bolj ume\u0161\u010dajo med kijevske Ruse, pri katerih se prepletajo slovanske in vikin\u0161ke korenine.<\/p>\n","protected":false},"excerpt":{"rendered":"Ob za\u010detku novega \u0161olskega leta ima dr. Uro\u0161 Ocepek za u\u010dence in dijake jasno sporo\u010dilo: v \u0161olo naj&hellip;\n","protected":false},"author":2,"featured_media":212156,"comment_status":"","ping_status":"","sticky":false,"template":"","format":"standard","meta":{"footnotes":"","_share_on_mastodon":"0"},"categories":[18],"tags":[114,1909,62,37,58,60,38,4441,2340,4263,894,23678,115,51774],"class_list":["post-212155","post","type-post","status-publish","format-standard","has-post-thumbnail","category-zabava","tag-entertainment","tag-izobrazevanje","tag-si","tag-slovene","tag-slovenia","tag-slovenija","tag-slovenscina","tag-sokkast","tag-sola","tag-ucenci","tag-ucitelj","tag-uros-ocepek","tag-zabava","tag-zacetek-solskega-leta"],"share_on_mastodon":{"url":"https:\/\/pubeurope.com\/@si\/117198678210744399","error":""},"_links":{"self":[{"href":"https:\/\/www.europesays.com\/si\/wp-json\/wp\/v2\/posts\/212155","targetHints":{"allow":["GET"]}}],"collection":[{"href":"https:\/\/www.europesays.com\/si\/wp-json\/wp\/v2\/posts"}],"about":[{"href":"https:\/\/www.europesays.com\/si\/wp-json\/wp\/v2\/types\/post"}],"author":[{"embeddable":true,"href":"https:\/\/www.europesays.com\/si\/wp-json\/wp\/v2\/users\/2"}],"replies":[{"embeddable":true,"href":"https:\/\/www.europesays.com\/si\/wp-json\/wp\/v2\/comments?post=212155"}],"version-history":[{"count":0,"href":"https:\/\/www.europesays.com\/si\/wp-json\/wp\/v2\/posts\/212155\/revisions"}],"wp:featuredmedia":[{"embeddable":true,"href":"https:\/\/www.europesays.com\/si\/wp-json\/wp\/v2\/media\/212156"}],"wp:attachment":[{"href":"https:\/\/www.europesays.com\/si\/wp-json\/wp\/v2\/media?parent=212155"}],"wp:term":[{"taxonomy":"category","embeddable":true,"href":"https:\/\/www.europesays.com\/si\/wp-json\/wp\/v2\/categories?post=212155"},{"taxonomy":"post_tag","embeddable":true,"href":"https:\/\/www.europesays.com\/si\/wp-json\/wp\/v2\/tags?post=212155"}],"curies":[{"name":"wp","href":"https:\/\/api.w.org\/{rel}","templated":true}]}}