{"id":212195,"date":"2026-09-02T01:58:10","date_gmt":"2026-09-02T01:58:10","guid":{"rendered":"https:\/\/www.europesays.com\/si\/212195\/"},"modified":"2026-09-02T01:58:10","modified_gmt":"2026-09-02T01:58:10","slug":"pomlajene-krimovke-drzno-v-novo-sezono","status":"publish","type":"post","link":"https:\/\/www.europesays.com\/si\/212195\/","title":{"rendered":"Pomlajene krimovke drzno v novo sezono"},"content":{"rendered":"<p>Rokometa\u0161ice Krima OTP Group Mercatorja so konec prej\u0161njega tedna doma\u010do sezono odprle s pri\u010dakovano in prepri\u010dljivo zmago na slovenskem superpokalu v Celju, svojo pravo vrednost pa bodo pokazale na tekmah evropske lige prvakinj. Prvi preizkus znanja jih \u010daka \u017ee v soboto v dvorani Sto\u017eice proti tradicionalnim tekmicam iz Bukare\u0161te.<\/p>\n<p>Na dana\u0161nji atraktivni predstavitvi ekipe pred za\u010detkom mednarodne sezone 2026\/27 v dvorani Sto\u017eice ni manjkalo znanih obrazov iz zgodovine ljubljanskega kluba, ki je letos poleti do\u017eivela korenite spremembe. Ekipo sta zapustili prvokategorni francoski zunanji igralki Tamara Hora\u010dek in Grace Zaadi Deuna, Danka Sofie Bardrum-Larsen in Srbkinja Milica Ignjatovi\u0107, aktivno igralsko kariero pa je kon\u010dala nekdanja slovenska reprezentantka na krilnem polo\u017eaju Tamara Mavsar.<\/p>\n<p>Na trenerski stol se je usedel danski strokovnjak<\/p>\n<p>Vodstvo kluba je z mesta trenerja odstavilo tudi \u017digo Novaka in na njegov polo\u017eaj ustoli\u010dilo danskega strokovnjaka Rasmusa Poulsena. Nastalo kadrovsko vrzel sta na igri\u0161\u010du zapolnili Danki Anne With Johansen in Alberte Kielstrup Madsen, pri\u0161li sta tudi nadarjeni Avstrijki Eleonora Stankovi\u0107 in Andrea Barnjak ter Angolka Stelvia Pascoul.<\/p>\n<p><img decoding=\"async\" alt=\"Iztok Verdnik | Foto: Tamino Petelin\u0161ek\/STA\" class=\"article_content__inline_image js_imageLightbox is-clickable\" data-author=\"Tamino Petelin\u0161ek\/STA\" data-caption=\"\" data-height=\"4912\" data-href=\"https:\/\/siol.net\/media\/img\/4b\/20\/2b8d3ab3e65bc8a8f751-iztok-verdnik.jpeg\" data-width=\"7360\" loading=\"lazy\" src=\"\/media\/img\/25\/56\/026b860e4d99c87403ce-iztok-verdnik.jpeg\" title=\"Iztok Verdnik\"\/><\/p>\n<p> Foto: Tamino Petelin\u0161ek\/STA <\/p>\n<p>Zgodba na dalj\u0161e obdobje<\/p>\n<p>&#8220;Zgodba Krima v tej sezoni ni zgodba za eno tekmo, ampak je zgodba za dalj\u0161e obdobje. Prepri\u010dan sem, da smo se odlo\u010dili za pravo pot,&#8221; je za STA uvodoma dejal predsednik kluba Iztok Verdnik.<\/p>\n<p>&#8220;Na doma\u010dem prizori\u0161\u010du \u017eelimo zadr\u017eati primat, prvo lovoriko smo \u017ee osvojili konec minulega tedna v Celju. Na mednarodni sceni si \u017eelim, da bi videli novo energijo mlade ekipe in njeno \u017eeljo po zmagi. \u010ce bomo to videli na tekmah, potem bomo v klubu vsi zadovoljni in veseli,&#8221; je \u0161e dodal Verdnik.<\/p>\n<p><img decoding=\"async\" alt=\"Deja Doler | Foto: Ale\u0161 Fev\u017eer\" class=\"article_content__inline_image js_imageLightbox is-clickable\" data-author=\"Ale\u0161 Fev\u017eer\" data-caption=\"\" data-height=\"4000\" data-href=\"https:\/\/siol.net\/media\/img\/2f\/49\/30428c968fab1882da08-deja-doler.jpeg\" data-width=\"6000\" loading=\"lazy\" src=\"\/media\/img\/51\/be\/b12a7413b88e9c2fc624-deja-doler.jpeg\" title=\"Deja Doler\"\/><\/p>\n<p> Foto: Ale\u0161 Fev\u017eer <\/p>\n<p>Prepri\u010dani so, da bo ekipa ostala mo\u010dna in povezana<\/p>\n<p>&#8220;Prepri\u010dana sem, da bodo krimovke v novi sezoni drzne in pogumne ter v ponos klubu in mestu. Dejstvo je, da te mlade punce potrebujejo dolo\u010den \u010das, na vodstvu kluba pa je, da jim vselej stoji ob strani. V obra\u010dunu proti najbolj\u0161im evropskim ekipam bodo pri\u0161li tudi te\u017eki \u010dasi, a prepri\u010dana sem, da bo ekipa ostala mo\u010dna in povezana. V pripravljalnem obdobju so igralke \u017ee pokazale tisto, kar smo si \u017eeleli. Gre za ekipo, ki si \u017eeli napredka in ka\u017ee veliko \u017eeljo, da je iz dneva v dan bolj\u0161a,&#8221; je med drugim dejala direktorica kluba Deja Doler Ivanovi\u0107.<\/p>\n<p><img decoding=\"async\" alt=\"Ana Abina | Foto: Luka Kotnik\/alesfevzer.com\" class=\"article_content__inline_image js_imageLightbox is-clickable\" data-author=\"Luka Kotnik\/alesfevzer.com\" data-caption=\"Ana Abina\" data-height=\"2532\" data-href=\"https:\/\/siol.net\/media\/img\/6b\/13\/84c6f28e412d909f9b14-krim-mercator-csm-bucaresti-ana-abina.jpeg\" data-width=\"3798\" loading=\"lazy\" src=\"\/media\/img\/2e\/b3\/33ab66d02d10fe90244f-krim-mercator-csm-bucaresti-ana-abina.jpeg\" title=\"Krim Mercator :  CSM Bucaresti, Ana Abina\"\/><\/p>\n<p> Ana Abina<br \/>\n Foto: Luka Kotnik\/alesfevzer.com <\/p>\n<p>&#8220;Pred nami je te\u017eka in zahtevna sezona&#8221;<\/p>\n<p>Ljubljan\u010danke bodo v novi sezoni na doma\u010dem prizori\u0161\u010du naskakovale 32. naslov dr\u017eavnih in 31. naslov pokalnih prvakinj, na mednarodni sceni pa se v izostreni in izjemno mo\u010dni skupini nadejajo uvrstitve v izlo\u010dilne boje. Njihove skupinske tekmice so danski Esbjerg, romunska Bukare\u0161ta, mad\u017earski Ferencvaros, francoski Brest, nem\u0161ka Borussia Dortmund, norve\u0161ka Sola in \u010drnogorska Budu\u0107nost Podgorica.<\/p>\n<p>&#8220;Pred nami je te\u017eka in zahtevna sezona, a verjamem v svoje soigralke. Imamo energijo in neko posebno vez ter smo pripravljene na sezono polno izzivov,&#8221; je med drugim dejala Ana Abina, ena redkih igralk iz minule sezone, ki bo &#8211; ob kapetanki Nini Zuli\u0107, Maji Vojnovi\u010d in Jovani Risovi\u0107 &#8211; tudi v novi igrala za povsem prenovljeno ljubljansko ekipo.<\/p>\n<p>Preberite \u0161e:<\/p>\n","protected":false},"excerpt":{"rendered":"Rokometa\u0161ice Krima OTP Group Mercatorja so konec prej\u0161njega tedna doma\u010do sezono odprle s pri\u010dakovano in prepri\u010dljivo zmago na&hellip;\n","protected":false},"author":2,"featured_media":212196,"comment_status":"","ping_status":"","sticky":false,"template":"","format":"standard","meta":{"footnotes":"","_share_on_mastodon":"0"},"categories":[16],"tags":[318,301,62,37,58,60,38,94,93],"class_list":["post-212195","post","type-post","status-publish","format-standard","has-post-thumbnail","category-sport","tag-krim-mercator","tag-rokomet","tag-si","tag-slovene","tag-slovenia","tag-slovenija","tag-slovenscina","tag-sport","tag-sports"],"share_on_mastodon":{"url":"https:\/\/pubeurope.com\/@si\/117198973319496571","error":""},"_links":{"self":[{"href":"https:\/\/www.europesays.com\/si\/wp-json\/wp\/v2\/posts\/212195","targetHints":{"allow":["GET"]}}],"collection":[{"href":"https:\/\/www.europesays.com\/si\/wp-json\/wp\/v2\/posts"}],"about":[{"href":"https:\/\/www.europesays.com\/si\/wp-json\/wp\/v2\/types\/post"}],"author":[{"embeddable":true,"href":"https:\/\/www.europesays.com\/si\/wp-json\/wp\/v2\/users\/2"}],"replies":[{"embeddable":true,"href":"https:\/\/www.europesays.com\/si\/wp-json\/wp\/v2\/comments?post=212195"}],"version-history":[{"count":0,"href":"https:\/\/www.europesays.com\/si\/wp-json\/wp\/v2\/posts\/212195\/revisions"}],"wp:featuredmedia":[{"embeddable":true,"href":"https:\/\/www.europesays.com\/si\/wp-json\/wp\/v2\/media\/212196"}],"wp:attachment":[{"href":"https:\/\/www.europesays.com\/si\/wp-json\/wp\/v2\/media?parent=212195"}],"wp:term":[{"taxonomy":"category","embeddable":true,"href":"https:\/\/www.europesays.com\/si\/wp-json\/wp\/v2\/categories?post=212195"},{"taxonomy":"post_tag","embeddable":true,"href":"https:\/\/www.europesays.com\/si\/wp-json\/wp\/v2\/tags?post=212195"}],"curies":[{"name":"wp","href":"https:\/\/api.w.org\/{rel}","templated":true}]}}