{"id":212225,"date":"2026-09-02T02:55:12","date_gmt":"2026-09-02T02:55:12","guid":{"rendered":"https:\/\/www.europesays.com\/si\/212225\/"},"modified":"2026-09-02T02:55:12","modified_gmt":"2026-09-02T02:55:12","slug":"slovenija-se-je-z-rezervno-postavo-dobro-zoperstavila-francozom","status":"publish","type":"post","link":"https:\/\/www.europesays.com\/si\/212225\/","title":{"rendered":"Slovenija se je z rezervno postavo dobro zoperstavila Francozom"},"content":{"rendered":"<p>\t\t\t\t\t\t\t\t<a href=\"https:\/\/www.europesays.com\/si\/wp-content\/uploads\/2026\/09\/67085963.jpg\" itemprop=\"contentUrl\" data-size=\"1200x800\" data-large=\"https:\/\/www.europesays.com\/si\/wp-content\/uploads\/2026\/09\/67085963.jpg\"><br \/>\n\t\t\t\t\t\t\t\t\t<img decoding=\"async\" src=\"https:\/\/www.europesays.com\/si\/wp-content\/uploads\/2026\/09\/67085963.jpg\" title=\"Slovenija je v Krakovu dvakrat izgubila. Foto: OZS\" alt=\"Slovenija je v Krakovu dvakrat izgubila. Foto: OZS\"\/><br \/>\n\t\t\t\t\t\t\t\t<\/a><\/p>\n<p>\t\t\t\t\t\t\t\t\tSlovenija je v Krakovu dvakrat izgubila. Foto: OZS<\/p>\n<p>\t\t\t\t\t\t\t<a id=\"preferredSourceBanner\" href=\"https:\/\/www.rtvslo.si\/sport\/odbojka\/slovenija-se-je-z-rezervno-postavo-dobro-zoperstavila-francozom\/javascript:void(0)\" target=\"_blank\" class=\"d-none align-items-center justify-content-between rounded my-3\" style=\"padding: 10px 15px;\" rel=\"nofollow noopener\"><br \/>\n\t\t\t\t\t\t<img decoding=\"async\" src=\"https:\/\/img.rtvslo.si\/_static\/novi\/img\/ico-google.svg\" class=\"flex-shrink-0 mr-3\" aria-hidden=\"true\"\/><br \/>\n\t\t\t\t\t\tSpremljajte RTVSLO.si kot prednostni vir na Google<\/p>\n<p>\t\t\t\t\t<\/a><\/p>\n<p>Poljska je v petek slavila s 3:2 (24, \u2013 21, 19, \u2013 23, 11). V skraj\u0161anem petem nizu so zmagovalci Lige narodov povedli s 3:0 in 8:4 in tekmo mirno pripeljali do konca. <\/p>\n<p>Oglas<\/p>\n<p>To je bil \u0161e drugi medsebojni dvoboj Poljske in Slovenije v tem mesecu, potem ko sta se reprezentanci na Kitajskem sre\u010dali v polfinalu Lige narodov. Poljska je takrat zmagala s <a href=\"https:\/\/www.rtvslo.si\/sport\/odbojka\/poljaki-gladko-boljsi-slovenci-po-porazu-0-3-v-boj-za-bron-proti-japoncem\/789680\" data-mce-href=\"https:\/\/www.rtvslo.si\/sport\/odbojka\/poljaki-gladko-boljsi-slovenci-po-porazu-0-3-v-boj-za-bron-proti-japoncem\/789680\" data-mce- rel=\"nofollow noopener\" target=\"_blank\">3:0<\/a>.<\/p>\n<p>Bartlomiej Bolad\u017e je bil s 24 to\u010dkami naju\u010dinkovitej\u0161i pri Poljakih, v slovenski reprezentanci pa je s 25 to\u010dkami izstopal Nik Mujanovi\u0107.<\/p>\n<p>Soli proti Franciji z ve\u010dinoma mlado zasedbo <br \/>Le 15 ur po dvoboju s Poljsko je sledil \u0161e en zahteven nasprotnik, Francija, ki je zmagala s 3:1 (\u2013 16, 21, 15, 21). Rok Bra\u010dko se je izkazal z 18 to\u010dkami, Luka Marovt s 13. Slovenska vrsta je gladko dobila prvi niz, ko pa so olimpijski prvaki, ki jih vodi nekdanji slovenski selektor Andrea Giani, ujeli ritem, so bili slovenski fantje brez mo\u017enosti.<\/p>\n<p>V drugem nizu so sicer \u0161e dr\u017eali do izida 13:13, ko pa so jim Francozi u\u0161li, jih niso mogli ve\u010d ujeti. Tretji niz je bil s slovenske strani najslab\u0161i, v \u010detrtem pa so \u0161e grozili, a tekmeci v kon\u010dnici niso dovolili, da bi jih ujeli.<\/p>\n<p>Slovenci so proti francoski izbrani vrsti nastopili skoraj brez vseh najbolj\u0161ih igralcev, Soli je prilo\u017enost ponudil rezervistom. Tako so ve\u010dino tekme odigrali Klemen \u0160en, Luka Marolt, Rok Bra\u010dko, Gregor Okrogli\u010d, Janez Jan\u017e Kr\u017ei\u010d, Nejc Najdi\u010d, povpre\u010dno starost pa je vi\u0161al Alen Pajenk.<\/p>\n<p>&#8220;Pomembno je bilo, da smo v\u010deraj in danes na igri\u0161\u010du videli vse igralce. V primerjavi z v\u010deraj\u0161njo tekmo smo danes za\u010deli agresivno, pritiskali smo s servisom in mislim, da smo odigrali zelo dober prvi niz. V nadaljevanju smo imeli te\u017eave v napadu in pri doseganju to\u010dk za menjavo. Zadovoljen in vesel sem, kako so fantje danes servirali, saj so \u0161ele v zadnjem nizu za\u010deli izgubljati mo\u010d in energijo ter posledi\u010dno nadzor nad servisom. \u0160e enkrat ponavljam, da sem vesel, kako so opravili to nalogo, saj sem jih prosil, naj tvegajo nekoliko ve\u010d, kot bi sicer, da lahko ugotovimo, kje so trenutno na\u0161e meje. Na evropskem prvenstvu bomo zagotovo potrebovali dober ritem in kakovosten servis. Na tem delamo tako na treningih kot tudi na tak\u0161nih prijateljskih tekmah,&#8221; je glavni cilj navedel Soli, ki pa mu ni bilo vseeno za rezultat.<\/p>\n<p>&#8220;Dana\u0161nja sicer ni bila zgolj prijateljska, saj je bilo okoli nas ogromno gledalcev in navija\u010dev. Gre za izjemno okolje, v katerem lahko igramo na svojih mejah. Na neki na\u010din smo danes odigrali dobro tekmo, prav tako v\u010deraj, seveda pa nisem popolnoma zadovoljen, saj verjamem, da se lahko \u0161e izbolj\u0161amo,&#8221; je dejal Soli.<\/p>\n<p>Slovenci se bodo v nedeljo pomerili \u0161e z Ameri\u010dani.<\/p>\n<p>WAGNERJEV MEMORIAL, Krakov:<\/p>\n<p>Petek:<br \/>POLJSKA \u2013 SLOVENIJA 3:2 (24, \u2013 21, 19, \u2013 23, 11)<br \/>Poljska: Popiwczak, Komenda 2, Lemanski, Leon 9, Sliwka, Szalpuk 9, Semeniuk 8,<br \/>Jakub 10, Formal 5, Boladz 24, Jakubiszak 2, Sasak2, Nowak 5, Firlej. Selektor:<br \/>Nikola Grbi\u0107<br \/>Slovenija: Pajenk, Planin\u0161i\u010d 2, Kozamernik 11, Marovt, Bra\u010dko 12, \u0160talekar 10, Okrogli\u010d,<br \/>Kova\u010di\u010d, Urnaut 5, Mo\u017ei\u010d 7, Mujanovi\u0107 25, Kr\u017ei\u010d 3, Najdi\u010d 1, \u0160en 4. Selektor: Fabio Soli.<\/p>\n<p>Sobota:<br \/>SLOVENIJA \u2013 FRANCIJA 1:3 (16, \u2013 21, \u2013 15, \u2013 21)<br \/>Francija: Tizi-Oualou 1, Brizard, Boyer 20, Henno, Clevenot, Diez, Faure, Gueye 11,<br \/>Huetz, Iyegbekedo, Pothron 13, Magnin 5, Ramon, Duflos 9. Selektor: Andrea Giani<br \/>Slovenija: Pajenk 8, Planin\u0161i\u010d 1, Kozamernik, Marovt 13, Bra\u010dko 18, \u0160talekar, Okrogli\u010d,<br \/>Kova\u010di\u010d, Urnaut, Mo\u017ei\u010d, Kr\u017ei\u010d Ja. 5, Kr\u017ei\u010d Jo., Najdi\u010d 1, \u0160en 10. Selektor: Fabio Soli.<\/p>\n<p>Nedelja ob 14.00:<br \/>SLOVENIJA \u2013 ZDA <\/p>\n<p>Oglas<\/p>\n","protected":false},"excerpt":{"rendered":"Slovenija je v Krakovu dvakrat izgubila. Foto: OZS Spremljajte RTVSLO.si kot prednostni vir na Google Poljska je v&hellip;\n","protected":false},"author":2,"featured_media":212226,"comment_status":"","ping_status":"","sticky":false,"template":"","format":"standard","meta":{"footnotes":"","_share_on_mastodon":"0"},"categories":[16],"tags":[146,1052,62,37,58,60,38,94,93,50974],"class_list":["post-212225","post","type-post","status-publish","format-standard","has-post-thumbnail","category-sport","tag-odbojka","tag-poljska","tag-si","tag-slovene","tag-slovenia","tag-slovenija","tag-slovenscina","tag-sport","tag-sports","tag-wagnerjev-memorial"],"share_on_mastodon":{"url":"https:\/\/pubeurope.com\/@si\/117199197305779061","error":""},"_links":{"self":[{"href":"https:\/\/www.europesays.com\/si\/wp-json\/wp\/v2\/posts\/212225","targetHints":{"allow":["GET"]}}],"collection":[{"href":"https:\/\/www.europesays.com\/si\/wp-json\/wp\/v2\/posts"}],"about":[{"href":"https:\/\/www.europesays.com\/si\/wp-json\/wp\/v2\/types\/post"}],"author":[{"embeddable":true,"href":"https:\/\/www.europesays.com\/si\/wp-json\/wp\/v2\/users\/2"}],"replies":[{"embeddable":true,"href":"https:\/\/www.europesays.com\/si\/wp-json\/wp\/v2\/comments?post=212225"}],"version-history":[{"count":0,"href":"https:\/\/www.europesays.com\/si\/wp-json\/wp\/v2\/posts\/212225\/revisions"}],"wp:featuredmedia":[{"embeddable":true,"href":"https:\/\/www.europesays.com\/si\/wp-json\/wp\/v2\/media\/212226"}],"wp:attachment":[{"href":"https:\/\/www.europesays.com\/si\/wp-json\/wp\/v2\/media?parent=212225"}],"wp:term":[{"taxonomy":"category","embeddable":true,"href":"https:\/\/www.europesays.com\/si\/wp-json\/wp\/v2\/categories?post=212225"},{"taxonomy":"post_tag","embeddable":true,"href":"https:\/\/www.europesays.com\/si\/wp-json\/wp\/v2\/tags?post=212225"}],"curies":[{"name":"wp","href":"https:\/\/api.w.org\/{rel}","templated":true}]}}