{"id":212267,"date":"2026-09-02T04:02:19","date_gmt":"2026-09-02T04:02:19","guid":{"rendered":"https:\/\/www.europesays.com\/si\/212267\/"},"modified":"2026-09-02T04:02:19","modified_gmt":"2026-09-02T04:02:19","slug":"crni-ponedeljek-roberta-goloba-fasal-kazenski-pregon-po-blitzkriegu-jerneja-vrtovca-ostal-se-brez-denarnice-gen-i-portal24","status":"publish","type":"post","link":"https:\/\/www.europesays.com\/si\/212267\/","title":{"rendered":"\u010crni ponedeljek Roberta Goloba: fasal kazenski pregon, po blitzkriegu Jerneja Vrtovca ostal \u0161e brez denarnice Gen-I ~ Portal24"},"content":{"rendered":"\n<p>              <img loading=\"lazy\" width=\"2048\" height=\"1365\" src=\"data:image\/svg+xml,%3Csvg%20xmlns=\" http:=\"\" class=\"img-fluid wp-post-image\" alt=\"\" title=\"golob sta\" decoding=\"async\" data-lazy- data-lazy- data-lazy-src=\"https:\/\/www.europesays.com\/si\/wp-content\/uploads\/2026\/09\/golob-sta-1-2.jpg\"\/><img loading=\"lazy\" width=\"2048\" height=\"1365\" src=\"https:\/\/www.europesays.com\/si\/wp-content\/uploads\/2026\/09\/golob-sta-1-2.jpg\" class=\"img-fluid wp-post-image\" alt=\"\" title=\"golob sta\" decoding=\"async\"  \/>Robert Golob [Foto: Bor Slana, STA]              &#13;<\/p>\n<p class=\"wp-block-paragraph\">Ko je medijski kartel pod kontrolo tranzicijske levice minule dni vehementno napovedoval tako imenovano peklensko politi\u010dno jesen, si zagotovo niso niti v sanjah predstavljali, kako se bo kon\u010dal \u2013 v\u010deraj\u0161nji \u2013 zadnji dan poletnega avgusta. Da bo 31. avgust pri\u0161el v slovensko zgodovino kot \u201c\u010drni ponedeljek\u201d\u00a0biv\u0161ega predsednika vlade\u00a0in\u00a0liderja Svobode\u00a0Roberta Goloba, ki ga je\u00a0revija Mladina\u00a0pred \u010dasom razglasila celo za \u201ckralja opozicije\u201d.<\/p>\n<p class=\"wp-block-paragraph\">Za\u010delo se je dramati\u010dno.\u00a0Zoran Stevanovi\u0107,\u00a0predsednik dr\u017eavnega zbora\u00a0in stranke Resnice je zgodaj dopoldne medijem povedal, da\u00a0Specializirano dr\u017eavno to\u017eilstvo\u00a0(SDT) zahteva od dr\u017eavnega zbora, naj se opredeli do poslanske <a href=\"https:\/\/portal24.si\/golobu-grozi-do-sest-let-zapora-o-njegovi-imuniteti-bodo-odlocali-poslanci\/\" rel=\"nofollow noopener\" target=\"_blank\">imunitete poslanca Goloba, saj mu grozi kazenski postopek, kjer je zagro\u017eena kazen do \u0161estih let zapora<\/a>. Gre pa za kaznivo dejanje dajanja daril za nezakonito posredovanje (264. \u010dlen Kazenskega zakonika) in\u00a0afero Bobnar-Lindav.<\/p>\n<p class=\"wp-block-paragraph\">Pregon zoper Goloba na SDT vodi medijsko znana\u00a0specializirana dr\u017eavna to\u017eilka\u00a0Blanka \u017dgajnar, ki med delom javnosti velja tudi za \u201cJankovi\u0107evo to\u017eilko\u201d, saj je celo vrsto postopkov zoper ljubljanskega \u017eupana Zorana Jankovi\u0107a \u017ee zapravila. Ona sicer trdi, da po krivdi sodi\u0161\u010da, ne njeni. No, za Goloba bi vsekakor bilo manj prijetno, \u010de bi kazenski pregon zoper njega prevzela trmasta Mateja Gon\u010din, neposredna kolegica Blanke \u017dgajnar, \u010deprav so nekateri mnenja, da se bo \u017dgajnarjeva prav s pregonom Goloba \u017eelela odkupiti za poraze proti Jankovi\u0107u.<\/p>\n<p class=\"wp-block-paragraph\">Kakor koli, Stevanovi\u0107 je zahtevo SDT in kazenski pregon \u201cgospoda Natega\u201d javnosti sporo\u010dil z vidnim politi\u010dno-psiholo\u0161kim u\u017eitkom in zdaj se gre za Golobovo imuniteto. \u010ce se bo Golob skliceval na poslansko imuniteto, je to na nek na\u010din priznanje krivde, poleg tega mu lahko dr\u017eavni zbor z ve\u010dinskim glasovanjem imuniteto tudi odvzame. \u010ce se Golob na imuniteto ne bo skliceval, pa\u010d sledi kazenski postopek in Golob avtomati\u010dno tvega zaporno kazen. Njegov\u00a0odvetnik\u00a0Stojan Zdol\u0161ek\u00a0je sicer \u017ee sporo\u010dil, da Golob imunitete ne bo uveljavljal.<\/p>\n<p><a href=\"https:\/\/direktno.si\" aria-label=\"Direktno banner v clanku\" rel=\"nofollow noopener\" target=\"_blank\"><img loading=\"lazy\" decoding=\"async\" src=\"data:image\/svg+xml,%3Csvg%20xmlns=\" http:=\"\" alt=\"\" data-lazy- data-lazy- class=\"no-lazyload\" width=\"1129\" height=\"281\" data-lazy-src=\"https:\/\/www.europesays.com\/si\/wp-content\/uploads\/2026\/09\/1788321739_535_Screenshot-2026-03-28-at-07.44.44.png\"\/><img loading=\"lazy\" decoding=\"async\" src=\"https:\/\/www.europesays.com\/si\/wp-content\/uploads\/2026\/09\/1788321739_535_Screenshot-2026-03-28-at-07.44.44.png\" alt=\"\"   class=\"no-lazyload\" width=\"1129\" height=\"281\"\/><\/a><\/p>\n<p class=\"wp-block-paragraph\">Sode\u010d po prvih reakcijah iz Gibanja Svobode so tam \u2013 razumljivo \u2013 pristali v \u0161oku, poslanka\u00a0Tamara Vonta\u00a0je menda na robu \u017eiv\u010dnega zloma, nenazadnje, kako <a href=\"https:\/\/portal24.si\/andrej-vizjak-prevzel-gen-energijo-napovedal-tudi-razresitev-odnosa-z-gen-i\/\" rel=\"nofollow noopener\" target=\"_blank\">bo zdaj Golob<\/a> \u2026 ve\u010d na<a href=\"https:\/\/pozareport.si\/post\/crni-ponedeljek-roberta-goloba-fasal-kazenski-pregon-po-blitzkriegu-jerneja-vrtovca-ostal-se-brez-denarnice-gen-i\" rel=\"nofollow noopener\" target=\"_blank\"> Po\u017eareport.<\/a><\/p>\n<p>\n\tPovezani \u010dlanki:\n<\/p>\n<p>        &#13;<br \/>\n        &#13;<br \/>\n                    &#13;<\/p>\n<p>\t\tNavigacija prispevka<\/p>\n","protected":false},"excerpt":{"rendered":"Robert Golob [Foto: Bor Slana, STA] &#13; Ko je medijski kartel pod kontrolo tranzicijske levice minule dni vehementno&hellip;\n","protected":false},"author":2,"featured_media":212268,"comment_status":"","ping_status":"","sticky":false,"template":"","format":"standard","meta":{"footnotes":"","_share_on_mastodon":"0"},"categories":[20],"tags":[10193,53,32,7182,1526,35,31,34,36,50,37,38,33],"class_list":["post-212267","post","type-post","status-publish","format-standard","has-post-thumbnail","category-novice","tag-gen-i","tag-gibanje-svoboda","tag-headlines","tag-jernej-vrtovec","tag-kazenska-ovadba","tag-najpomembnejse-novice","tag-news","tag-novice","tag-osrednje-novice","tag-robert-golob","tag-slovene","tag-slovenscina","tag-top-stories"],"share_on_mastodon":{"url":"https:\/\/pubeurope.com\/@si\/117199460546087341","error":""},"_links":{"self":[{"href":"https:\/\/www.europesays.com\/si\/wp-json\/wp\/v2\/posts\/212267","targetHints":{"allow":["GET"]}}],"collection":[{"href":"https:\/\/www.europesays.com\/si\/wp-json\/wp\/v2\/posts"}],"about":[{"href":"https:\/\/www.europesays.com\/si\/wp-json\/wp\/v2\/types\/post"}],"author":[{"embeddable":true,"href":"https:\/\/www.europesays.com\/si\/wp-json\/wp\/v2\/users\/2"}],"replies":[{"embeddable":true,"href":"https:\/\/www.europesays.com\/si\/wp-json\/wp\/v2\/comments?post=212267"}],"version-history":[{"count":0,"href":"https:\/\/www.europesays.com\/si\/wp-json\/wp\/v2\/posts\/212267\/revisions"}],"wp:featuredmedia":[{"embeddable":true,"href":"https:\/\/www.europesays.com\/si\/wp-json\/wp\/v2\/media\/212268"}],"wp:attachment":[{"href":"https:\/\/www.europesays.com\/si\/wp-json\/wp\/v2\/media?parent=212267"}],"wp:term":[{"taxonomy":"category","embeddable":true,"href":"https:\/\/www.europesays.com\/si\/wp-json\/wp\/v2\/categories?post=212267"},{"taxonomy":"post_tag","embeddable":true,"href":"https:\/\/www.europesays.com\/si\/wp-json\/wp\/v2\/tags?post=212267"}],"curies":[{"name":"wp","href":"https:\/\/api.w.org\/{rel}","templated":true}]}}