{"id":212289,"date":"2026-09-02T05:02:09","date_gmt":"2026-09-02T05:02:09","guid":{"rendered":"https:\/\/www.europesays.com\/si\/212289\/"},"modified":"2026-09-02T05:02:09","modified_gmt":"2026-09-02T05:02:09","slug":"vinska-kraljica-z-mozem-svercala-migrante-taksna-je-njuna-kazen","status":"publish","type":"post","link":"https:\/\/www.europesays.com\/si\/212289\/","title":{"rendered":"Vinska kraljica z mo\u017eem \u0161vercala migrante, tak\u0161na je njuna kazen"},"content":{"rendered":"<p>Koliko denarja sta Lidija Mavreti\u010d in Marko Hranilovi\u0107 prejela za prevoz tujcev, niso ugotovili.<\/p>\n<p><img decoding=\"async\" class=\"articlePicture_image___hMGM\" src=\"https:\/\/www.europesays.com\/si\/wp-content\/uploads\/2026\/09\/3714642.width-932.format-webp.webp\" alt=\"Odnesla sta jo s pogojnima zapornima kaznima. FOTO: Jo\u017ee Suhadolnik\" img_id=\"11782821\"\/><\/p>\n<p> Galerija<\/p>\n<p>Odnesla sta jo s pogojnima zapornima kaznima. FOTO: Jo\u017ee Suhadolnik<\/p>\n<p>Nekdanja vinska kraljica in kandidatka SD na evropskih volitvah leta 2004 Lidija Mavreti\u010d in njen mo\u017e Marko Hranilovi\u0107 sta v hudodelski zdru\u017ebi 26. julija 2019 zagre\u0161ila kaznivo dejanje prepovedanega prehajanja meje ali ozemlja dr\u017eave oziroma pogovorno re\u010deno, tihotapila sta migrante. Ko so ju policisti tistega dne zalotili pri Sodra\u017eici, je Mavreti\u010deva v svojem mercedes-benzu CLA preva\u017eala tri dr\u017eavljane Pakistana, njen mo\u017e pa v svoji opel insignii \u0161tiri njihove sorojake.<br \/>\n5400 evrov stranske denarne kazni sta dobila.<br \/>\nTri\u010dlanski sodni senat pod vodstvom Ane Klampfer Binder ne dvomi, da sta &#8230;<\/p>\n<p><a href=\"https:\/\/www.google.com\/preferences\/source?q=slovenskenovice.delo.si\" target=\"_blank\" rel=\"noopener noreferrer nofollow\" class=\"sn-google-source\">&#13;<br \/>\n&#13;<br \/>\n    &#13;<br \/>\n        &#13;<br \/>\n        &#13;<br \/>\n        &#13;<br \/>\n        &#13;<br \/>\n    &#13;<br \/>\n&#13;<br \/>\n    Spremljajte Slovenske novice kot prednostni vir na Googlu&#13;<br \/>\n    \u2192&#13;<br \/>\n&#13;<br \/>\n<\/a><\/p>\n","protected":false},"excerpt":{"rendered":"Koliko denarja sta Lidija Mavreti\u010d in Marko Hranilovi\u0107 prejela za prevoz tujcev, niso ugotovili. Galerija Odnesla sta jo&hellip;\n","protected":false},"author":2,"featured_media":212290,"comment_status":"","ping_status":"","sticky":false,"template":"","format":"standard","meta":{"footnotes":"","_share_on_mastodon":"0"},"categories":[6],"tags":[51984,41151,41152,1012,59,61,62,37,58,60,38,2274,1096,18056,51983],"class_list":["post-212289","post","type-post","status-publish","format-standard","has-post-thumbnail","category-slovenija","tag-kaka-ali","tag-lidija-mavretic","tag-marko-hranilovic","tag-migranti","tag-republic-of-slovenia","tag-republika-slovenija","tag-si","tag-slovene","tag-slovenia","tag-slovenija","tag-slovenscina","tag-sojenje","tag-tihotapljenje","tag-tihotapljenje-ljudi","tag-vinska-kraljica"],"share_on_mastodon":{"url":"https:\/\/pubeurope.com\/@si\/117199696348940562","error":""},"_links":{"self":[{"href":"https:\/\/www.europesays.com\/si\/wp-json\/wp\/v2\/posts\/212289","targetHints":{"allow":["GET"]}}],"collection":[{"href":"https:\/\/www.europesays.com\/si\/wp-json\/wp\/v2\/posts"}],"about":[{"href":"https:\/\/www.europesays.com\/si\/wp-json\/wp\/v2\/types\/post"}],"author":[{"embeddable":true,"href":"https:\/\/www.europesays.com\/si\/wp-json\/wp\/v2\/users\/2"}],"replies":[{"embeddable":true,"href":"https:\/\/www.europesays.com\/si\/wp-json\/wp\/v2\/comments?post=212289"}],"version-history":[{"count":0,"href":"https:\/\/www.europesays.com\/si\/wp-json\/wp\/v2\/posts\/212289\/revisions"}],"wp:featuredmedia":[{"embeddable":true,"href":"https:\/\/www.europesays.com\/si\/wp-json\/wp\/v2\/media\/212290"}],"wp:attachment":[{"href":"https:\/\/www.europesays.com\/si\/wp-json\/wp\/v2\/media?parent=212289"}],"wp:term":[{"taxonomy":"category","embeddable":true,"href":"https:\/\/www.europesays.com\/si\/wp-json\/wp\/v2\/categories?post=212289"},{"taxonomy":"post_tag","embeddable":true,"href":"https:\/\/www.europesays.com\/si\/wp-json\/wp\/v2\/tags?post=212289"}],"curies":[{"name":"wp","href":"https:\/\/api.w.org\/{rel}","templated":true}]}}