{"id":212367,"date":"2026-09-02T06:54:12","date_gmt":"2026-09-02T06:54:12","guid":{"rendered":"https:\/\/www.europesays.com\/si\/212367\/"},"modified":"2026-09-02T06:54:12","modified_gmt":"2026-09-02T06:54:12","slug":"po-incidentu-v-mariboru-streljal-je-fitnes-trener","status":"publish","type":"post","link":"https:\/\/www.europesays.com\/si\/212367\/","title":{"rendered":"Po incidentu v Mariboru: streljal je fitnes trener"},"content":{"rendered":"<p>Kot je znano, se je v sredi\u0161\u010du <a href=\"https:\/\/slovenskenovice.delo.si\/novice\/kronika\/doma\/drama-v-mariboru-malo-po-15-uri-trg-leona-stuklja-zasedli-policisti-res-tudi-streli\" target=\"_blank\" rel=\"nofollow noopener\">mesta, na Trgu Leona \u0160tuklja, namre\u010d zgodil strelski obra\u010dun<\/a>. Nekaj podrobnosti dogajanja je v\u010deraj javnosti razkril Stanko Vidovi\u010d, vodja Sektorja kriminalisti\u010dne policije na Policijski upravi Maribor: \u00bbMariborski policisti danes nadaljujemo intenzivno preiskavo v\u010deraj\u0161njega dogodka, ki se je v sredi\u0161\u010du Maribora zgodil v popoldanskih urah. Kot ka\u017eejo do sedaj zbrana obvestila, je pri\u0161lo do spora med dvema skupinama oseb, pri tem pa je eden izmed njih ustrelil 42-letnega mo\u0161kega iz okolice Maribora ter ga pri tem la\u017eje telesno po\u0161kodoval.\u00ab<\/p>\n<p>Neuradno policija i\u0161\u010de 29-letnega Nikkija Osima, fitnes trenerja, ki naj bi ustrelil 42-letnega Gregorja \u017d. iz okolice Maribora.<\/p>\n<p>Kot je pojasnil, so na kraj dogodka takoj napotili ve\u010d policijskih patrulj, \u00bbki so intenzivno izvajale ukrepe za izsleditev oseb, vpletenih v dogodek\u00ab. Dodal je, da so istega dne tam opravili ogled kraja kaznivega dejanja in zasegli predmete, ki bodo po <a href=\"https:\/\/slovenskenovice.delo.si\/novice\/kronika\/doma\/po-drami-in-strelih-sredi-maribora-iscejo-njega-ste-ga-videli-foto\" target=\"_blank\" rel=\"nofollow noopener\">njegovih besedah pomembni za nadaljnji kazenski postopek<\/a>. \u00bbDanes nadaljujemo intenzivno zbiranje obvestil zaradi suma storitve kaznivega dejanja povzro\u010ditve lahke telesne po\u0161kodbe in kaznivega dejanja povzro\u010ditve splo\u0161ne nevarnosti, katerih storitve je osumljena ena oseba,\u00ab smo \u0161e izvedeli. Identificirali so ve\u010d vpletenih v dogodek, med njimi tudi 29-letnika, za katerega javnost napro\u0161ajo, da posreduje koristne informacije o njegovem gibanju ter to sporo\u010di na telefonsko \u0161tevilko policije 113 ali anonimni telefon 080 1200.<\/p>\n<p><img decoding=\"async\" class=\"article__img-tag-visible\" src=\"https:\/\/www.europesays.com\/si\/wp-content\/uploads\/2026\/09\/3714672.width-660.format-webp.webp\" alt=\"Podrobnosti obra\u010duna je razkril Stanko Vidovi\u010d, vodja mariborskih kriminalistov. FOTO: Arhiv\" img_id=\"11782991\" data-img-id=\"11782991\"\/><\/p>\n<p>Podrobnosti obra\u010duna je razkril Stanko Vidovi\u010d, vodja mariborskih kriminalistov. FOTO: Arhiv<\/p>\n<p>\u017de prej sprti<\/p>\n<p>Kot je \u0161e dejal Vidovi\u010d, so v ponedeljek po streljanju \u2013 izstreljen je bil sicer le en naboj \u2013 eni od oseb za\u010dasno odvzeli prostost zaradi suma, da je bila vpletena v dogodek, vendar se ta sum na koncu ni izkazal za pravilnega. Zato so po njegovih besedah tej osebi policisti pridr\u017eanje nato odpravili. Kriminalisti\u010dna preiskava se je za zdaj osredoto\u010dila zgolj na 29-letnika, ki je na begu.<\/p>\n<p>Kot je \u0161e pojasnil Vidovi\u010d, so dolo\u010dene osebe, ki so bile vpletene v spor, \u017ee stari znanci policije, saj so bili \u017ee obravnavani zaradi kaznivih dejanj z elementi nasilja. Na vpra\u0161anje je pojasnil, da se je spor po do zdaj znanih podatkih odvijal le na eni lokaciji, vendar policisti \u0161e preverjajo okoli\u0161\u010dine, ali se je \u017ee pred tem morda kaj dogajalo drugje.<\/p>\n<p>Dolo\u010deni vpleteni v spor so \u017ee stari znanci policije, saj so bili \u017ee obravnavani zaradi kaznivih dejanj z elementi nasilja.<\/p>\n<p><img decoding=\"async\" class=\"article__img-tag-visible\" src=\"https:\/\/www.europesays.com\/si\/wp-content\/uploads\/2026\/09\/3714673.width-660.format-webp.webp\" alt=\"Policija i\u0161\u010de 29-letnika, ki je glavni osumljenec. FOTO: PU Maribor\" img_id=\"11782981\" data-img-id=\"11782981\"\/><\/p>\n<p>Policija i\u0161\u010de 29-letnika, ki je glavni osumljenec. FOTO: PU Maribor<\/p>\n<p>Po podatkih \u010dasnika Ve\u010der policija i\u0161\u010de 29-letnega Nikkija Osima, fitnes trenerja, ki naj bi ustrelil 42-letnega Gregorja \u017d. iz okolice Maribora. Ranjenega je krogla zadela v nogo. Po neuradnih informacijah \u010dasnika naj bi bili skupina okoli ranjenega 42-letnika in skupina, v kateri je bil Osim, sprti \u017ee nekaj \u010dasa. Pred pribli\u017eno mesecem naj bi med njimi \u017ee pri\u0161lo do fizi\u010dnega obra\u010duna. Po njihovih informacijah naj bi se skupini pred ponedeljkovim streljanjem sre\u010dali tudi v gara\u017eni hi\u0161i trgovskega centra City, kjer Osim vodi fitnes, dogajanje pa se je nato preselilo na Trg Leona \u0160tuklja. Gregorja \u017d., ki je menda \u017ee znan iz mariborskih \u010drnih kronik, naj bi na trg pripeljal beli mercedes. Kako se je avtomobil zna\u0161el na trgu, policija po besedah Vidovi\u010da \u0161e preverja.<\/p>\n","protected":false},"excerpt":{"rendered":"Kot je znano, se je v sredi\u0161\u010du mesta, na Trgu Leona \u0160tuklja, namre\u010d zgodil strelski obra\u010dun. Nekaj podrobnosti&hellip;\n","protected":false},"author":2,"featured_media":212368,"comment_status":"","ping_status":"","sticky":false,"template":"","format":"standard","meta":{"footnotes":"","_share_on_mastodon":"0"},"categories":[22],"tags":[7957,150,779,2052,326,62,37,58,60,38,6478,3817],"class_list":["post-212367","post","type-post","status-publish","format-standard","has-post-thumbnail","category-maribor","tag-iskanje","tag-maribor","tag-nasilje","tag-pobeg","tag-policija","tag-si","tag-slovene","tag-slovenia","tag-slovenija","tag-slovenscina","tag-spor","tag-streljanje"],"share_on_mastodon":{"url":"https:\/\/pubeurope.com\/@si\/117200136889292214","error":""},"_links":{"self":[{"href":"https:\/\/www.europesays.com\/si\/wp-json\/wp\/v2\/posts\/212367","targetHints":{"allow":["GET"]}}],"collection":[{"href":"https:\/\/www.europesays.com\/si\/wp-json\/wp\/v2\/posts"}],"about":[{"href":"https:\/\/www.europesays.com\/si\/wp-json\/wp\/v2\/types\/post"}],"author":[{"embeddable":true,"href":"https:\/\/www.europesays.com\/si\/wp-json\/wp\/v2\/users\/2"}],"replies":[{"embeddable":true,"href":"https:\/\/www.europesays.com\/si\/wp-json\/wp\/v2\/comments?post=212367"}],"version-history":[{"count":0,"href":"https:\/\/www.europesays.com\/si\/wp-json\/wp\/v2\/posts\/212367\/revisions"}],"wp:featuredmedia":[{"embeddable":true,"href":"https:\/\/www.europesays.com\/si\/wp-json\/wp\/v2\/media\/212368"}],"wp:attachment":[{"href":"https:\/\/www.europesays.com\/si\/wp-json\/wp\/v2\/media?parent=212367"}],"wp:term":[{"taxonomy":"category","embeddable":true,"href":"https:\/\/www.europesays.com\/si\/wp-json\/wp\/v2\/categories?post=212367"},{"taxonomy":"post_tag","embeddable":true,"href":"https:\/\/www.europesays.com\/si\/wp-json\/wp\/v2\/tags?post=212367"}],"curies":[{"name":"wp","href":"https:\/\/api.w.org\/{rel}","templated":true}]}}