{"id":212421,"date":"2026-09-02T07:37:10","date_gmt":"2026-09-02T07:37:10","guid":{"rendered":"https:\/\/www.europesays.com\/si\/212421\/"},"modified":"2026-09-02T07:37:10","modified_gmt":"2026-09-02T07:37:10","slug":"putin-nemske-ukrepe-proti-rusiji-po-incidentu-z-dronom-oznacil-za-napako-vzivo","status":"publish","type":"post","link":"https:\/\/www.europesays.com\/si\/212421\/","title":{"rendered":"Putin nem\u0161ke ukrepe proti Rusiji po incidentu z dronom ozna\u010dil za napako #v\u017divo"},"content":{"rendered":"<p>Ruski predsednik Vladimir Putin je nem\u0161ke ukrepe v odziv na incident z dronom na letali\u0161\u010du v Leipzigu, za katerega je Berlin v torek okrivil Rusijo, ozna\u010dil za resno napako. Obto\u017ebe Nem\u010dije je zavrnil kot izmi\u0161ljene, poro\u010dajo tuje tiskovne agencije.<\/p>\n<p>                    Poudarki dneva:<\/p>\n<p>8.19\u00a0<\/p>\n<p>Zelenski letalske dru\u017ebe\u00a0svari pred uporabo ruskega zra\u010dnega prostora<br \/>\n7.50\u00a0Putin nem\u0161ke ukrepe proti Rusiji po incidentu z dronom ozna\u010dil za napako<br \/>\n8.19\u00a0Zelenski letalske dru\u017ebe zaradi dronov svari pred uporabo ruskega zra\u010dnega prostora<\/p>\n<p>Ukrajinski predsednik Volodimir Zelenski je letalske dru\u017ebe v torek posvaril pred uporabo ruskega zra\u010dnega prostora, \u010de\u0161 da ta zaradi ukrajinskih dronov, ki tam delujejo, ni varen. Ruski predsednik Putin ga je v odzivu obto\u017eil &#8220;dr\u017eavnega terorizma&#8221;, poro\u010da francoska tiskovna agencija AFP.<\/p>\n<p>&#8220;\u017delimo posvariti vsako letalsko dru\u017ebo, ki uporablja ruski zra\u010dni prostor, vsako zavarovalnico in vsakogar, ki \u0161e vedno uporablja klju\u010dna ruska letali\u0161\u010da: ruski zra\u010dni prostor ni niti najmanj varen,&#8221; je v izjavi v torek zve\u010der dejal Zelenski. Dodal je, da Ukrajina sicer ne ogro\u017ea civilnega letalstva ali posameznih letal. &#8220;Preprosto bodo v zraku nad Rusijo droni, ki jih je treba upo\u0161tevati,&#8221; je dejal. Kot je pojasnil, so se za svarilo odlo\u010dili, ker ne \u017eelijo izgube nedol\u017enih \u017eivljenj.<\/p>\n<p>Ruski predsednik Vladimir Putin je napoved Zelenskega ozna\u010dil za &#8220;razglasitev dr\u017eavnega terorizma&#8221;. &#8220;Prosijo nas za obnovo pogajanj (&#8230;), ampak s teroristi se ne pogaja\u0161,&#8221; je dejal na novinarski konferenci v Bi\u0161keku in napovedal odziv.<\/p>\n<p>V zadnjih mesecih sta tako Rusija kot tudi Ukrajina, ki se \u017ee ve\u010d kot \u0161tiri leta brani pred rusko agresijo, okrepili napade, medtem ko so diplomatska prizadevanja za kon\u010danje vojne, na \u010delu katerih so ZDA, zastala.<\/p>\n<p>Rusija krepi zlasti uporabo balisti\u010dnih raket, ki jih Kijev zaradi pomanjkanja streliva za sisteme zra\u010dne obrambe le s te\u017eavo prestreza. Se pa Ukrajina na ruske napade odziva z obstreljevanjem ruske infrastrukture, pristani\u0161\u010d in skladi\u0161\u010d spletnih trgovcev. Ukrajinski droni so tudi \u017ee ve\u010dkrat zmotili promet na ruskih letali\u0161\u010dih.<\/p>\n<p>Zelenski je v torkovem nagovoru dejal, da je Ukrajina na pro\u0161njo partnerjev zavoljo diplomacije in pogajanj za\u010dasno in z dolo\u010denih obmo\u010dji pripravljena tudi umakniti svoje drone. Potrdil je denimo medijska poro\u010dila, da so jih za to sredi minulega tedna, ko je Moskvo obiskal prvi mo\u017e ameri\u0161ke obve\u0161\u010devalne agencije Cia, zaprosile ZDA.<\/p>\n<p>Kljub mrtvi to\u010dki, na kateri so se zna\u0161la ameri\u0161ka prizadevanja za mirovni dogovor, je Putin medtem v torek \u0161e dejal, da sta v Moskvi dobrodo\u0161la tudi klju\u010dna predstavnika ameri\u0161ke administracije v pogajanjih \u2013 Steve Witkoff in Jared Kushner. &#8220;Tako gospod Kushner kot gospod Witkoff sta tu vedno dobrodo\u0161la gosta in veseli smo sodelovanja z njima,&#8221; je dejal ter ju opisal kot iskrena.<\/p>\n<p>7.50\u00a0Putin nem\u0161ke ukrepe proti Rusiji po incidentu z dronom ozna\u010dil za napako<\/p>\n<p>Ruski predsednik Vladimir Putin je nem\u0161ke ukrepe v odziv na incident z dronom na letali\u0161\u010du v Leipzigu, za katerega je Berlin v torek okrivil Rusijo, ozna\u010dil za resno napako. Obto\u017ebe Nem\u010dije je zavrnil kot izmi\u0161ljene, poro\u010dajo tuje tiskovne agencije.<\/p>\n<p>&#8220;Kje so dokazi?&#8221; se je na novinarski konferenci v prestolnici Kirgizistana Bi\u0161kek v torek vpra\u0161al Putin. Nem\u010diji je o\u010dital, da je podtaknila dokaze, ki jih je doslej predstavila, da bi lahko okrivila Rusijo. Ocenil je \u0161e, da odziv vlade nem\u0161kega kanclerja Friedricha Merza vodi zlasti notranja politika.<\/p>\n<p>&#8220;Merz je izgubil zaupanje dr\u017eavljanov, ker ne \u0161\u010diti nem\u0161kih nacionalnih interesov,&#8221; je dejal in menil, da bo prihodnost nem\u0161ke vlade na bli\u017eajo\u010dih de\u017eelnih volitvah na kocki zaradi gospodarskih te\u017eav v dr\u017eavi, poro\u010da nem\u0161ka tiskovna agencija dpa.<\/p>\n<p>Podobno se je \u017ee pred tem odzval tiskovni predstavnik Kremlja Dmitrij Peskov, ki je prav tako menil, da za obto\u017ebe Nem\u010dije ni dokazov. Tiskovna predstavnica ruskega zunanjega ministrstva Maria Zaharova pa je napovedala odziv na nem\u0161ke ukrepe z enakovrednimi.<\/p>\n<p>Nem\u010dija je pred tem v torek odgovornost za incident oz. poskus napada na letali\u0161\u010du v Leipzigu minuli mesec pripisala Rusiji. Kot je dejal notranji minister Alexander Dobrindt, na to ka\u017eejo policijska preiskava, vzorci kriminalnih dejavnosti in obve\u0161\u010devalne ugotovitve.<\/p>\n<p>Po navedbah varnostnih virov so dron 4. avgusta na\u0161li v bli\u017eini ukrajinskega tovornega letala. Letali\u0161\u010de Leipzig\/Halle na vzhodu Nem\u010dije ima klju\u010dno vlogo pri prevozu voja\u0161ke opreme, med drugim nem\u0161ke vojske in zaveznikov iz Nata, slu\u017ei pa tudi kot baza ukrajinske letalske dru\u017ebe Antonov Airlines.<\/p>\n<p>Nem\u0161ki zunanji minister Johann Wadephul je v odzivu na ugotovitve naznanil niz ukrepov proti Rusiji, vklju\u010dno z zaprtjem ruskega konzulata v Bonnu z 18. septembrom in prekinitev najemne pogodbe za ruski kulturni center v Berlinu, Rusko hi\u0161o. Poostrili naj bi tudi nadzor vstopa v Nem\u010dijo za ruske dr\u017eavljane in okrepili pritisk na t.i. rusko floto v senci.<\/p>\n","protected":false},"excerpt":{"rendered":"Ruski predsednik Vladimir Putin je nem\u0161ke ukrepe v odziv na incident z dronom na letali\u0161\u010du v Leipzigu, za&hellip;\n","protected":false},"author":2,"featured_media":212422,"comment_status":"","ping_status":"","sticky":false,"template":"","format":"standard","meta":{"footnotes":"","_share_on_mastodon":"0"},"categories":[8],"tags":[421,37,38,64,71,757,882,458,63],"class_list":["post-212421","post","type-post","status-publish","format-standard","has-post-thumbnail","category-svet","tag-rusija","tag-slovene","tag-slovenscina","tag-svet","tag-ukrajina","tag-vladimir-putin","tag-vojna","tag-volodimir-zelenski","tag-world"],"share_on_mastodon":{"url":"https:\/\/pubeurope.com\/@si\/117200305729528872","error":""},"_links":{"self":[{"href":"https:\/\/www.europesays.com\/si\/wp-json\/wp\/v2\/posts\/212421","targetHints":{"allow":["GET"]}}],"collection":[{"href":"https:\/\/www.europesays.com\/si\/wp-json\/wp\/v2\/posts"}],"about":[{"href":"https:\/\/www.europesays.com\/si\/wp-json\/wp\/v2\/types\/post"}],"author":[{"embeddable":true,"href":"https:\/\/www.europesays.com\/si\/wp-json\/wp\/v2\/users\/2"}],"replies":[{"embeddable":true,"href":"https:\/\/www.europesays.com\/si\/wp-json\/wp\/v2\/comments?post=212421"}],"version-history":[{"count":0,"href":"https:\/\/www.europesays.com\/si\/wp-json\/wp\/v2\/posts\/212421\/revisions"}],"wp:featuredmedia":[{"embeddable":true,"href":"https:\/\/www.europesays.com\/si\/wp-json\/wp\/v2\/media\/212422"}],"wp:attachment":[{"href":"https:\/\/www.europesays.com\/si\/wp-json\/wp\/v2\/media?parent=212421"}],"wp:term":[{"taxonomy":"category","embeddable":true,"href":"https:\/\/www.europesays.com\/si\/wp-json\/wp\/v2\/categories?post=212421"},{"taxonomy":"post_tag","embeddable":true,"href":"https:\/\/www.europesays.com\/si\/wp-json\/wp\/v2\/tags?post=212421"}],"curies":[{"name":"wp","href":"https:\/\/api.w.org\/{rel}","templated":true}]}}