{"id":212429,"date":"2026-09-02T07:41:12","date_gmt":"2026-09-02T07:41:12","guid":{"rendered":"https:\/\/www.europesays.com\/si\/212429\/"},"modified":"2026-09-02T07:41:12","modified_gmt":"2026-09-02T07:41:12","slug":"za-varnejso-solsko-pot-ob-regionalni-cesti-kamnik-locica-uredili-novo-pot-za-pesce","status":"publish","type":"post","link":"https:\/\/www.europesays.com\/si\/212429\/","title":{"rendered":"Za varnej\u0161o \u0161olsko pot: ob regionalni cesti Kamnik\u2013Lo\u010dica uredili novo pot za pe\u0161ce"},"content":{"rendered":"<p>Ob\u010dina Kamnik nadaljuje urejanje varnej\u0161ih poti za pe\u0161ce in \u0161olarje tudi ob prometno obremenjenih regionalnih cestah. Tako so namenu predali novo in varno pe\u0161 povezavo med \u0160pitali\u010dem in Belo ob regionalni cesti Kamnik\u2013Lo\u010dica. Nova pridobitev vklju\u010duje 730 metrov plo\u010dnika ter urejeni avtobusni postajali\u0161\u010di s pokritima \u010dakalnicama, pomeni pa pomembno izbolj\u0161anje prometne varnosti predvsem za otroke in druge pe\u0161ce. Novo pridobitev so namenu predali \u017eupan Ob\u010dine Kamnik Matej Slapar, minister za infrastrukturo Jernej Vrtovec in predsednica Krajevne skupnosti \u0160pitali\u010d Bojana Pan\u010dur.<\/p>\n<p><img decoding=\"async\" class=\"article__img-tag-visible\" src=\"https:\/\/www.europesays.com\/si\/wp-content\/uploads\/2026\/09\/3714489.width-660.format-webp.webp\" alt=\"Pe\u0161ci bodo zdaj gotovo varnej\u0161i.\u00a0FOTO: Mih Lindi\u010d\" img_id=\"11782951\" data-img-id=\"11782951\"\/><\/p>\n<p>Pe\u0161ci bodo zdaj gotovo varnej\u0161i.\u00a0FOTO: Mih Lindi\u010d<\/p>\n<p>Projekt je rezultat sodelovanja ob\u010dine in ministrstva za infrastrukturo oziroma Direkcije Republike Slovenije za infrastrukturo. Ob\u010dina je pri pripravi investicije naro\u010dila projektno dokumentacijo, odkupila potrebna zemlji\u0161\u010da ter zagotovila postavitev dveh pokritih avtobusnih \u010dakalnic, dr\u017eava pa je izvedla gradbeni del ureditve regionalne ceste in povr\u0161in za pe\u0161ce. Ureditev tega odseka je pomembna predvsem z vidika zagotavljanja varnih \u0161olskih poti. Regionalna cesta med \u0160pitali\u010dem in Belo je prometno obremenjena, pe\u0161ci pa so bili doslej na tem odseku posebej izpostavljeni. Z novim plo\u010dnikom je hoja med naseljema bistveno varnej\u0161a, ureditev pa je pomembna tako za \u0161olarje kot starej\u0161e ter vse druge krajanke, krajane in obiskovalce tega dela ob\u010dine. \u017dupan Slapar je ob odprtju poudaril: \u00bbVarnost otrok na poti v \u0161olo je ena na\u0161ih pomembnih nalog, zato si prizadevamo, da nevarne odseke postopoma urejamo tudi tam, kjer gre za dr\u017eavne oziroma regionalne ceste. Tak\u0161nih projektov ob\u010dina ne more izvesti sama, zato je dobro sodelovanje z dr\u017eavo klju\u010dnega pomena. Ob\u010dina je pri tej investiciji poskrbela za projektno dokumentacijo, potrebna zemlji\u0161\u010da in avtobusni \u010dakalnici, danes pa imamo rezultat, ki je najpomembnej\u0161i \u2013 otroci, krajani in drugi pe\u0161ci imajo med \u0160pitali\u010dem in Belo varno pot. Vesel sem, da smo skupaj uresni\u010dili projekt, na katerega so krajani dolgo \u010dakali.\u00ab<\/p>\n<p>Bojana Pan\u010dur je povedala: \u00bbUreditev plo\u010dnika med \u0160pitali\u010dem in Belo je za na\u0161o krajevno skupnost izjemnega pomena. Gre za odsek, po katerem vsakodnevno hodijo na\u0161i otroci, \u0161olarji, starej\u0161i in drugi krajani, zato smo si za varno pe\u0161 povezavo prizadevali \u017ee vrsto let. Veseli smo, da je bila na\u0161a dolgoletna \u017eelja uresni\u010dena in bo pot med naseljema zdaj bistveno varnej\u0161a.\u00ab<\/p>\n<p><img decoding=\"async\" class=\"article__img-tag-visible\" src=\"https:\/\/www.europesays.com\/si\/wp-content\/uploads\/2026\/09\/3714488.width-660.format-webp.webp\" alt=\"Povabljeni na slavnostno odprtje\u00a0FOTO: Mih Lindi\u010d\" img_id=\"11782941\" data-img-id=\"11782941\"\/><\/p>\n<p>Povabljeni na slavnostno odprtje\u00a0FOTO: Mih Lindi\u010d<\/p>\n<p>Minister Jernej Vrtovec je ob predaji poudaril pomen vlaganj v infrastrukturo za ohranjanje \u017eivljenja na pode\u017eelju: \u00bbPrimarna infrastruktura je eden klju\u010dnih pogojev, da ljudje ostajajo na pode\u017eelju \u2013 da imajo varen dostop do \u0161ole, Kamnika, Vranskega in drugih krajev. Ti lepi kraji niso odro\u010dni, \u010de so dobro povezani.\u00ab Izpostavil je tudi odgovornost do prihodnjih generacij: \u00bbNa\u0161e poslanstvo je, da delamo tisto, kar je dobro, ne tisto, kar je oportuno. Da uresni\u010dujemo projekte, ki bodo slu\u017eili ljudem in za nami tudi nekaj trajnega pustili.\u00ab V okviru investicije so uredili skupno 730 metrov enostranskega plo\u010dnika, od tega 430 metrov na obmo\u010dju \u0160pitali\u010da in 300 metrov na obmo\u010dju Bele. Urejenih je bilo tudi par avtobusnih postajali\u0161\u010d in odvodnjavanje z meteorno kanalizacijo, postavljena cestna razsvetljava, prometna signalizacija in druga oprema. Izvedeni so bili \u0161e kamnita zlo\u017eba ter posegi na vozi\u0161\u010du, v Beli pa nova nosilna in obrabna plast.<\/p>\n<p>Skupna ocenjena vrednost vseh aktivnosti in del po sporazumu o sofinanciranju je zna\u0161ala nekaj manj 669 tiso\u010d evrov. Nova ureditev je rezultat sodelovanja dr\u017eave, ob\u010dine in lokalne skupnosti, predvsem pa konkretna pridobitev za ljudi, ki to pot uporabljajo vsak dan. Otrokom zagotavlja varnej\u0161o pot v \u0161olo, drugim pe\u0161cem varnej\u0161o povezavo med naseljema, uporabnikom javnega prevoza pa urejeni in pokriti \u010dakalnici.<\/p>\n<p><img decoding=\"async\" class=\"article__img-tag-visible\" src=\"https:\/\/www.europesays.com\/si\/wp-content\/uploads\/2026\/09\/3714490.width-660.format-webp.webp\" alt=\"Nastopil je Citrin band.\u00a0FOTO: Mih Lindi\u010d\" img_id=\"11782961\" data-img-id=\"11782961\"\/><\/p>\n<p>Nastopil je Citrin band.\u00a0FOTO: Mih Lindi\u010d<\/p>\n","protected":false},"excerpt":{"rendered":"Ob\u010dina Kamnik nadaljuje urejanje varnej\u0161ih poti za pe\u0161ce in \u0161olarje tudi ob prometno obremenjenih regionalnih cestah. Tako so&hellip;\n","protected":false},"author":2,"featured_media":212430,"comment_status":"","ping_status":"","sticky":false,"template":"","format":"standard","meta":{"footnotes":"","_share_on_mastodon":"0"},"categories":[30],"tags":[4409,164,503,11242,5354,62,37,58,60,38,2340,643],"class_list":["post-212429","post","type-post","status-publish","format-standard","has-post-thumbnail","category-kamnik","tag-cesta","tag-kamnik","tag-otroci","tag-pesci","tag-regionalna-cesta","tag-si","tag-slovene","tag-slovenia","tag-slovenija","tag-slovenscina","tag-sola","tag-varnost"],"share_on_mastodon":{"url":"https:\/\/pubeurope.com\/@si\/117200321774391876","error":""},"_links":{"self":[{"href":"https:\/\/www.europesays.com\/si\/wp-json\/wp\/v2\/posts\/212429","targetHints":{"allow":["GET"]}}],"collection":[{"href":"https:\/\/www.europesays.com\/si\/wp-json\/wp\/v2\/posts"}],"about":[{"href":"https:\/\/www.europesays.com\/si\/wp-json\/wp\/v2\/types\/post"}],"author":[{"embeddable":true,"href":"https:\/\/www.europesays.com\/si\/wp-json\/wp\/v2\/users\/2"}],"replies":[{"embeddable":true,"href":"https:\/\/www.europesays.com\/si\/wp-json\/wp\/v2\/comments?post=212429"}],"version-history":[{"count":0,"href":"https:\/\/www.europesays.com\/si\/wp-json\/wp\/v2\/posts\/212429\/revisions"}],"wp:featuredmedia":[{"embeddable":true,"href":"https:\/\/www.europesays.com\/si\/wp-json\/wp\/v2\/media\/212430"}],"wp:attachment":[{"href":"https:\/\/www.europesays.com\/si\/wp-json\/wp\/v2\/media?parent=212429"}],"wp:term":[{"taxonomy":"category","embeddable":true,"href":"https:\/\/www.europesays.com\/si\/wp-json\/wp\/v2\/categories?post=212429"},{"taxonomy":"post_tag","embeddable":true,"href":"https:\/\/www.europesays.com\/si\/wp-json\/wp\/v2\/tags?post=212429"}],"curies":[{"name":"wp","href":"https:\/\/api.w.org\/{rel}","templated":true}]}}