{"id":212477,"date":"2026-09-02T08:25:53","date_gmt":"2026-09-02T08:25:53","guid":{"rendered":"https:\/\/www.europesays.com\/si\/212477\/"},"modified":"2026-09-02T08:25:53","modified_gmt":"2026-09-02T08:25:53","slug":"tu-je-video-posnetek-nesrece-predsednice-drzave-v-predoru-kastelec","status":"publish","type":"post","link":"https:\/\/www.europesays.com\/si\/212477\/","title":{"rendered":"Tu je video posnetek nesre\u010de predsednice dr\u017eave v predoru Kastelec"},"content":{"rendered":"<p>Televizija Slovenija in POP TV sta objavila posnetek nadzornih kamer iz predora Kastelec, ki prikazujejo julijsko nesre\u010do predsednice republike Nata\u0161e Pirc Musar.\u00a0<\/p>\n<p>O\u010ditno se je na DARS-u moralo zamenjati vodstvo, da je javnost lahko pri\u0161la do posnetka nesre\u010de \u00a0predsednice republike Nata\u0161e Pirc Musar. Kot je razvidno, je vozilo pred konvojem med umikanjem na desni pas zavrlo. Prvemu vozilu iz predsedni\u010dinega spremstva ga je uspelo obvoziti, kombi s predsednico pa se nesre\u010di ni izognil.<\/p>\n<p>Posnetki ka\u017eejo, da je predsedni\u010din konvoj treh vozil \u2013 dveh osebnih spredaj in zadaj ter kombi s predsednico v sredini \u2013 skozi predor vozil z modrimi lu\u010dmi po levem pasu mimo kolone drugih vozil.<\/p>\n<p><img fetchpriority=\"high\" decoding=\"async\" aria-describedby=\"caption-attachment-115291\" class=\"wp-image-115291 size-full\" src=\"https:\/\/www.europesays.com\/si\/wp-content\/uploads\/2026\/09\/Posnetek-zaslona-2026-09-01-203417.png\" alt=\"\" width=\"567\" height=\"345\"  \/><\/p>\n<p id=\"caption-attachment-115291\" class=\"wp-caption-text\">Nesre\u010da predsednice dr\u017eave, zajem slike<\/p>\n<p>Pred njimi sta bili na levem pasu dve civilni osebni vozili, prvo je najprej zavrlo, drugemu se je uspelo umakniti na desni pas, prvo pa je obstalo na sredini ceste.<\/p>\n<p>Slu\u017ebenemu osebnemu\u00a0vozilu\u00a0na \u010delu predsedni\u010dinega konvoja je sicer uspelo obvoziti vozilo po levi, a se je pri tem skoraj ustavilo. Vanj je tr\u010dil kombi, v katerem so bile tudi predsednica in njeni dve prijateljici. Kombi je nato odbilo v levo steno predora.<\/p>\n<p dir=\"ltr\" lang=\"sl\">Mesec dni od nesre\u010de predsednice republike objavljamo ekskluzivne posnetke varnostnih kamer iz predora Kastelec. Slu\u017ebeni kombi, v katerem se je peljala predsednica skupaj s prijateljicama Viktorijo Krivolucko in Ur\u0161ko Repov\u017e, se je zaletel v slu\u017ebeno vozilo na \u010delu konvoja. <a href=\"https:\/\/t.co\/ebhi5h6rXj\" rel=\"nofollow\">pic.twitter.com\/ebhi5h6rXj<\/a><\/p>\n<p>\u2014 Zate Slovenija (@ZateSlovenija) <a href=\"https:\/\/x.com\/ZateSlovenija\/status\/2094823277696823555?ref_src=twsrc%5Etfw\" rel=\"nofollow\">September 1, 2026<\/a><\/p>\n<p><script async src=\"https:\/\/platform.twitter.com\/widgets.js\" charset=\"utf-8\"><\/script><\/p>\n","protected":false},"excerpt":{"rendered":"Televizija Slovenija in POP TV sta objavila posnetek nadzornih kamer iz predora Kastelec, ki prikazujejo julijsko nesre\u010do predsednice&hellip;\n","protected":false},"author":2,"featured_media":212478,"comment_status":"","ping_status":"","sticky":false,"template":"","format":"standard","meta":{"footnotes":"","_share_on_mastodon":"0"},"categories":[22],"tags":[150,1197,502,718,45104,62,37,58,60,38],"class_list":["post-212477","post","type-post","status-publish","format-standard","has-post-thumbnail","category-maribor","tag-maribor","tag-natasa-pirc-musar","tag-nesreca","tag-posnetek","tag-predor-kastelec","tag-si","tag-slovene","tag-slovenia","tag-slovenija","tag-slovenscina"],"share_on_mastodon":{"url":"https:\/\/pubeurope.com\/@si\/117200499112923037","error":""},"_links":{"self":[{"href":"https:\/\/www.europesays.com\/si\/wp-json\/wp\/v2\/posts\/212477","targetHints":{"allow":["GET"]}}],"collection":[{"href":"https:\/\/www.europesays.com\/si\/wp-json\/wp\/v2\/posts"}],"about":[{"href":"https:\/\/www.europesays.com\/si\/wp-json\/wp\/v2\/types\/post"}],"author":[{"embeddable":true,"href":"https:\/\/www.europesays.com\/si\/wp-json\/wp\/v2\/users\/2"}],"replies":[{"embeddable":true,"href":"https:\/\/www.europesays.com\/si\/wp-json\/wp\/v2\/comments?post=212477"}],"version-history":[{"count":0,"href":"https:\/\/www.europesays.com\/si\/wp-json\/wp\/v2\/posts\/212477\/revisions"}],"wp:featuredmedia":[{"embeddable":true,"href":"https:\/\/www.europesays.com\/si\/wp-json\/wp\/v2\/media\/212478"}],"wp:attachment":[{"href":"https:\/\/www.europesays.com\/si\/wp-json\/wp\/v2\/media?parent=212477"}],"wp:term":[{"taxonomy":"category","embeddable":true,"href":"https:\/\/www.europesays.com\/si\/wp-json\/wp\/v2\/categories?post=212477"},{"taxonomy":"post_tag","embeddable":true,"href":"https:\/\/www.europesays.com\/si\/wp-json\/wp\/v2\/tags?post=212477"}],"curies":[{"name":"wp","href":"https:\/\/api.w.org\/{rel}","templated":true}]}}