{"id":212519,"date":"2026-09-02T09:06:12","date_gmt":"2026-09-02T09:06:12","guid":{"rendered":"https:\/\/www.europesays.com\/si\/212519\/"},"modified":"2026-09-02T09:06:12","modified_gmt":"2026-09-02T09:06:12","slug":"se-je-spomnite-kot-16-letnica-je-zmagala-bitko-talentov-danes-pa-praznuje-20-let-kariere","status":"publish","type":"post","link":"https:\/\/www.europesays.com\/si\/212519\/","title":{"rendered":"Se je spomnite? Kot 16-letnica je zmagala Bitko talentov, danes pa praznuje 20 let kariere"},"content":{"rendered":"<p>ZAUPANJA VREDEN VIR<\/p>\n<p class=\"tdm-descr td-fix-index\">Smo se izkazali kot zaupanja vreden vir informacij? Dodajte nas na googlu<\/p>\n<p>Kot 16-letnica je premagala Leo Sirk, danes praznuje 20 let glasbene kariere<\/p>\n<p>Eva \u010cerne Avbelj letos praznuje 20 let glasbene kariere. Njena pot se je za\u010dela leta 2006, ko se je s 16 leti udele\u017eila <a href=\"https:\/\/top24novice.si\/?s=slovenija+ima+talent\" target=\"_blank\" rel=\"noopener nofollow\">Bitke talentov<\/a>. Postala je zmagovalka tretje sezone, v finalu pa je premagala Leo Sirk. Zmaga ji je predstavljala odsko\u010dno desko, saj so za tem sledili prvi albumi in veliki nastopi.<\/p>\n<p><img fetchpriority=\"high\" decoding=\"async\" class=\"wp-image-41944 size-full\" src=\"https:\/\/www.europesays.com\/si\/wp-content\/uploads\/2026\/09\/cerne_avbelj.jpg\" alt=\"jubilej\" width=\"1812\" height=\"1200\"  \/>Eva \u010cerne Avbelj (Foto: Instagram\/Eva \u010cerne Avbelj)<\/p>\n<p>\u00bbKo danes pogledam nazaj, se mi zdi skoraj neverjetno, kako hitro je minilo teh dvajset let,\u00ab je ob jubileju povedala v intervjuju za Svet24. Kljub temu da je od sladke zmage minilo \u017ee dvajset let, njena ljubezen do glasbe in nastopanja ostaja.<\/p>\n<p>Bli\u017ea se jubilej njene kariere, obele\u017eila pa ga bo s posebnim koncertom. Kot je razkrila za Svet24, bodo obiskovalci lahko sli\u0161ali njene najljub\u0161e popevke, odlomke iz muzikala Veronika Deseni\u0161ka in tudi druge glasbene poslastice.<\/p>\n<p>Priljubljena pevka je \u0161e danes hvale\u017ena za kariero, ki jo je zgradila. \u00bb\u010ce bi morala izpostaviti najve\u010dji uspeh, bi rekla, da je to pravzaprav dejstvo, da lahko \u017ee dvajset let \u017eivim svoje sanje,\u00ab je \u0161e povedala za omenjeni portal.<\/p>\n<p>Koncert bo vodil ta znan obraz<\/p>\n<p>Pred kratkim je Eva \u010cerne Avbelj razkrila \u0161e eno podrobnost jubilejnega koncerta \u00bbZ velikim veseljem in ponosom predstavljam voditelja mojega velikega koncerta ob 20-letnici. In to je eden in edini Marjan Buni\u010d.\u00ab<\/p>\n<p>\u00a0<\/p>\n<p><a href=\"https:\/\/top24novice.si\/zabava\/razkrito-kaj-bo-pop-tv-predvajal-namesto-sova-slovenija-ima-talent\/\" rel=\"nofollow noopener\" target=\"_blank\">Razkrito, kaj bo POP TV predvajal namesto \u0161ova Slovenija ima talent<\/a><\/p>\n","protected":false},"excerpt":{"rendered":"ZAUPANJA VREDEN VIR Smo se izkazali kot zaupanja vreden vir informacij? Dodajte nas na googlu Kot 16-letnica je&hellip;\n","protected":false},"author":2,"featured_media":212520,"comment_status":"","ping_status":"","sticky":false,"template":"","format":"standard","meta":{"footnotes":"","_share_on_mastodon":"0"},"categories":[18],"tags":[114,7633,2215,1749,920,62,37,58,60,38,115],"class_list":["post-212519","post","type-post","status-publish","format-standard","has-post-thumbnail","category-zabava","tag-entertainment","tag-eva-cerne-avbelj","tag-jubilej","tag-kariera","tag-koncert","tag-si","tag-slovene","tag-slovenia","tag-slovenija","tag-slovenscina","tag-zabava"],"share_on_mastodon":{"url":"https:\/\/pubeurope.com\/@si\/117200656456361260","error":""},"_links":{"self":[{"href":"https:\/\/www.europesays.com\/si\/wp-json\/wp\/v2\/posts\/212519","targetHints":{"allow":["GET"]}}],"collection":[{"href":"https:\/\/www.europesays.com\/si\/wp-json\/wp\/v2\/posts"}],"about":[{"href":"https:\/\/www.europesays.com\/si\/wp-json\/wp\/v2\/types\/post"}],"author":[{"embeddable":true,"href":"https:\/\/www.europesays.com\/si\/wp-json\/wp\/v2\/users\/2"}],"replies":[{"embeddable":true,"href":"https:\/\/www.europesays.com\/si\/wp-json\/wp\/v2\/comments?post=212519"}],"version-history":[{"count":0,"href":"https:\/\/www.europesays.com\/si\/wp-json\/wp\/v2\/posts\/212519\/revisions"}],"wp:featuredmedia":[{"embeddable":true,"href":"https:\/\/www.europesays.com\/si\/wp-json\/wp\/v2\/media\/212520"}],"wp:attachment":[{"href":"https:\/\/www.europesays.com\/si\/wp-json\/wp\/v2\/media?parent=212519"}],"wp:term":[{"taxonomy":"category","embeddable":true,"href":"https:\/\/www.europesays.com\/si\/wp-json\/wp\/v2\/categories?post=212519"},{"taxonomy":"post_tag","embeddable":true,"href":"https:\/\/www.europesays.com\/si\/wp-json\/wp\/v2\/tags?post=212519"}],"curies":[{"name":"wp","href":"https:\/\/api.w.org\/{rel}","templated":true}]}}