{"id":212553,"date":"2026-09-02T09:30:16","date_gmt":"2026-09-02T09:30:16","guid":{"rendered":"https:\/\/www.europesays.com\/si\/212553\/"},"modified":"2026-09-02T09:30:16","modified_gmt":"2026-09-02T09:30:16","slug":"analiza-posnetka-prometne-nesrece-natase-pirc-musar","status":"publish","type":"post","link":"https:\/\/www.europesays.com\/si\/212553\/","title":{"rendered":"Analiza posnetka prometne nesre\u010de Nata\u0161e Pirc Musar"},"content":{"rendered":"<p style=\"text-align: justify;\">Mesec dni po prometni nesre\u010di predsednice republike Nata\u0161e Pirc Musar v predoru Kastelec na primorski avtocesti v smeri Ljubljane so v javnost pri\u0161li posnetki varnostnih kamer dru\u017ebe Dars.<\/p>\n<p style=\"text-align: justify;\">Iz posnetka se vidijo (slika 1) dve vozili temne barve (B in C) in eno belo vozilo v ospredju (D). Vozilo B je o\u010ditno prehitevalo vozilo C.<\/p>\n<p><img fetchpriority=\"high\" decoding=\"async\" class=\"wp-image-994464\" src=\"https:\/\/www.europesays.com\/si\/wp-content\/uploads\/2026\/09\/uvodna.jpg.webp\" alt=\"\" width=\"1183\" height=\"764\"  \/>Slika 1. (Foto: posnetek zaslona Facebook)<\/p>\n<p style=\"text-align: justify;\">Iz ozadja (slika 2) po levem voznem pasu pride vozilo znamke audi (A), ki je prvo vozilo v konvoju predsednice Nata\u0161e Pirc Musar.<\/p>\n<p><img loading=\"lazy\" decoding=\"async\" class=\"wp-image-994467 size-full\" src=\"https:\/\/www.europesays.com\/si\/wp-content\/uploads\/2026\/09\/slika-1.jpg.webp\" alt=\"\" width=\"1384\" height=\"988\"  \/>Slika 2. (Slika: posnetek zaslona Facebook)<\/p>\n<p style=\"text-align: justify;\">Na posnetku se vidi, da se eno od temnih vozil (C) umika na desni pas, medtem ko ga drugo (B) prehiteva, ampak nakazuje, da se bo prav tako umaknilo na desni vozni pas (slika 3). Audi (A) iz spremstva predsednice se je povsem nalepil na zadek vozila B.<\/p>\n<p><img loading=\"lazy\" decoding=\"async\" class=\"wp-image-994468\" src=\"https:\/\/www.europesays.com\/si\/wp-content\/uploads\/2026\/09\/1-nesreca.jpg.webp\" alt=\"\" width=\"1264\" height=\"710\"  \/>Slika 3. (Slika: posnetek zaslona Facebook)<\/p>\n<p style=\"text-align: justify;\">Vsem vozilom (slika 4) se z veliko hitrostjo po levem voznem pasu pribli\u017ea (F) predsedni\u010din kombi (V300 Mercedes Benz).<\/p>\n<p><img loading=\"lazy\" decoding=\"async\" class=\"wp-image-994478\" src=\"https:\/\/www.europesays.com\/si\/wp-content\/uploads\/2026\/09\/slika-nova.jpg.webp\" alt=\"\" width=\"1272\" height=\"743\"  \/>Slika 4. (Slika: posnetek zaslona Facebook)<\/p>\n<p style=\"text-align: justify;\">Trenutek nesre\u010de (slika 5). Iz posnetka se vidi, da je predsedni\u010din konvoj (s predsednico in njenima dvema prijateljicama Viktorijo Krivolucko in Ur\u0161ko Repov\u0161 v kombiju V300 Mercedes Benz ali vozilo F). Desno spodaj je tudi re\u0161evalno vozilo (E), ki ni bilo na nujno vo\u017enji in ki sta ga vozili B in C o\u010ditno prehiteli. \u010ce upo\u0161tevamo, da je v predoru hitrost omejena na 100 kilometrov na uro in da je bila to hitrost tako re\u0161evalnega vozila (E) kot belega vozila v ospredju (D), lahko sklepamo, da je bila hitrost obeh vozil temne barve med 110 in 120 kilometrov na uro.<\/p>\n<p><img loading=\"lazy\" decoding=\"async\" class=\"wp-image-994479\" src=\"https:\/\/www.europesays.com\/si\/wp-content\/uploads\/2026\/09\/slika-nova-2.jpg.webp\" alt=\"\" width=\"1165\" height=\"682\"  \/>Slika 5. (Slika: posnetek zaslona Facebook)<\/p>\n<p style=\"text-align: justify;\">Hitrost vozil predsedni\u010dinega konvoja je velika, glede na razdalje in pribli\u017eevanje vozilom lahko sklepamo, da je bila najmanj 150 ali 160 kilometrov na uro, \u010de ne ve\u010d. Glede na to, da so \u0161li na dru\u017eabni dogodek (v Komendo na Pogi Challenge 2026) in ne dr\u017eavni\u0161ki, je \u010dudno, da je imel konvoj pri\u017egane signalne modre lu\u010di.<\/p>\n<p style=\"text-align: justify;\">Iz posnetka (Slika 6) je razvidno, da je predsedni\u010din kombi (D) zadel prvo vozilo iz konvoja (A) in da je zadnje vozilo iz konvoja (G) pravo\u010dasno zaviralo, a ga je zaradi velike hitrosti premetavalo levo in desno. Medtem se je temno vozilo (B) za\u010delo umikati na desni pas in je ostalo nepo\u0161kodovano.<\/p>\n<p><img loading=\"lazy\" decoding=\"async\" class=\"wp-image-994471\" src=\"https:\/\/www.europesays.com\/si\/wp-content\/uploads\/2026\/09\/4-nesreca.jpg.webp\" alt=\"\" width=\"1181\" height=\"700\"  \/>Slika 6. (Slika: posnetek zaslona Facebook)<\/p>\n<p style=\"text-align: justify;\">Predsedni\u010din kombi (F) je zadel steno predora na levi strani vozi\u0161\u010da, temno vozilo (B) se je varno umaknilo na desni pas, re\u0161evalno vozilo (E) je pravo\u010dasno ustavilo (Slika 7).<\/p>\n<p><img loading=\"lazy\" decoding=\"async\" class=\"wp-image-994472\" src=\"https:\/\/www.europesays.com\/si\/wp-content\/uploads\/2026\/09\/slika-7.jpg.webp\" alt=\"\" width=\"1157\" height=\"689\"  \/>Slika 7. (Slika: posnetek zaslona Facebook)<\/p>\n<p style=\"text-align: justify;\">Ne glede na vse je iz posnetka jasno razvidno, da se je tudi drugo temno vozilo (B) za\u010delo umikati na desni pas, toda voznik prvega vozila (A) v konvoju (audi) je bil neu\u010dakan in je hotel temno vozilo prehiteti tik ob levi steni predora. \u0160e ve\u010d. Ker se voznik temnega vozila (B) ni mogel tako hitro umakniti, je policist v audiju (A) zaviral, vanj je nato tr\u010dilo vozilo s predsednico (F).<\/p>\n<p>Iz posnetka je torej razvidno:<\/p>\n<p>hitrost predsedni\u010dinega konvoja je (brez potrebe) krepko presegla dovoljeno hitrost v predoru;<br \/>\npolicist v audiju bi moral po\u010dakati, da se temno vozilo varno umakne na desni pas, namesto tega pa se je vozilu dobesedno prilepil na zadnji dela avtomobila in ga posku\u0161al prehiteti \u0161e preden je bil ta na desnem pasu;<br \/>\nvarnostna razdalja med prvim vozilom v konvoju (audi) in predsedni\u010dinem kombijem (V300 Mercedes Benz) ni bila tako majhna, vidi pa se, da je kombi z Nata\u0161o Pirc Musar priletel v audi z veliko hitrostjo;<br \/>\ntudi zadnje vozilo v konvoju je vozilo z veliko hitrostjo in je komaj zavrlo, da se ni zaletelo v kombi (iz posnetka se vidi, da ga je ob zaviranju zana\u0161alo levo in desno).<\/p>\n<p>Peter Truden<\/p>\n","protected":false},"excerpt":{"rendered":"Mesec dni po prometni nesre\u010di predsednice republike Nata\u0161e Pirc Musar v predoru Kastelec na primorski avtocesti v smeri&hellip;\n","protected":false},"author":2,"featured_media":212554,"comment_status":"","ping_status":"","sticky":false,"template":"","format":"standard","meta":{"footnotes":"","_share_on_mastodon":"0"},"categories":[6],"tags":[731,7251,1197,502,45104,11114,59,61,62,37,58,60,38,46885,48182],"class_list":["post-212553","post","type-post","status-publish","format-standard","has-post-thumbnail","category-slovenija","tag-avtocesta","tag-izpostavljeno","tag-natasa-pirc-musar","tag-nesreca","tag-predor-kastelec","tag-predsednica-republike","tag-republic-of-slovenia","tag-republika-slovenija","tag-si","tag-slovene","tag-slovenia","tag-slovenija","tag-slovenscina","tag-urska-repovs","tag-viktorija-krivolucka"],"share_on_mastodon":{"url":"https:\/\/pubeurope.com\/@si\/117200750631334569","error":""},"_links":{"self":[{"href":"https:\/\/www.europesays.com\/si\/wp-json\/wp\/v2\/posts\/212553","targetHints":{"allow":["GET"]}}],"collection":[{"href":"https:\/\/www.europesays.com\/si\/wp-json\/wp\/v2\/posts"}],"about":[{"href":"https:\/\/www.europesays.com\/si\/wp-json\/wp\/v2\/types\/post"}],"author":[{"embeddable":true,"href":"https:\/\/www.europesays.com\/si\/wp-json\/wp\/v2\/users\/2"}],"replies":[{"embeddable":true,"href":"https:\/\/www.europesays.com\/si\/wp-json\/wp\/v2\/comments?post=212553"}],"version-history":[{"count":0,"href":"https:\/\/www.europesays.com\/si\/wp-json\/wp\/v2\/posts\/212553\/revisions"}],"wp:featuredmedia":[{"embeddable":true,"href":"https:\/\/www.europesays.com\/si\/wp-json\/wp\/v2\/media\/212554"}],"wp:attachment":[{"href":"https:\/\/www.europesays.com\/si\/wp-json\/wp\/v2\/media?parent=212553"}],"wp:term":[{"taxonomy":"category","embeddable":true,"href":"https:\/\/www.europesays.com\/si\/wp-json\/wp\/v2\/categories?post=212553"},{"taxonomy":"post_tag","embeddable":true,"href":"https:\/\/www.europesays.com\/si\/wp-json\/wp\/v2\/tags?post=212553"}],"curies":[{"name":"wp","href":"https:\/\/api.w.org\/{rel}","templated":true}]}}