{"id":212737,"date":"2026-09-02T12:17:13","date_gmt":"2026-09-02T12:17:13","guid":{"rendered":"https:\/\/www.europesays.com\/si\/212737\/"},"modified":"2026-09-02T12:17:13","modified_gmt":"2026-09-02T12:17:13","slug":"ceuta-na-robu-le-vprasanje-casa-je-kdaj-se-bo-zgodila-tragedija","status":"publish","type":"post","link":"https:\/\/www.europesays.com\/si\/212737\/","title":{"rendered":"Ceuta na robu: \u201cLe vpra\u0161anje \u010dasa je, kdaj se bo zgodila tragedija\u201d"},"content":{"rendered":"<p style=\"text-align: justify;\">Mesec dni po tem, ko je ve\u010d kot 70 tiso\u010d migrantov vdrlo v \u0161pansko eksklavo Ceuta, tamkaj\u0161nji uradniki opozarjajo, da je majhno mesto v severni Afriki \u0161e vedno na robu katastrofe.<\/p>\n<p>Navkljub temu, da je bila ve\u010dina tistih, ki so na nezakonit na\u010din vstopili v Ceuto, vrnjena nazaj v Maroko, jih \u0161e vedno med 3.500 in 7.000 ostaja, mnogi od teh pa \u017eivijo kar v improviziranih barakarskih naseljih na pla\u017ei.<\/p>\n<p> Preberite tudi: <a href=\"https:\/\/nova24tv.si\/video-ceuta-na-nogah-prebivalci-zahtevajo-odgovore-in-resitve\/\" rel=\"nofollow noopener\" target=\"_blank\">[Video] Ceuta na nogah: prebivalci zahtevajo odgovore in re\u0161itve<\/a><\/p>\n<p style=\"text-align: justify;\">Policisti pravijo, da mesto skoraj vsakodnevno zaznamujejo izbruhi nasilja, vklju\u010dno z napadi na vojsko, bele\u017eijo pa tudi \u0161tevilne spolne napade. Strokovnjaki za javno varnost so za \u0161panski \u010dasopis El Mundo povedali, da v Ceuti obstaja tveganje, da se te\u017eave stopnjujejo v nasilje. \u201cBolj normalni so \u017ee od\u0161li, najhuj\u0161i pa ostajajo,\u201d je v zvezi s situacijo povedal eden od strokovnjakov. Ker je migrantom pri\u010delo zmanjkovati denarja, ki so ga prinesli iz Maroka, potreba po uporabi telefona pa je velika, je povsem mogo\u010de, da bi lahko storili kak\u0161no neumnost. \u201cSkratka, le vpra\u0161anje \u010dasa je, kdaj se bo zgodila tragedija,\u201d je bil jasen strokovnjak.<\/p>\n<p style=\"text-align: justify;\">Glavna to\u017eilka v Ceuti Silvia Rojas je povedala, da je pri\u0161lo do eksponentnega porasta kaznivih dejanj, kot so spolni napadi, vklju\u010dno z napadi na mladoletne osebe. V pogovoru za \u010dasopis El Pais je povedala: \u201cZaskrbljenost resni\u010dno obstaja. Predvsem smo zaskrbljeni za \u017ertve. Obenem pa razumemo, da tovrstna kazniva dejanja vznemirjajo javnost.\u201d<\/p>\n<p style=\"text-align: justify;\">V zadnjem mesecu je \u0161pansko ministrstvo za enakost potrdilo 21 spolnih napadov, od katerih je pri petih pri\u0161lo do penetracije, v devetih primerih pa so bile \u017ertve mladoletne osebe. Pove\u010dalo se je tudi \u0161tevilo tatvin. Dva Maro\u010dana se trenutno nahajata v zaporu, potem ko sta iz sosedovega doma ukradla denar in dokumente.<\/p>\n<p><img fetchpriority=\"high\" decoding=\"async\" class=\"wp-image-992988\" src=\"https:\/\/www.europesays.com\/si\/wp-content\/uploads\/2026\/09\/14230228-400x267.jpg.webp\" alt=\"\" width=\"1410\" height=\"941\"  \/>Foto: Epa<\/p>\n<p>Vlada velika napetost<\/p>\n<p style=\"text-align: justify;\">Salvador Ortega, doma\u010din iz Ceute, je za britanski <a href=\"https:\/\/www.dailymail.com\/news\/article-16095323\/Thousands-migrants-streets-Rapes-violence-daily-occurrence-officials-warn-Ceuta-verge-disaster-worst-worst-enclave.html\" rel=\"nofollow noopener\" target=\"_blank\">Daily Mail <\/a>povedal, da so se razmere v zadnjem mesecu znatno poslab\u0161ale. \u201cMed prebivalci in vsiljivci vlada velika napetost,\u201d je povedal v nadaljevanju in dodal, da je med nekaterimi prebivalci in migranti pri\u0161lo tudi do incidentov, ki so zahtevali posredovanje organov pregona in varnostnih sil. \u201cZgodila so se dejanja vandalizma in epizode nasilja, kar je povzro\u010dilo posebno zaskrbljenost med lokalnim prebivalstvom.\u201d<\/p>\n<p style=\"text-align: justify;\">\u0160panska ministrica za enakost Ana Redondo je obsodila spolne napade, ki so se zgodili v Ceuti, hkrati pa ljudi opozorila, naj ne posplo\u0161ujejo zadev. Kot vztraja, pri spolnem nasilju ni prostora za izgovore ali politi\u010dne kalkulacije. \u201cVsak napad je nesprejemljiv in vsaka \u017ertev ima pravico do popolne za\u0161\u010dite in celostnega odziva institucij,\u201d je izpostavila in dodala, da je odgovornost za napad vedno na storilcu. \u201cOdgovornosti ni mogo\u010de prevaliti kar na vse migrante in s tem ljudi kriminalizirati na podlagi njihovega porekla ali barve ko\u017ee,\u201d je \u0161e pristavila.<\/p>\n<p><img loading=\"lazy\" decoding=\"async\" class=\"wp-image-994537\" src=\"https:\/\/www.europesays.com\/si\/wp-content\/uploads\/2026\/09\/AFP__20260901__C72G4BE__v1__HighRes__SpainMoroccoCeutaMigrationUnrestPolitics-400x267.jpg.webp\" alt=\"\" width=\"1447\" height=\"966\"  \/>Foto: AFP<\/p>\n<p>Napade izvajajo tudi nad vojaki<\/p>\n<p style=\"text-align: justify;\">Od prej\u0161njega tedna so bili dokumentirani \u0161tirje zaporedni primeri napadov na vojake. V \u010detrtek so vojake napadli iz zasede. Zaradi metanja velikih kamnov na njihovo vozilo so \u0161tirje vojaki utrpeli po\u0161kodbe. Aretiranih je bilo dvanajst osumljencev. V petek je voja\u0161ka patrulja poro\u010dala, da so bile nanjo vr\u017eene steklenice z doma narejeno jedko teko\u010dino iz \u010distil in kemikalij. Do napada s kamenjem na voja\u0161ko patruljo je pri\u0161lo v soboto, pri \u010demer je eden od vojakov utrpel po\u0161kodbe. V nedeljo so bili aretirani trije migranti, ki so na voja\u0161ko patruljo vrgli steklenice jedke teko\u010dine.<\/p>\n<p style=\"text-align: justify;\">Napetosti nara\u0161\u010dajo tudi med migranti in prebivalci \u0161panske eksklave. Prej\u0161nji teden so doma\u010dini vdrli v improviziran migrantski tabor in ga po\u017egali. Stvari migrantov so pri\u010deli metati v vodo in razgrnili \u0161pansko zastavo. \u0160panski notranji minister je pozval k miru. \u201cNasilje ni odgovor,\u201d je v \u0161panskem parlamentu sporo\u010dil Fernando Grande-Marlaska. Pozval je k miru in koncu izvajanja vsake oblike nasilja, ker nasilje ne predstavlja na\u010dina za re\u0161evanje problemov.<\/p>\n<p style=\"text-align: justify;\">Predsednik avtonomnega mesta Ceuta Juan Vivas pravi, da so mirni protesti proti migrantom upravi\u010deni, a da bodo vsa dejanja vandalizma obsojena. \u201cPopolnoma zavra\u010damo uporabo kakr\u0161ne koli vrste nasilja,\u201d je dejal med nagovorom. \u201cNih\u010de ne more in ne sme vzeti zakona v svoje roke. Obrambo Ceute in interesov njenih prebivalcev je mogo\u010de dose\u010di le na zakonit na\u010din.\u201d<\/p>\n<p>\u017d. N.<\/p>\n","protected":false},"excerpt":{"rendered":"Mesec dni po tem, ko je ve\u010d kot 70 tiso\u010d migrantov vdrlo v \u0161pansko eksklavo Ceuta, tamkaj\u0161nji uradniki&hellip;\n","protected":false},"author":2,"featured_media":212738,"comment_status":"","ping_status":"","sticky":false,"template":"","format":"standard","meta":{"footnotes":"","_share_on_mastodon":"0"},"categories":[20],"tags":[44900,32,35,779,31,34,36,37,38,44633,64,33,1978],"class_list":["post-212737","post","type-post","status-publish","format-standard","has-post-thumbnail","category-novice","tag-ceuta","tag-headlines","tag-najpomembnejse-novice","tag-nasilje","tag-news","tag-novice","tag-osrednje-novice","tag-slovene","tag-slovenscina","tag-spolni-napadi","tag-svet","tag-top-stories","tag-vandalizem"],"share_on_mastodon":{"url":"https:\/\/pubeurope.com\/@si\/117201407149088096","error":""},"_links":{"self":[{"href":"https:\/\/www.europesays.com\/si\/wp-json\/wp\/v2\/posts\/212737","targetHints":{"allow":["GET"]}}],"collection":[{"href":"https:\/\/www.europesays.com\/si\/wp-json\/wp\/v2\/posts"}],"about":[{"href":"https:\/\/www.europesays.com\/si\/wp-json\/wp\/v2\/types\/post"}],"author":[{"embeddable":true,"href":"https:\/\/www.europesays.com\/si\/wp-json\/wp\/v2\/users\/2"}],"replies":[{"embeddable":true,"href":"https:\/\/www.europesays.com\/si\/wp-json\/wp\/v2\/comments?post=212737"}],"version-history":[{"count":0,"href":"https:\/\/www.europesays.com\/si\/wp-json\/wp\/v2\/posts\/212737\/revisions"}],"wp:featuredmedia":[{"embeddable":true,"href":"https:\/\/www.europesays.com\/si\/wp-json\/wp\/v2\/media\/212738"}],"wp:attachment":[{"href":"https:\/\/www.europesays.com\/si\/wp-json\/wp\/v2\/media?parent=212737"}],"wp:term":[{"taxonomy":"category","embeddable":true,"href":"https:\/\/www.europesays.com\/si\/wp-json\/wp\/v2\/categories?post=212737"},{"taxonomy":"post_tag","embeddable":true,"href":"https:\/\/www.europesays.com\/si\/wp-json\/wp\/v2\/tags?post=212737"}],"curies":[{"name":"wp","href":"https:\/\/api.w.org\/{rel}","templated":true}]}}