{"id":212751,"date":"2026-09-02T12:33:13","date_gmt":"2026-09-02T12:33:13","guid":{"rendered":"https:\/\/www.europesays.com\/si\/212751\/"},"modified":"2026-09-02T12:33:13","modified_gmt":"2026-09-02T12:33:13","slug":"predcasne-parlamentarne-volitve-v-srbiji-25-oktobra","status":"publish","type":"post","link":"https:\/\/www.europesays.com\/si\/212751\/","title":{"rendered":"Pred\u010dasne parlamentarne volitve v Srbiji 25. oktobra"},"content":{"rendered":"<p>\t\t\t\t\t\t\t\t<a href=\"https:\/\/www.europesays.com\/si\/wp-content\/uploads\/2026\/09\/67090581.jpg\" itemprop=\"contentUrl\" data-size=\"1200x800\" data-large=\"https:\/\/www.europesays.com\/si\/wp-content\/uploads\/2026\/09\/67090581.jpg\"><br \/>\n\t\t\t\t\t\t\t\t\t<img decoding=\"async\" src=\"https:\/\/www.europesays.com\/si\/wp-content\/uploads\/2026\/09\/67090581.jpg\" title=\"Aleksandar Vu\u010di\u0107. Foto: Reuters\" alt=\"Aleksandar Vu\u010di\u0107. Foto: Reuters\"\/><br \/>\n\t\t\t\t\t\t\t\t<\/a><\/p>\n<p>\t\t\t\t\t\t\t\t\tAleksandar Vu\u010di\u0107. Foto: Reuters<\/p>\n<p>\t\t\t\t\t\t\t<a id=\"preferredSourceBanner\" href=\"http:\/\/www.rtvslo.si\/svet\/evropa\/predcasne-parlamentarne-volitve-v-srbiji-25-oktobra\/javascript:void(0)\" target=\"_blank\" class=\"d-none align-items-center justify-content-between rounded my-3\" style=\"padding: 10px 15px;\" rel=\"nofollow noopener\"><br \/>\n\t\t\t\t\t\t<img decoding=\"async\" src=\"https:\/\/img.rtvslo.si\/_static\/novi\/img\/ico-google.svg\" class=\"flex-shrink-0 mr-3\" aria-hidden=\"true\"\/><br \/>\n\t\t\t\t\t\tSpremljajte RTVSLO.si kot prednostni vir na Google<\/p>\n<p>\t\t\t\t\t<\/a><\/p>\n<p>Po pisanju srbskih Ve\u010dernjih novosti je bila v dr\u017eavnem vrhu dolo\u010dena \u010dasovnica, v skladu s katero bodo volitve 25. oktobra.<\/p>\n<p>Oglas<\/p>\n<p>V prihodnjih dneh naj bi tako na predlog srbske vlade razpustili narodno skup\u0161\u010dino, s \u010dimer se bo za\u010dela tudi uradna predvolilna kampanja, ki lahko po zakonu traja od 45 do 60 dni.<\/p>\n<p>Srbski predsednik Aleksandar Vu\u010di\u0107 je \u017ee avgusta napovedal, da bodo parlamentarne volitve v Srbiji potekale 18. ali 25. oktobra.<\/p>\n<p>Pred\u010dasne parlamentarne volitve v Srbiji \u017ee ve\u010d mesecev zahtevajo \u0161tudenti, ki so tudi na \u010delu ve\u010d kot leto in pol trajajo\u010dih protivladnih protestov. Protesti so se za\u010deli po padcu nadstre\u0161ka na \u017eelezni\u0161ki postaji v Novem Sadu novembra 2024, v katerem je umrlo 16 ljudi.<\/p>\n<p>Protestniki so sprva zahtevali kaznovanje odgovornih za nesre\u010do, pozneje pa so demonstracije prerasle v \u0161ir\u0161i izraz nezadovoljstva zaradi sistemske korupcije in represije v dr\u017eavi.<\/p>\n<p>Vu\u010di\u0107u se prihodnje leto izte\u010de drugi predsedni\u0161ki mandat, po srbski ustavi pa za predsednika dr\u017eave ne more ve\u010d kandidirati. V preteklih mesecih je ve\u010dkrat omenjal mo\u017ene datume za parlamentarne volitve, vendar jih doslej ni razpisal. Po nekaterih ocenah tudi zato, ker javnomnenjske raziskave ka\u017eejo, da bi njegova stranka SNS volitve lahko izgubila.<\/p>\n<p>Na shodu SNS-a konec junija je napovedal tudi, da bo \u0161e nekaj tednov ostal predsednik stranke, nato pa bo s tega polo\u017eaja odstopil.<\/p>\n<p>Oglas<\/p>\n","protected":false},"excerpt":{"rendered":"Aleksandar Vu\u010di\u0107. Foto: Reuters Spremljajte RTVSLO.si kot prednostni vir na Google Po pisanju srbskih Ve\u010dernjih novosti je bila&hellip;\n","protected":false},"author":2,"featured_media":212752,"comment_status":"","ping_status":"","sticky":false,"template":"","format":"standard","meta":{"footnotes":"","_share_on_mastodon":"0"},"categories":[3],"tags":[2702,65,66,8483,37,38,780],"class_list":["post-212751","post","type-post","status-publish","format-standard","has-post-thumbnail","category-evropa","tag-aleksandar-vucic","tag-europe","tag-evropa","tag-predcasne-volitve","tag-slovene","tag-slovenscina","tag-srbija"],"share_on_mastodon":{"url":"https:\/\/pubeurope.com\/@si\/117201470058653089","error":""},"_links":{"self":[{"href":"https:\/\/www.europesays.com\/si\/wp-json\/wp\/v2\/posts\/212751","targetHints":{"allow":["GET"]}}],"collection":[{"href":"https:\/\/www.europesays.com\/si\/wp-json\/wp\/v2\/posts"}],"about":[{"href":"https:\/\/www.europesays.com\/si\/wp-json\/wp\/v2\/types\/post"}],"author":[{"embeddable":true,"href":"https:\/\/www.europesays.com\/si\/wp-json\/wp\/v2\/users\/2"}],"replies":[{"embeddable":true,"href":"https:\/\/www.europesays.com\/si\/wp-json\/wp\/v2\/comments?post=212751"}],"version-history":[{"count":0,"href":"https:\/\/www.europesays.com\/si\/wp-json\/wp\/v2\/posts\/212751\/revisions"}],"wp:featuredmedia":[{"embeddable":true,"href":"https:\/\/www.europesays.com\/si\/wp-json\/wp\/v2\/media\/212752"}],"wp:attachment":[{"href":"https:\/\/www.europesays.com\/si\/wp-json\/wp\/v2\/media?parent=212751"}],"wp:term":[{"taxonomy":"category","embeddable":true,"href":"https:\/\/www.europesays.com\/si\/wp-json\/wp\/v2\/categories?post=212751"},{"taxonomy":"post_tag","embeddable":true,"href":"https:\/\/www.europesays.com\/si\/wp-json\/wp\/v2\/tags?post=212751"}],"curies":[{"name":"wp","href":"https:\/\/api.w.org\/{rel}","templated":true}]}}