{"id":212787,"date":"2026-09-02T13:10:09","date_gmt":"2026-09-02T13:10:09","guid":{"rendered":"https:\/\/www.europesays.com\/si\/212787\/"},"modified":"2026-09-02T13:10:09","modified_gmt":"2026-09-02T13:10:09","slug":"krvavi-obracun-tajnih-sluzb-v-kijevu-streljali-drug-na-drugega-vec-ranjenih","status":"publish","type":"post","link":"https:\/\/www.europesays.com\/si\/212787\/","title":{"rendered":"Krvavi obra\u010dun tajnih slu\u017eb v Kijevu: streljali drug na drugega, ve\u010d ranjenih"},"content":{"rendered":"<p>    <img decoding=\"async\" data-lb-desktop=\"\/media\/2026\/09\/02\/859914\/Orig-2026-09-01T090302Z_1923933782_RC29ANADR3TO_RTRMADP_5_UKRAINE-CRISIS-ATTACK-KYIV-1200.webp\" data-lb-mobile=\"\/media\/2026\/09\/02\/859914\/Orig-2026-09-01T090302Z_1923933782_RC29ANADR3TO_RTRMADP_5_UKRAINE-CRISIS-ATTACK-KYIV-600.webp\" class=\"main-gallery-image se_image_lb\" src=\"https:\/\/www.europesays.com\/si\/wp-content\/uploads\/2026\/09\/Wide-2026-09-01T090302Z_1923933782_RC29ANADR3TO_RTRMADP_5_UKRAINE-CRISIS-ATTACK-KYIV-1000.webp\" alt=\"Police officers stand next to a part of a Russian drone, at the site of an apartment building damaged by a Russian drone strike, amid Russia's attack on Ukraine, in Kyiv, Ukraine September 1, 2026. REUTERS\/Gleb Garanich\"\/><\/p>\n<p>Na kraj dogodka so prispeli preiskovalci dr\u017eavnega preiskovalnega urada in poveljstvo specialne enote Alfa. Foto: Reuters<\/p>\n<p>Krvavi obra\u010dun tajnih slu\u017eb v Kijevu: streljali drug na drugega, ve\u010d ranjenih<\/p>\n<p>V kijevskem okro\u017eju Dnipro je davi pri\u0161lo do oboro\u017eenega spopada med pripadniki dveh klju\u010dnih ukrajinskih varnostnih agencij \u2013 Slu\u017ebe varnosti Ukrajine (SBU) in Voja\u0161ke obve\u0161\u010devalne slu\u017ebe (GUR), poro\u010da Ukrajinska pravda.<\/p>\n<p>                        02. 09. 2026, 13.20\n                    <\/p>\n<p> rr\n                    <\/p>\n<p>                        <a href=\"https:\/\/google.com\/preferences\/source?q=dnevnik.si\" class=\"se-author-gps-cta\" target=\"_blank\" rel=\"nofollow noopener\"><br \/>\n                            <img decoding=\"async\" class=\"se-author-gps-cta-badge\" src=\"https:\/\/www.europesays.com\/si\/wp-content\/uploads\/2026\/09\/1788354609_145_dnevnik_gps_badge.png\" alt=\"Google Preferred Sources CTA\"\/><br \/>\n                        <\/a><\/p>\n<p>Policija je danes zjutraj popolnoma zaprla Ulico Jurija \u0160umskega, javni prevoz pa so preusmerili. Na terenu je namre\u010d potekala akcija, ki so jo policisti ozna\u010dili za &#8220;posebno policijsko operacijo&#8221;. Po virih Ukrajinske pravde so bili v strelskem obra\u010dunu in spopadu ranjeni najmanj trije pripadniki voja\u0161ke obve\u0161\u010devalne slu\u017ebe GUR.<\/p>\n<p>Napadeni med preiskavo<\/p>\n<p>Potem ko so po dru\u017ebenih omre\u017ejih za\u010deli kro\u017eiti posnetki in informacije o streljanju, se je oglasil SBU in priznal, da so njihovi operativci uporabili strelno oro\u017eje. Zatrjujejo, da so izvajali nujna preiskovalna dejanja v sklopu predkazenskega postopka zaradi domnevnega teroristi\u010dnega napada, ki naj bi ga v Kijevu na\u010drtovala ruska tajna slu\u017eba FSB.<\/p>\n<p lang=\"en\" dir=\"ltr\">Suspected Shootout Between SBU and HUR Officers Occurs at Night in Kyiv<\/p>\n<p>Telegram channels reported gunfire near a residential building on Yuria Shumskoho Street in Kyiv. According to their reports, SBU officers arrived at the location along with Stepan Kaplunov, the deputy\u2026 <a href=\"https:\/\/t.co\/Ilt55zIY1S\" rel=\"nofollow\">pic.twitter.com\/Ilt55zIY1S<\/a><\/p>\n<p>\u2014 Sota News (@sotanews) <a href=\"https:\/\/x.com\/sotanews\/status\/2095079029581779171?ref_src=twsrc%5Etfw\" rel=\"nofollow\">September 2, 2026<\/a> <\/p>\n<p>Po navedbah SBU jim je med preiskavo skupina ljudi z vozili zaprla pot in izvedla oboro\u017een napad na njihovo preiskovalno ekipo. Da bi prekinili napad, so na teren poslali pripadnike elitne specialne enote SBU Alfa, ki so odprli ogenj, ranili nekaj napadalcev in jih nato pridr\u017eali. \u0160ele po aretaciji ter odvzemu oro\u017eja in dokumentov, navajajo v SBU, so ugotovili, da pridr\u017eani pripadajo ukrajinskim obrambnim silam, natan\u010dneje GUR.<\/p>\n<p>Kaj je v ozadju?<\/p>\n<p>\u010ceprav uradne podrobnosti o motivu incidenta \u0161e niso povsem pojasnjene, se po poro\u010danju Ukrajinske pravde ozadje spopada povezuje s skrivnostnim izginotjem Stepana Kaplunova. Kaplunov je namestnik poveljnika za bojne operacije Ruskega prostovoljskega korpusa (RDK) \u2013 enote ruskih dr\u017eavljanov, ki se borijo na strani Ukrajine in operativno delujejo pod okriljem voja\u0161ke obve\u0161\u010devalne slu\u017ebe GUR.<\/p>\n<p>Nih\u010de nima pravice streljati po ulicah<\/p>\n<p>Ukrajinsko glavno to\u017eilstvo je potrdilo, da je spro\u017eilo preiskavo zaradi gro\u017eenj uradnim osebam in poskusa umora predstavnikov organov pregona. Na kraj dogodka so prispeli preiskovalci dr\u017eavnega preiskovalnega urada in poveljstvo specialne enote Alfa.<\/p>\n<p>V zvezi z\u00a0incidentom\u00a0se je oglasil tudi nekdanji vodja GUR in predstojnik urada ukrajinskega predsednika Kirilo Budanov, ki je sporo\u010dil, da primer prevzema dr\u017eavni preiskovalni urad.<\/p>\n<p>&#8220;Pomembno je zagotoviti temeljito in nepristransko preiskavo, vendar nih\u010de nima pravice nekaznovano ugrabljati vojakov, streljati na ulicah na\u0161ih mest ali izdajati in izvr\u0161evati zlo\u010dinskih ukazov,&#8221; je za Ukrajinsko pravdo izjavil Budanov.<\/p>\n<p>Svetovalec za komunikacije ukrajinskega predsednika Dmitro Litvin je dodal, da je predsednik Volodimir Zelenski vodjem vpletenih agencij naro\u010dil, naj o vsem nujno in odprto obvestijo javnost.<\/p>\n<p>        <script async src=\"https:\/\/platform.twitter.com\/widgets.js\" charset=\"utf-8\"><\/script><\/p>\n","protected":false},"excerpt":{"rendered":"Na kraj dogodka so prispeli preiskovalci dr\u017eavnega preiskovalnega urada in poveljstvo specialne enote Alfa. Foto: Reuters Krvavi obra\u010dun&hellip;\n","protected":false},"author":2,"featured_media":212788,"comment_status":"","ping_status":"","sticky":false,"template":"","format":"standard","meta":{"footnotes":"","_share_on_mastodon":"0"},"categories":[8],"tags":[813,10118,293,326,76,52061,37,38,3817,64,291,71,23025,63],"class_list":["post-212787","post","type-post","status-publish","format-standard","has-post-thumbnail","category-svet","tag-incident","tag-javni-prevoz","tag-kijev","tag-policija","tag-preiskava","tag-sbu","tag-slovene","tag-slovenscina","tag-streljanje","tag-svet","tag-teroristicni-napad","tag-ukrajina","tag-vojaska-obvescevalna-sluzba","tag-world"],"share_on_mastodon":{"url":"https:\/\/pubeurope.com\/@si\/117201615744891276","error":""},"_links":{"self":[{"href":"https:\/\/www.europesays.com\/si\/wp-json\/wp\/v2\/posts\/212787","targetHints":{"allow":["GET"]}}],"collection":[{"href":"https:\/\/www.europesays.com\/si\/wp-json\/wp\/v2\/posts"}],"about":[{"href":"https:\/\/www.europesays.com\/si\/wp-json\/wp\/v2\/types\/post"}],"author":[{"embeddable":true,"href":"https:\/\/www.europesays.com\/si\/wp-json\/wp\/v2\/users\/2"}],"replies":[{"embeddable":true,"href":"https:\/\/www.europesays.com\/si\/wp-json\/wp\/v2\/comments?post=212787"}],"version-history":[{"count":0,"href":"https:\/\/www.europesays.com\/si\/wp-json\/wp\/v2\/posts\/212787\/revisions"}],"wp:featuredmedia":[{"embeddable":true,"href":"https:\/\/www.europesays.com\/si\/wp-json\/wp\/v2\/media\/212788"}],"wp:attachment":[{"href":"https:\/\/www.europesays.com\/si\/wp-json\/wp\/v2\/media?parent=212787"}],"wp:term":[{"taxonomy":"category","embeddable":true,"href":"https:\/\/www.europesays.com\/si\/wp-json\/wp\/v2\/categories?post=212787"},{"taxonomy":"post_tag","embeddable":true,"href":"https:\/\/www.europesays.com\/si\/wp-json\/wp\/v2\/tags?post=212787"}],"curies":[{"name":"wp","href":"https:\/\/api.w.org\/{rel}","templated":true}]}}