{"id":212875,"date":"2026-09-02T14:20:09","date_gmt":"2026-09-02T14:20:09","guid":{"rendered":"https:\/\/www.europesays.com\/si\/212875\/"},"modified":"2026-09-02T14:20:09","modified_gmt":"2026-09-02T14:20:09","slug":"lakers-merijo-na-moza-ki-je-z-doncicem-odigral-najvec-tekem-v-karieri","status":"publish","type":"post","link":"https:\/\/www.europesays.com\/si\/212875\/","title":{"rendered":"Lakers merijo na mo\u017ea, ki je z Don\u010di\u0107em odigral najve\u010d tekem v karieri"},"content":{"rendered":"<p>Los Angeles Lakers i\u0161\u010dejo tretjega centra za sezono 2026\/27, kadrovska sled pa jih vodi k igralcu, ki Luko Don\u010di\u0107a pozna zelo dobro. Dwight Powell in slovenski ko\u0161arkarski zvezdnika sta bila skupaj soigralca pri Dallas Mavericks, pri katerih sta skupaj odigrala kar 389 tekem.<\/p>\n<p>Potem ko so Lakersi to poletje polo\u017eaj centra \u017ee okrepili s Walkerjem Kesslerjem in Kevonom Looneyjem, jim za popolnitev rotacije pod ko\u0161em manjka \u0161e tretji, izku\u0161enej\u0161i mo\u017e.<\/p>\n<p>Po poro\u010danju Khobija Pricea iz California Posta je eden najbolj smiselnih kandidatov Dwight Powell, 35-letni in 208 centimetrov visoki center, ki je brez kluba \u017ee od poletja. Price ob tem izpostavlja predvsem eno zanimivo \u0161tevilko: Powell je z Luko Don\u010di\u0107em odigral 389 tekem in z njim na parketu pre\u017eivel ve\u010d minut kot katerikoli od preostalih 98 soigralcev, ki jih je imel Slovenec v svoji osemletni karieri v ligi NBA.<\/p>\n<p>Kanad\u010dan je bil del Dallasa vse od sezone 2014\/15, ko je v Teksas pri\u0161el v menjavi za Rajona Ronda. V ve\u010d kot desetletju pri Mavericksih si je ustvaril status enega najbolj cenjenih klubskih mo\u017e \u2013 ne zaradi statistike, temve\u010d predvsem zaradi vloge, ki jo je bil pripravljen sprejeti za ekipo.<\/p>\n<p>Pri 35 letih od Powella nih\u010de ve\u010d ne pri\u010dakuje velike minuta\u017ee ali visokih \u0161tevilk, bi pa Lakersom lahko koristilo njegovo odli\u010dno poznavanje Don\u010di\u0107eve igre. V Dallasu sta odigrala ne\u0161teto akcij &#8220;pick and roll&#8221;, zato bi lahko bil Powell zanimiva re\u0161itev v vlogi izku\u0161enega rezervista ob Slovencu. Za zdaj Powell ostaja nepodpisan prosti igralec.<\/p>\n","protected":false},"excerpt":{"rendered":"Los Angeles Lakers i\u0161\u010dejo tretjega centra za sezono 2026\/27, kadrovska sled pa jih vodi k igralcu, ki Luko&hellip;\n","protected":false},"author":2,"featured_media":212876,"comment_status":"","ping_status":"","sticky":false,"template":"","format":"standard","meta":{"footnotes":"","_share_on_mastodon":"0"},"categories":[16],"tags":[5301,52083,879,342,62,37,58,60,38,94,93],"class_list":["post-212875","post","type-post","status-publish","format-standard","has-post-thumbnail","category-sport","tag-dallas-mavericks","tag-dwight-powell","tag-los-angeles-lakers","tag-luka-doncic","tag-si","tag-slovene","tag-slovenia","tag-slovenija","tag-slovenscina","tag-sport","tag-sports"],"share_on_mastodon":{"url":"https:\/\/pubeurope.com\/@si\/117201890446190102","error":""},"_links":{"self":[{"href":"https:\/\/www.europesays.com\/si\/wp-json\/wp\/v2\/posts\/212875","targetHints":{"allow":["GET"]}}],"collection":[{"href":"https:\/\/www.europesays.com\/si\/wp-json\/wp\/v2\/posts"}],"about":[{"href":"https:\/\/www.europesays.com\/si\/wp-json\/wp\/v2\/types\/post"}],"author":[{"embeddable":true,"href":"https:\/\/www.europesays.com\/si\/wp-json\/wp\/v2\/users\/2"}],"replies":[{"embeddable":true,"href":"https:\/\/www.europesays.com\/si\/wp-json\/wp\/v2\/comments?post=212875"}],"version-history":[{"count":0,"href":"https:\/\/www.europesays.com\/si\/wp-json\/wp\/v2\/posts\/212875\/revisions"}],"wp:featuredmedia":[{"embeddable":true,"href":"https:\/\/www.europesays.com\/si\/wp-json\/wp\/v2\/media\/212876"}],"wp:attachment":[{"href":"https:\/\/www.europesays.com\/si\/wp-json\/wp\/v2\/media?parent=212875"}],"wp:term":[{"taxonomy":"category","embeddable":true,"href":"https:\/\/www.europesays.com\/si\/wp-json\/wp\/v2\/categories?post=212875"},{"taxonomy":"post_tag","embeddable":true,"href":"https:\/\/www.europesays.com\/si\/wp-json\/wp\/v2\/tags?post=212875"}],"curies":[{"name":"wp","href":"https:\/\/api.w.org\/{rel}","templated":true}]}}