{"id":212933,"date":"2026-09-02T15:14:26","date_gmt":"2026-09-02T15:14:26","guid":{"rendered":"https:\/\/www.europesays.com\/si\/212933\/"},"modified":"2026-09-02T15:14:26","modified_gmt":"2026-09-02T15:14:26","slug":"pianisticni-zvezdnik-bruce-liu-ponovno-v-ljubljani-nastopa-z-londonskim-simfonicnim-orkestrom-2","status":"publish","type":"post","link":"https:\/\/www.europesays.com\/si\/212933\/","title":{"rendered":"Pianisti\u010dni zvezdnik Bruce Liu ponovno v Ljubljani; nastopa z Londonskim simfoni\u010dnim orkestrom"},"content":{"rendered":"<p>\t\t\t\t\t\t\t\t<a href=\"https:\/\/www.europesays.com\/si\/wp-content\/uploads\/2026\/09\/1788362062_552_67084568.jpg\" itemprop=\"contentUrl\" data-size=\"1200x800\" data-large=\"https:\/\/www.europesays.com\/si\/wp-content\/uploads\/2026\/09\/1788362062_552_67084568.jpg\"><br \/>\n\t\t\t\t\t\t\t\t\t<img decoding=\"async\" src=\"https:\/\/www.europesays.com\/si\/wp-content\/uploads\/2026\/09\/1788362062_552_67084568.jpg\" title=\"Bruce Liu je zelo iskan in cenjen po vsem svetu ter nastopa s \u0161tevilnimi vrhunskimi orkestri. Foto: EPA\" alt=\"Bruce Liu je zelo iskan in cenjen po vsem svetu ter nastopa s \u0161tevilnimi vrhunskimi orkestri. Foto: EPA\"\/><br \/>\n\t\t\t\t\t\t\t\t<\/a><\/p>\n<p>\t\t\t\t\t\t\t\t\tBruce Liu je zelo iskan in cenjen po vsem svetu ter nastopa s \u0161tevilnimi vrhunskimi orkestri. Foto: EPA<\/p>\n<p>\t\t\t\t\t\t\t<a id=\"preferredSourceBanner\" href=\"https:\/\/www.rtvslo.si\/kultura\/glasba\/pianisticni-zvezdnik-bruce-liu-ponovno-v-ljubljani-nastopa-z-londonskim-simfonicnim-orkestrom\/javascript:void(0)\" target=\"_blank\" class=\"d-none align-items-center justify-content-between rounded my-3\" style=\"padding: 10px 15px;\" rel=\"nofollow noopener\"><br \/>\n\t\t\t\t\t\t<img decoding=\"async\" src=\"https:\/\/img.rtvslo.si\/_static\/novi\/img\/ico-google.svg\" class=\"flex-shrink-0 mr-3\" aria-hidden=\"true\"\/><br \/>\n\t\t\t\t\t\tSpremljajte RTVSLO.si kot prednostni vir na Google<\/p>\n<p>\t\t\t\t\t<\/a><\/p>\n<p>Pet let po tem, ko je prejel prvo nagrado na 18. mednarodnem Chopinovem pianisti\u010dnem tekmovanju, je Bruce Liu razvil prepoznaven umetni\u0161ki izraz, ki navdu\u0161uje ob\u010dinstvo z zna\u010dilno spontanostjo, \u017eivahno domi\u0161ljijo in mojstrskim obvladovanjem klavirja. Njegovo igranje zdru\u017euje tehni\u010dno briljantnost s subtilnimi in poeti\u010dnimi barvnimi odtenki. Revija Pianist Magazine ga je maja 2026 uvrstila med 10 legendarnih pianistov z najlep\u0161im kantabilnim tonom.<\/p>\n<p>Oglas<\/p>\n<p>Danes ob 20.00 bo Bruce Liu ponovno nastopil v Ljubljani \u2013 koncert v Cankarjevem domu pod okriljem Ljubljana festivala je \u017ee razprodan.<\/p>\n<p>Bruce Liu je bil rojen v Parizu in odra\u0161\u010dal v Montr\u00e9alu. S klavirjem se je seznanil \u017ee v otro\u0161tvu \u2013 igrati je za\u010del pri osmih letih, pri enajstih pa je imel prvi koncert. V umetnosti odra\u017ea svojo ve\u010dkulturno dedi\u0161\u010dino: zdru\u017euje evropsko prefinjenost, severnoameri\u0161ko dinamiko in dolgo tradicijo kitajske kulture. \u0160tudiral je pri Richardu Raymondu in Dang Thai Sonu.<\/p>\n<p>Glasbenik je zelo iskan in cenjen po vsem svetu ter nastopa s \u0161tevilnimi vrhunskimi orkestri, med drugim z Londonskim simfoni\u010dnim orkestrom, Bostonskim simfoni\u010dnim orkestrom, \u010cika\u0161kim simfoni\u010dnim orkestrom, Dunajskimi simfoniki in Francoskim nacionalnim orkestrom. Sodeluje z dirigenti, kot so Daniele Gatti, Manfred Honeck, Paavo J\u00e4rvi, Petr Popelka, Santtu-Matias Rouvali, Lahav Shani in Dalia Stasevska.<\/p>\n<p>Pred Liujem je sezona svetovnih odrov<br \/>V sezoni 2026\/27 se bo Liu odpravil na ve\u010d pomembnih mednarodnih turnej. Med drugim bo na Kitajskem nastopil z Londonskim simfoni\u010dnim orkestrom pod taktirko sira Antonia Pappana, s katerim prihaja tudi v Ljubljano, na Japonskem z Budimpe\u0161kim festivalskim orkestrom in dirigentom Iv\u00e1nom Fischerjem, v Hongkongu in Ju\u017eni Koreji z Montrealskim simfoni\u010dnim orkestrom, ki ga bo vodil Rafaelo Payare, v Evropi pa s Kraljevim stockholmskim filharmoni\u010dnim orkestrom pod taktirko dirigenta Ryana Bancrofta.<\/p>\n<p>\t\t\t\t\t\t\t\t<a href=\"https:\/\/www.europesays.com\/si\/wp-content\/uploads\/2026\/09\/1788362064_567_67084569.jpg\" itemprop=\"contentUrl\" data-size=\"1200x800\" data-large=\"https:\/\/www.europesays.com\/si\/wp-content\/uploads\/2026\/09\/1788362064_567_67084569.jpg\"><br \/>\n\t\t\t\t\t\t\t\t\t<img decoding=\"async\" src=\"https:\/\/www.europesays.com\/si\/wp-content\/uploads\/2026\/09\/1788362064_567_67084569.jpg\" title=\"Glasbenik redno gostuje tudi na \u0161tevilnih mednarodnih festivalih. Foto: EPA\" alt=\"Glasbenik redno gostuje tudi na \u0161tevilnih mednarodnih festivalih. Foto: EPA\"\/><br \/>\n\t\t\t\t\t\t\t\t<\/a><\/p>\n<p>\t\t\t\t\t\t\t\t\tGlasbenik redno gostuje tudi na \u0161tevilnih mednarodnih festivalih. Foto: EPA<\/p>\n<p>Poleg tega bo debitiral z Nizozemskim filharmoni\u010dnim orkestrom, \u0160panskim nacionalnim orkestrom in Danskim nacionalnim simfoni\u010dnim orkestrom, vrnil pa se bo tudi k Newyor\u0161ki filharmoniji in Frankfurtskemu radijskemu simfoni\u010dnemu orkestru. Med vrhunci sezone so tudi novoletni koncerti v berlinskem Konzerthausu ter koncert ob 100. obletnici Chopinovega tekmovanja v Var\u0161avi.<\/p>\n<p>\t\t\t\t\t\t\t\t<a href=\"https:\/\/www.europesays.com\/si\/wp-content\/uploads\/2026\/09\/1788362065_982_67090431.jpg\" itemprop=\"contentUrl\" data-size=\"1200x800\" data-large=\"https:\/\/www.europesays.com\/si\/wp-content\/uploads\/2026\/09\/1788362065_982_67090431.jpg\"><br \/>\n\t\t\t\t\t\t\t\t\t<img decoding=\"async\" src=\"https:\/\/www.europesays.com\/si\/wp-content\/uploads\/2026\/09\/1788362065_982_67090431.jpg\" title=\"Liu je pred kratkim izdal svoj najnovej\u0161i samostojni album Lunaris. Foto: Deutsche Gramophon\" alt=\"Liu je pred kratkim izdal svoj najnovej\u0161i samostojni album Lunaris. Foto: Deutsche Gramophon\"\/><br \/>\n\t\t\t\t\t\t\t\t<\/a><\/p>\n<p>\t\t\t\t\t\t\t\t\tLiu je pred kratkim izdal svoj najnovej\u0161i samostojni album Lunaris. Foto: Deutsche Gramophon<\/p>\n<p>Kot zelo iskan recitalni pianist Bruce Liu nastopa v najpomembnej\u0161ih koncertnih dvoranah, kot so Concertgebouw v Amsterdamu, Carnegie Hall in Berlinska filharmonija. V sezoni 2026\/27 bo nastopil v okviru Boston Celebrity Series ter v Houstonu, Seattlu, v Chicago Symphony Centru, Philharmonie de Paris, BOZAR Bruxelles, Muziekgebouw Amsterdam, Wigmore Hall in v pomembnih koncertnih dvoranah v \u0160paniji in na Portugalskem. Redno gostuje tudi na \u0161tevilnih mednarodnih festivalih, med drugim v Edinburgu, Klavier-Festival Ruhr, Verbieru, La Roque-d&#8217;Anth\u00e9ronu, Rheingauu, Aspnu in Tanglewoodu.<\/p>\n<p>Kot ekskluzivni umetnik pri zalo\u017ebi Deutsche Grammophon je Liu pred kratkim izdal svoj najnovej\u0161i samostojni album Lunaris. Leta 2024 je za svoj prvi studijski album Waves prejel nagrado zdru\u017eenja Opus Klassik za mlade talente leta. Njegov drugi studijski album, ki vklju\u010duje Letne \u010dase \u010cajkovskega, je prejel navdu\u0161ene kritike. Guardian je njegovo igranje opisal kot &#8220;izjemno izpiljeno, a \u010dudovito osvobojeno vsakr\u0161ne izumetni\u010denosti, zaradi \u010desar te o\u010darljive salonske skladbe dobijo spo\u0161tovanje in iskrenost, ki si ju zaslu\u017eijo&#8221;.<\/p>\n<p>Londonski simfoni\u010dni orkester \u2013 ve\u010d kot stoletje glasbene odli\u010dnosti<br \/>Virtuoznega pianista bo v Ljubljani spremljal svetovno znani Londonski simfoni\u010dni orkester (LSO), ki je bil ustanovljen leta 1904 kot eden prvih orkestrov, ki so ga oblikovali in soustvarjali njegovi glasbeniki. Od takrat so generacije izjemnih umetnikov gradile ugled orkestra, ki ga zaznamujejo vrhunska kakovost, drznost, ambicioznost in predanost temu, da veselje do glasbe deli z vsakomer. Danes se uvr\u0161\u010da med najbolj\u0161e orkestre na svetu in dose\u017ee ve\u010d deset tiso\u010d ljudi v Londonu, \u0161e ve\u010d ob\u010dinstva na koncertnih odrih po svetu ter milijone poslu\u0161alcev in gledalcev prek preto\u010dnih storitev, prenosov, radia in televizije.<\/p>\n<p>\t\t\t\t\t\t\t\t<a href=\"https:\/\/www.europesays.com\/si\/wp-content\/uploads\/2026\/09\/1788362066_111_67084570.jpg\" itemprop=\"contentUrl\" data-size=\"1200x800\" data-large=\"https:\/\/www.europesays.com\/si\/wp-content\/uploads\/2026\/09\/1788362066_111_67084570.jpg\"><br \/>\n\t\t\t\t\t\t\t\t\t<img decoding=\"async\" src=\"https:\/\/www.europesays.com\/si\/wp-content\/uploads\/2026\/09\/1788362066_111_67084570.jpg\" title=\"Angle\u0161ko-italijanski dirigent Antonio Pappano je svojo mednarodno pot za\u010del kot asistent legendarnega dirigenta Daniela Barenboima v Bayreuthu. Foto: EPA\" alt=\"Angle\u0161ko-italijanski dirigent Antonio Pappano je svojo mednarodno pot za\u010del kot asistent legendarnega dirigenta Daniela Barenboima v Bayreuthu. Foto: EPA\"\/><br \/>\n\t\t\t\t\t\t\t\t<\/a><\/p>\n<p>\t\t\t\t\t\t\t\t\tAngle\u0161ko-italijanski dirigent Antonio Pappano je svojo mednarodno pot za\u010del kot asistent legendarnega dirigenta Daniela Barenboima v Bayreuthu. Foto: EPA<\/p>\n<p>Kot reziden\u010dni orkester Barbicana od odprtja centra leta 1982 LSO tam vsako leto izvede pribli\u017eno 70 koncertov skupaj s svojo umetni\u0161ko ekipo, ki jo sestavljajo: glavni dirigent sir Antonio Pappano, \u010dastni dirigent sir Simon Rattle, prvi gostujo\u010di dirigent Gianandrea Noseda ter pridru\u017eena umetnika Barbara Hannigan in Andr\u00e9 J. Thomas.<\/p>\n<p>Orkester ima pomembne umetni\u0161ke rezidence v Parizu, Tokiu in na festivalu v Aix-en-Provence, redno pa gostuje tudi v ZDA in Aziji. V Zdru\u017eenem kraljestvu je LSO partnerski orkester (Associate Orchestra) dvorane Bristol Beacon, in sicer po njeni temeljiti prenovi in ponovnem odprtju leta 2023. Redno nastopa tudi na Edinbur\u0161kem mednarodnem festivalu, festivalu v Brightonu in v Snape Maltingsu.<\/p>\n<p>Pod taktirko svetovno znanega dirigenta<br \/>Na dirigentski podij se vra\u010da sir Antonio Pappano, ki je vodstvo prevzel s sezono 2024\/25. Angle\u0161ko-italijanski dirigent je svojo mednarodno pot za\u010del kot asistent legendarnega dirigenta Daniela Barenboima, pomembna poglavja kariere pa je oblikoval v Oslu, Bruslju in Rimu.<\/p>\n<p>Za\u010detek dogodka prina\u0161a Koncert za klavir in orkester \u0161t. 3 v c-molu Ludwiga van Beethovna. Delo sodi v njegovo srednje ustvarjalno obdobje, pogosto povezano z izrazito eti\u010dno dr\u017eo in izrazno napetostjo, ter izstopa po dramati\u010dnem zna\u010daju. Po\u010dasni stavek predstavlja enega njegovih najbolj zadr\u017eanih in introspektivnih trenutkov. V drugem delu ve\u010dera bo zazvenela apokalipti\u010dna Simfonija \u0161t. 9 v d-molu Antona Brucknerja. Skladateljevo poslednje delo, ohranjeno v treh od na\u010drtovanih \u0161tirih stavkov, je posve\u010deno &#8220;dragemu Bogu&#8221;. Z drzno harmonijo, poudarjeno kromatiko, razrahljano tonalnostjo in izrazitim plastenjem orkestrskih tekstur je Bruckner simfoni\u010dno obliko raz\u0161iril na monumentalne razse\u017enosti.<\/p>\n<p>Oglas<\/p>\n","protected":false},"excerpt":{"rendered":"Bruce Liu je zelo iskan in cenjen po vsem svetu ter nastopa s \u0161tevilnimi vrhunskimi orkestri. Foto: EPA&hellip;\n","protected":false},"author":2,"featured_media":212934,"comment_status":"","ping_status":"","sticky":false,"template":"","format":"standard","meta":{"footnotes":"","_share_on_mastodon":"0"},"categories":[18],"tags":[52049,52051,4565,52050,114,11356,62,37,58,60,38,115],"class_list":["post-212933","post","type-post","status-publish","format-standard","has-post-thumbnail","category-zabava","tag-anton-bruckner","tag-bruce-liu","tag-cankarjev-dom","tag-chopinovo-tekmovanje","tag-entertainment","tag-londonski-simfonicni-orkester","tag-si","tag-slovene","tag-slovenia","tag-slovenija","tag-slovenscina","tag-zabava"],"share_on_mastodon":{"url":"https:\/\/pubeurope.com\/@si\/117202103203356346","error":""},"_links":{"self":[{"href":"https:\/\/www.europesays.com\/si\/wp-json\/wp\/v2\/posts\/212933","targetHints":{"allow":["GET"]}}],"collection":[{"href":"https:\/\/www.europesays.com\/si\/wp-json\/wp\/v2\/posts"}],"about":[{"href":"https:\/\/www.europesays.com\/si\/wp-json\/wp\/v2\/types\/post"}],"author":[{"embeddable":true,"href":"https:\/\/www.europesays.com\/si\/wp-json\/wp\/v2\/users\/2"}],"replies":[{"embeddable":true,"href":"https:\/\/www.europesays.com\/si\/wp-json\/wp\/v2\/comments?post=212933"}],"version-history":[{"count":0,"href":"https:\/\/www.europesays.com\/si\/wp-json\/wp\/v2\/posts\/212933\/revisions"}],"wp:featuredmedia":[{"embeddable":true,"href":"https:\/\/www.europesays.com\/si\/wp-json\/wp\/v2\/media\/212934"}],"wp:attachment":[{"href":"https:\/\/www.europesays.com\/si\/wp-json\/wp\/v2\/media?parent=212933"}],"wp:term":[{"taxonomy":"category","embeddable":true,"href":"https:\/\/www.europesays.com\/si\/wp-json\/wp\/v2\/categories?post=212933"},{"taxonomy":"post_tag","embeddable":true,"href":"https:\/\/www.europesays.com\/si\/wp-json\/wp\/v2\/tags?post=212933"}],"curies":[{"name":"wp","href":"https:\/\/api.w.org\/{rel}","templated":true}]}}