{"id":212943,"date":"2026-09-02T15:21:18","date_gmt":"2026-09-02T15:21:18","guid":{"rendered":"https:\/\/www.europesays.com\/si\/212943\/"},"modified":"2026-09-02T15:21:18","modified_gmt":"2026-09-02T15:21:18","slug":"pogacar-dva-dni-po-operaciji-ze-zapustil-bolnisnico-v-barceloni","status":"publish","type":"post","link":"https:\/\/www.europesays.com\/si\/212943\/","title":{"rendered":"Poga\u010dar dva dni po operaciji \u017ee zapustil bolni\u0161nico v Barceloni"},"content":{"rendered":"<p>\t\t\t\t\t\t\t\t<a href=\"https:\/\/www.europesays.com\/si\/wp-content\/uploads\/2026\/09\/67089045.jpg\" itemprop=\"contentUrl\" data-size=\"1200x800\" data-large=\"https:\/\/www.europesays.com\/si\/wp-content\/uploads\/2026\/09\/67089045.jpg\"><br \/>\n\t\t\t\t\t\t\t\t\t<img decoding=\"async\" src=\"https:\/\/www.europesays.com\/si\/wp-content\/uploads\/2026\/09\/67089045.jpg\" title=\"Tadej Poga\u010dar z nasme\u0161kom za fotografa sredi 8. etape, ki pa se je zanj kon\u010dala z grdim padcem, po\u0161kodami in odstopom ter br\u017ekone koncem sezone 2026. Foto: ASO\/Cxcling\" alt=\"Tadej Poga\u010dar z nasme\u0161kom za fotografa sredi 8. etape, ki pa se je zanj kon\u010dala z grdim padcem, po\u0161kodami in odstopom ter br\u017ekone koncem sezone 2026. Foto: ASO\/Cxcling\"\/><br \/>\n\t\t\t\t\t\t\t\t<\/a><\/p>\n<p>\t\t\t\t\t\t\t\t\tTadej Poga\u010dar z nasme\u0161kom za fotografa sredi 8. etape, ki pa se je zanj kon\u010dala z grdim padcem, po\u0161kodami in odstopom ter br\u017ekone koncem sezone 2026. Foto: ASO\/Cxcling<\/p>\n<p>\t\t\t\t\t\t\t<a id=\"preferredSourceBanner\" href=\"https:\/\/www.rtvslo.si\/sport\/kolesarstvo\/pogacar-dva-dni-po-operaciji-ze-zapustil-bolnisnico-v-barceloni\/javascript:void(0)\" target=\"_blank\" class=\"d-none align-items-center justify-content-between rounded my-3\" style=\"padding: 10px 15px;\" rel=\"nofollow noopener\"><br \/>\n\t\t\t\t\t\t<img decoding=\"async\" src=\"https:\/\/img.rtvslo.si\/_static\/novi\/img\/ico-google.svg\" class=\"flex-shrink-0 mr-3\" aria-hidden=\"true\"\/><br \/>\n\t\t\t\t\t\tSpremljajte RTVSLO.si kot prednostni vir na Google<\/p>\n<p>\t\t\t\t\t<\/a><\/p>\n<p>Po poro\u010danju lokalnega katalonskega \u010dasopisa El Periodico je zgodaj popoldne Tadej Poga\u010dar \u017ee zapustil zasebno bolni\u0161nico, kjer je prvega kolesarja operiral ugledni travmatolog Xavier Mir. Ekipa zdravnika, ki bdi na zdravjem motociklistov v elitnem razredu MotoGP in tudi redno operaira njihove po\u0161kodbe, je v ponedeljek popoldne opravila rekonstrukcijo leve klju\u010dnice, kjer so morali z vijaki in plo\u0161\u010dicami sestaviti kompleksen zlom kosti.<\/p>\n<p>Oglas<\/p>\n<p>Na dopoldanski viziti so potrdili, da so rane neoku\u017eene, zaradi \u010desar je Poga\u010dar prejel zeleno lu\u010d za odpust. Do domovanja v Monaku ga bo pospremil \u017diga Jerman, osebni prijatelj in zdaj\u0161nji maser pri ekipi UAE Emirates, ki ga je ves \u010das tudi spremljal v \u010dasu po po\u0161kodbi.<\/p>\n<p>Trije veliki cilji \u017eelja, a obse\u017ene po\u0161kodbe<\/p>\n<p>\t\t\t\t\t\t\t\t\t<a href=\"https:\/\/www.rtvslo.si\/n\/792213\" class=\"image-link image-heading image-container container-16-9\" data-large=\"https:\/\/img.rtvcdn.si\/_up\/upload\/2026\/08\/29\/67086005.jpg\" rel=\"nofollow noopener\" target=\"_blank\"><br \/>\n\t\t\t\t\t\t\t\t\t\t<img decoding=\"async\" src=\"https:\/\/www.europesays.com\/si\/wp-content\/uploads\/2026\/09\/67086005_thumb.jpg\" class=\"image-preview\"\/><br \/>\n\t\t\t\t\t\t\t\t\t<\/a><\/p>\n<p>\t\t\t\t\t\t\t\t\t\tSorodna novica<br \/>\n\t\t\t\t\t\t\t\t\t\t<a href=\"https:\/\/www.rtvslo.si\/n\/792213\" rel=\"nofollow noopener\" target=\"_blank\">Po zlomu klju\u010dnice in vratnega vretenca konec sanj za Poga\u010darja o prvi Vuelti<\/a><\/p>\n<p>Do padca je pri\u0161lo 32 km pred ciljem 8. etape ju\u017eno od Valencie. Poga\u010dar je ravno vstavljal bidon v okvir, ko je na levem robu ceste zadel ve\u010dji kamen, nakar je izgubil ravnote\u017eje in se zapletel s sosednjim kolesom, nakar ga je silovito vrglo prek krmila na glavo in levo ramo. Hitro je bilo jasno, da je Dirke po \u0160paniji konec za nosilca rde\u010de majice, ki je takrat imel skoraj \u0161tiri minute prednosti pred Enricom Masom.<\/p>\n<p>Namesto predvidene skupne zmage \u0161e na tretji tritedenski dirki, je Poga\u010dar bil prepeljan v bolni\u0161nico v bli\u017enji Gandii, nakar so ga \u017ee v soboto pono\u010di prepeljali v Barcelono.<\/p>\n<p>\t\t\t\t\t\t\t\t\t<a href=\"https:\/\/www.rtvslo.si\/n\/792267\" class=\"image-link image-heading image-container container-16-9\" data-large=\"https:\/\/img.rtvcdn.si\/_up\/upload\/2026\/08\/30\/67086592.jpg\" rel=\"nofollow noopener\" target=\"_blank\"><br \/>\n\t\t\t\t\t\t\t\t\t\t<img decoding=\"async\" src=\"https:\/\/www.europesays.com\/si\/wp-content\/uploads\/2026\/09\/67086592_thumb.jpg\" class=\"image-preview\"\/><br \/>\n\t\t\t\t\t\t\t\t\t<\/a><\/p>\n<p>\t\t\t\t\t\t\t\t\t\tSorodna novica<br \/>\n\t\t\t\t\t\t\t\t\t\t<a href=\"https:\/\/www.rtvslo.si\/n\/792267\" rel=\"nofollow noopener\" target=\"_blank\">Brutalen opomnik, kako hitro se lahko zalomi tudi najbolj\u0161im<\/a><\/p>\n<p>Ob kompleksnem zlomu leve klju\u010dnice je Poga\u010dar utrpel \u0161e pretres mo\u017eganov, hkrati pa mu je po\u010dilo sedmo vratno vretence, ki je sicer stabilno. Sre\u010da v nesre\u010di je, da prvi kolesar sveta pri tem ni utrpel nobenih nevrolo\u0161kih ali drugih po\u0161kodb.<\/p>\n<p>Vseeno je preostanek leto\u0161nje sezone maloverjeten. Konec septembra bi moral v Montrealu braniti mavri\u010dno majico, kjer je nameraval izena\u010diti rekordni niz trikratnega zaporednega svetovnega prvaka Petra Sagana. \u017de 4. oktobra sledi doma\u010de evropsko prvenstvo v \u0160en\u010durju, za konec pa bi sledila vsakoletna pika na i sezoni \u2013 spomenik Po Lombardiji, kjer je Poga\u010dar dobil prav vseh pet zaporednih dirk, na katerih je nastopil.<\/p>\n<p>\t\t\t\t\t\t\t\t\t<a href=\"https:\/\/www.rtvslo.si\/n\/792375\" class=\"image-link image-heading image-container container-16-9\" data-large=\"https:\/\/img.rtvcdn.si\/_up\/upload\/2026\/08\/30\/67086592.jpg\" rel=\"nofollow noopener\" target=\"_blank\"><br \/>\n\t\t\t\t\t\t\t\t\t\t<img decoding=\"async\" src=\"https:\/\/www.europesays.com\/si\/wp-content\/uploads\/2026\/09\/67086592_thumb.jpg\" class=\"image-preview\"\/><br \/>\n\t\t\t\t\t\t\t\t\t<\/a><\/p>\n<p>\t\t\t\t\t\t\t\t\t\tSorodna novica<br \/>\n\t\t\t\t\t\t\t\t\t\t<a href=\"https:\/\/www.rtvslo.si\/n\/792375\" rel=\"nofollow noopener\" target=\"_blank\">Poga\u010dar uspe\u0161no operiran, nekaj dni bo ostal v bolni\u0161nici na opazovanju<\/a><\/p>\n<p>\t\t\t\t\t\t\tReprezentan\u010dni zdravnik Knap: Ni realno.<\/p>\n<p>Bi lahko Poga\u010dar kljub po\u0161kodbam vseeno dirkal \u017ee v mesecu dni? <\/p>\n<p>&#8220;Ni realno. Koliko bi si \u017eeleli in mi vsi. Na koncu je Tadej Poga\u010dar tudi \u010dlovek, ki mora v svojem telesu pre\u017eiveti preostanek \u017eivljenja po koncu kariere. Dobro, da ne bi nosil kak\u0161nih posledic \u0161e naprej. Na koncu koncev je pred njim \u0161e kar nekaj let kariere. Dobro je, da bi opravil popolno rehabilitacijo brez hitenja. \u010ce je dovolj \u010dasa, prihaja \u010das mrtve sezone in bi imel dovolj \u010dasa za vrnitev,&#8221; je v oddaji Odmevi pojasnil zdravnik slovenske kolesarske reprezentance Kri\u0161tof Knap.<\/p>\n<p>\t\t\t\tKak\u0161no je zdravstveno stanje Poga\u010darja?<\/p>\n<p>Po poro\u010danju Gazzette dello Sport se bo Poga\u010dar do petka v Monaku \u017ee sre\u010dal s svojim mened\u017eerjem Alexom Carero, ko naj bi tudi pri\u0161lo do sporo\u010dila javnosti, kako in kdaj se bo v resnici vrnil na treninge in dirke.<\/p>\n<p>Oglas<\/p>\n","protected":false},"excerpt":{"rendered":"Tadej Poga\u010dar z nasme\u0161kom za fotografa sredi 8. etape, ki pa se je zanj kon\u010dala z grdim padcem,&hellip;\n","protected":false},"author":2,"featured_media":212944,"comment_status":"","ping_status":"","sticky":false,"template":"","format":"standard","meta":{"footnotes":"","_share_on_mastodon":"0"},"categories":[20],"tags":[24180,32,618,35,31,34,36,37,38,1874,33],"class_list":["post-212943","post","type-post","status-publish","format-standard","has-post-thumbnail","category-novice","tag-dirka-po-spaniji","tag-headlines","tag-kolesarstvo","tag-najpomembnejse-novice","tag-news","tag-novice","tag-osrednje-novice","tag-slovene","tag-slovenscina","tag-tadej-pogacar","tag-top-stories"],"share_on_mastodon":{"url":"https:\/\/pubeurope.com\/@si\/117202130692615523","error":""},"_links":{"self":[{"href":"https:\/\/www.europesays.com\/si\/wp-json\/wp\/v2\/posts\/212943","targetHints":{"allow":["GET"]}}],"collection":[{"href":"https:\/\/www.europesays.com\/si\/wp-json\/wp\/v2\/posts"}],"about":[{"href":"https:\/\/www.europesays.com\/si\/wp-json\/wp\/v2\/types\/post"}],"author":[{"embeddable":true,"href":"https:\/\/www.europesays.com\/si\/wp-json\/wp\/v2\/users\/2"}],"replies":[{"embeddable":true,"href":"https:\/\/www.europesays.com\/si\/wp-json\/wp\/v2\/comments?post=212943"}],"version-history":[{"count":0,"href":"https:\/\/www.europesays.com\/si\/wp-json\/wp\/v2\/posts\/212943\/revisions"}],"wp:featuredmedia":[{"embeddable":true,"href":"https:\/\/www.europesays.com\/si\/wp-json\/wp\/v2\/media\/212944"}],"wp:attachment":[{"href":"https:\/\/www.europesays.com\/si\/wp-json\/wp\/v2\/media?parent=212943"}],"wp:term":[{"taxonomy":"category","embeddable":true,"href":"https:\/\/www.europesays.com\/si\/wp-json\/wp\/v2\/categories?post=212943"},{"taxonomy":"post_tag","embeddable":true,"href":"https:\/\/www.europesays.com\/si\/wp-json\/wp\/v2\/tags?post=212943"}],"curies":[{"name":"wp","href":"https:\/\/api.w.org\/{rel}","templated":true}]}}