{"id":212985,"date":"2026-09-02T15:57:18","date_gmt":"2026-09-02T15:57:18","guid":{"rendered":"https:\/\/www.europesays.com\/si\/212985\/"},"modified":"2026-09-02T15:57:18","modified_gmt":"2026-09-02T15:57:18","slug":"urad-predsednice-zacuden-kako-je-lahko-posnetek-nesrece-javno-dostopen-pred-zakljuckom-postopka","status":"publish","type":"post","link":"https:\/\/www.europesays.com\/si\/212985\/","title":{"rendered":"Urad predsednice za\u010duden, kako je lahko posnetek nesre\u010de javno dostopen pred zaklju\u010dkom postopka"},"content":{"rendered":"<p>\t\t\t\t\t\t\t\t<a href=\"https:\/\/www.europesays.com\/si\/wp-content\/uploads\/2026\/09\/67070803.jpg\" itemprop=\"contentUrl\" data-size=\"1200x800\" data-large=\"https:\/\/www.europesays.com\/si\/wp-content\/uploads\/2026\/09\/67070803.jpg\"><br \/>\n\t\t\t\t\t\t\t\t\t<img decoding=\"async\" src=\"https:\/\/www.europesays.com\/si\/wp-content\/uploads\/2026\/09\/67070803.jpg\" title=\"Nata\u0161a Pirc Musar. Foto: BoBo\" alt=\"Nata\u0161a Pirc Musar. Foto: BoBo\"\/><br \/>\n\t\t\t\t\t\t\t\t<\/a><\/p>\n<p>\t\t\t\t\t\t\t\t\tNata\u0161a Pirc Musar. Foto: BoBo<\/p>\n<p>\t\t\t\t\t\t\t<a id=\"preferredSourceBanner\" href=\"https:\/\/www.rtvslo.si\/slovenija\/urad-predsednice-zacuden-kako-je-lahko-posnetek-nesrece-javno-dostopen-pred-zakljuckom-postopka\/javascript:void(0)\" target=\"_blank\" class=\"d-none align-items-center justify-content-between rounded my-3\" style=\"padding: 10px 15px;\" rel=\"nofollow noopener\"><br \/>\n\t\t\t\t\t\t<img decoding=\"async\" src=\"https:\/\/img.rtvslo.si\/_static\/novi\/img\/ico-google.svg\" class=\"flex-shrink-0 mr-3\" aria-hidden=\"true\"\/><br \/>\n\t\t\t\t\t\tSpremljajte RTVSLO.si kot prednostni vir na Google<\/p>\n<p>\t\t\t\t\t<\/a><\/p>\n<p>&#8220;Urad predsednice je za pridobitev posnetka zaprosil neposredno po prometni nesre\u010di zaradi izvedbe notranjih postopkov,&#8221; so navedli in dodali, da so se obrnili tako na policijo kot na Specializirano dr\u017eavno to\u017eilstvo (SDT), vendar jim dostop zaradi postopka preiskave nesre\u010de, ki \u0161e poteka, ni bil omogo\u010den. &#8220;To\u017eilstvo je uradu tudi pisno pojasnilo, da mu bo posnetek posredovalo po zaklju\u010dku predkazenskega postopka. Ta argument razumemo,&#8221; so navedli.<\/p>\n<p>Oglas<\/p>\n<p>\t\t\t\t\t\t\t\t\t<a href=\"https:\/\/www.rtvslo.si\/n\/792526\" class=\"image-link image-heading image-container container-16-9\" data-large=\"https:\/\/img.rtvcdn.si\/_up\/upload\/2026\/09\/01\/67089677.jpg\" rel=\"nofollow noopener\" target=\"_blank\"><br \/>\n\t\t\t\t\t\t\t\t\t\t<img decoding=\"async\" src=\"https:\/\/www.europesays.com\/si\/wp-content\/uploads\/2026\/09\/67089677_thumb.jpg\" class=\"image-preview\"\/><br \/>\n\t\t\t\t\t\t\t\t\t<\/a><\/p>\n<p>\t\t\t\t\t\t\t\t\t\tSorodna novica<br \/>\n\t\t\t\t\t\t\t\t\t\t<a href=\"https:\/\/www.rtvslo.si\/n\/792526\" rel=\"nofollow noopener\" target=\"_blank\">Objavljen posnetek prometne nesre\u010de predsednice republike<\/a><\/p>\n<p>Dan po objavi posnetka na TV Slovenija in POP TV-ju pa v uradu predsednice republike menijo, da je &#8220;povsem legitimno vpra\u0161anje, kako je lahko posnetek, do katerega urad zaradi varovanja interesov predkazenskega postopka ni mogel dostopati, postal javno dostopen \u0161e pred njegovim zaklju\u010dkom&#8221;. Kot so namre\u010d pojasnili, predsednica republike niti oba voznika namre\u010d v postopku sploh \u0161e niso bili zasli\u0161ani.<\/p>\n<p>Nesre\u010da se je zgodila konec julija, v njej pa sta se predsednica in njena prijateljica tudi po\u0161kodovali. Predsednica je priznala, da ni bila pripeta z varnostnim pasom, kar je tudi ob\u017ealovala.<\/p>\n<p>Do dogajanja, ki je spro\u017eilo \u0161tevilna ugibanja, tudi zaradi predsedni\u010dine prijateljice Viktorije Krivolucke, ki je bila soudele\u017eena v nesre\u010di, je bil danes (sreda) sicer kriti\u010den tudi prvak Svobode Robert Golob, ki je opozoril, da njegov poziv predsedniku vlade, da skli\u010de svet za nacionalno varnost, ostaja neodgovorjen. &#8220;Prepri\u010dan sem, da je v interesu vladajo\u010de koalicije, da nikoli ne bo pri\u0161lo do razkritja pravih dejstev samo zato, da bodo lahko iz tega \u0161e naprej ustvarjali la\u017ei in neresnice,&#8221; je dodal.                    <\/p>\n<p>Oglas<\/p>\n","protected":false},"excerpt":{"rendered":"Nata\u0161a Pirc Musar. Foto: BoBo Spremljajte RTVSLO.si kot prednostni vir na Google &#8220;Urad predsednice je za pridobitev posnetka&hellip;\n","protected":false},"author":2,"featured_media":212986,"comment_status":"","ping_status":"","sticky":false,"template":"","format":"standard","meta":{"footnotes":"","_share_on_mastodon":"0"},"categories":[6],"tags":[52095,11470,45104,11114,215,59,61,62,37,58,60,38],"class_list":["post-212985","post","type-post","status-publish","format-standard","has-post-thumbnail","category-slovenija","tag-posnetek-nesrece","tag-predkazenski-postopek","tag-predor-kastelec","tag-predsednica-republike","tag-prometna-nesreca","tag-republic-of-slovenia","tag-republika-slovenija","tag-si","tag-slovene","tag-slovenia","tag-slovenija","tag-slovenscina"],"share_on_mastodon":{"url":"https:\/\/pubeurope.com\/@si\/117202272085068385","error":""},"_links":{"self":[{"href":"https:\/\/www.europesays.com\/si\/wp-json\/wp\/v2\/posts\/212985","targetHints":{"allow":["GET"]}}],"collection":[{"href":"https:\/\/www.europesays.com\/si\/wp-json\/wp\/v2\/posts"}],"about":[{"href":"https:\/\/www.europesays.com\/si\/wp-json\/wp\/v2\/types\/post"}],"author":[{"embeddable":true,"href":"https:\/\/www.europesays.com\/si\/wp-json\/wp\/v2\/users\/2"}],"replies":[{"embeddable":true,"href":"https:\/\/www.europesays.com\/si\/wp-json\/wp\/v2\/comments?post=212985"}],"version-history":[{"count":0,"href":"https:\/\/www.europesays.com\/si\/wp-json\/wp\/v2\/posts\/212985\/revisions"}],"wp:featuredmedia":[{"embeddable":true,"href":"https:\/\/www.europesays.com\/si\/wp-json\/wp\/v2\/media\/212986"}],"wp:attachment":[{"href":"https:\/\/www.europesays.com\/si\/wp-json\/wp\/v2\/media?parent=212985"}],"wp:term":[{"taxonomy":"category","embeddable":true,"href":"https:\/\/www.europesays.com\/si\/wp-json\/wp\/v2\/categories?post=212985"},{"taxonomy":"post_tag","embeddable":true,"href":"https:\/\/www.europesays.com\/si\/wp-json\/wp\/v2\/tags?post=212985"}],"curies":[{"name":"wp","href":"https:\/\/api.w.org\/{rel}","templated":true}]}}