{"id":213003,"date":"2026-09-02T16:09:11","date_gmt":"2026-09-02T16:09:11","guid":{"rendered":"https:\/\/www.europesays.com\/si\/213003\/"},"modified":"2026-09-02T16:09:11","modified_gmt":"2026-09-02T16:09:11","slug":"ariana-grande-custveno-koncala-turnejo-zdaj-se-umika-iz-javnega-zivljenja","status":"publish","type":"post","link":"https:\/\/www.europesays.com\/si\/213003\/","title":{"rendered":"Ariana Grande \u010dustveno kon\u010dala turnejo, zdaj se umika iz javnega \u017eivljenja"},"content":{"rendered":"<p>\t\t\t\t\t\t\t\t<a href=\"https:\/\/www.europesays.com\/si\/wp-content\/uploads\/2026\/09\/67090402.jpg\" itemprop=\"contentUrl\" data-size=\"1200x800\" data-large=\"https:\/\/www.europesays.com\/si\/wp-content\/uploads\/2026\/09\/67090402.jpg\"><br \/>\n\t\t\t\t\t\t\t\t\t<img decoding=\"async\" src=\"https:\/\/www.europesays.com\/si\/wp-content\/uploads\/2026\/09\/67090402.jpg\" title=\"Ariana Grande se umika iz javnega \u017eivljenja. Foto: Reuters\" alt=\"Ariana Grande se umika iz javnega \u017eivljenja. Foto: Reuters\"\/><br \/>\n\t\t\t\t\t\t\t\t<\/a><\/p>\n<p>\t\t\t\t\t\t\t\t\tAriana Grande se umika iz javnega \u017eivljenja. Foto: Reuters<\/p>\n<p>\t\t\t\t\t\t\t<a id=\"preferredSourceBanner\" href=\"https:\/\/www.rtvslo.si\/zabava-in-slog\/glasba\/ariana-grande-custveno-koncala-turnejo-zdaj-se-umika-iz-javnega-zivljenja\/javascript:void(0)\" target=\"_blank\" class=\"d-none align-items-center justify-content-between rounded my-3\" style=\"padding: 10px 15px;\" rel=\"nofollow noopener\"><br \/>\n\t\t\t\t\t\t<img decoding=\"async\" src=\"https:\/\/img.rtvslo.si\/_static\/novi\/img\/ico-google.svg\" class=\"flex-shrink-0 mr-3\" aria-hidden=\"true\"\/><br \/>\n\t\t\t\t\t\tSpremljajte RTVSLO.si kot prednostni vir na Google<\/p>\n<p>\t\t\t\t\t<\/a><\/p>\n<p>Pevka in igralka, katere telesno in du\u0161evno zdravje je zadnje mesece predmet \u0161tevilnih razprav, je avgusta napovedala premor in umik iz javnega \u017eivljenja. <\/p>\n<p>Oglas<\/p>\n<p>\t\t\t\t\t\t\t\t<a href=\"https:\/\/www.europesays.com\/si\/wp-content\/uploads\/2026\/09\/67090400.jpg\" itemprop=\"contentUrl\" data-size=\"1200x800\" data-large=\"https:\/\/www.europesays.com\/si\/wp-content\/uploads\/2026\/09\/67090400.jpg\"><br \/>\n\t\t\t\t\t\t\t\t\t<img decoding=\"async\" src=\"https:\/\/www.europesays.com\/si\/wp-content\/uploads\/2026\/09\/67090400.jpg\" title=\"Obo\u017eevalci na zadnjem koncertu turneje Eternal Sunshine v Londonu. Foto: AP\" alt=\"Obo\u017eevalci na zadnjem koncertu turneje Eternal Sunshine v Londonu. Foto: AP\"\/><br \/>\n\t\t\t\t\t\t\t\t<\/a><\/p>\n<p>\t\t\t\t\t\t\t\t\tObo\u017eevalci na zadnjem koncertu turneje Eternal Sunshine v Londonu. Foto: AP<\/p>\n<p>&#8220;Veseli se konca turneje in kon\u010dala jo bo na visoki ravni, tako zdrava kot sre\u010dna, nato pa si bo vzela zaslu\u017een odmor od dela in nastopov v javnosti, saj je tak\u0161no \u017eivljenje privedlo do nenehnega javnega nadzora,&#8221; je za ameri\u0161ki People ob oznanilu novice o umiku iz javnega \u017eivljenja sporo\u010dil pevkin predstavnik. <\/p>\n<p>Na odru v Londonu zvezdnica ni kazala nobenih znakov \u0161ibkosti ali slabega zdravja \u2013 razen po\u0161kodbe stopala, zaradi katere je morala zna\u010dilne visoke pete zamenjati za vrsto \u0161kornjev s platformo, poro\u010da BBC. <\/p>\n<p>\t\t\t\t\t\t\t\t<a href=\"https:\/\/www.europesays.com\/si\/wp-content\/uploads\/2026\/09\/67090404.jpg\" itemprop=\"contentUrl\" data-size=\"1200x800\" data-large=\"https:\/\/www.europesays.com\/si\/wp-content\/uploads\/2026\/09\/67090404.jpg\"><br \/>\n\t\t\t\t\t\t\t\t\t<img decoding=\"async\" src=\"https:\/\/www.europesays.com\/si\/wp-content\/uploads\/2026\/09\/67090404.jpg\" title=\"Foto: Reuters\" alt=\"Foto: Reuters\"\/><br \/>\n\t\t\t\t\t\t\t\t<\/a><\/p>\n<p>\t\t\t\t\t\t\t\t\tFoto: Reuters<\/p>\n<p>Med zadnjim koncertom turneje Eternal Sunshine je bila ve\u010dkrat na robu solz. Najbolj opazno je bilo to med pesmijo One Last Time, ki je dobila dodaten pomen kot himna za pre\u017eivele teroristi\u010dni napad v Manchestru leta 2017, pi\u0161e britanski BBC. &#8220;London, pri tem potrebujem pomo\u010d,&#8221; je rekla in pozvala ob\u010dinstvo, naj zapoje z njo. <\/p>\n<p>Njen glas je znova zadrhtel med pesmijo Nowhere, Nobody, ko je zapela verz: &#8220;Te\u017eko je verjeti v popoln konec.&#8221; <\/p>\n<p>Proti koncu koncerta je pevka nagovorila ob\u010dinstvo in se zahvalila obo\u017eevalcem za podporo. &#8220;To je bila ena najlep\u0161ih izjemnih izku\u0161enj v mojem \u017eivljenju in \u017eelela sem izraziti svojo hvale\u017enost, ne da bi samo jokala. To izku\u0161njo bom vedno cenila. Imam najbolj\u0161e obo\u017eevalce na vsem svetu in vedno vas bom imela. Hvala vam za ves va\u0161 trud in za to, da to \u0161e naprej delate tako posebno. U\u017eivala sem v vsaki minuti z vami in \u017eelela sem samo izraziti, kako hvale\u017ena sem.&#8221;<\/p>\n<p>Turneja Eternal Sunshine je vklju\u010devala 41 koncertov v ZDA, Kanadi in Zdru\u017eenem kraljestvu.<\/p>\n<p>\t\t\t\t\t\t\tAriana Grande &#8211; hate that i made you love me (official music video)<\/p>\n<p>\t\t\t\t\t\t\t<a href=\"https:\/\/img.rtvcdn.si\/_up\/upload\/2026\/09\/02\/67090399.jpg\" data-size=\"1200x800\" rel=\"nofollow noopener\" target=\"_blank\"><br \/>\n\t\t\t\t\t\t\t\t<img decoding=\"async\" src=\"https:\/\/www.europesays.com\/si\/wp-content\/uploads\/2026\/09\/67090399_fp1.jpg\" alt=\" Foto: AP\" class=\"lazy\"\/><br \/>\n\t\t\t\t\t\t\t<\/a><br \/>\n\t\t\t\t\t\t\t Foto: AP<\/p>\n<p>\t\t\t\t\t\t\t<a href=\"https:\/\/img.rtvcdn.si\/_up\/upload\/2026\/09\/02\/67090403.jpg\" data-size=\"1200x800\" rel=\"nofollow noopener\" target=\"_blank\"><br \/>\n\t\t\t\t\t\t\t\t<img decoding=\"async\" src=\"https:\/\/www.europesays.com\/si\/wp-content\/uploads\/2026\/09\/67090403_fp1.jpg\" alt=\" Foto: Reuters\" class=\"lazy\"\/><br \/>\n\t\t\t\t\t\t\t<\/a><br \/>\n\t\t\t\t\t\t\t Foto: Reuters<\/p>\n<p>\t\t\t\t\t\t\t<a href=\"https:\/\/img.rtvcdn.si\/_up\/upload\/2026\/09\/02\/67090405.jpg\" data-size=\"1200x800\" rel=\"nofollow noopener\" target=\"_blank\"><br \/>\n\t\t\t\t\t\t\t\t<img decoding=\"async\" src=\"https:\/\/www.europesays.com\/si\/wp-content\/uploads\/2026\/09\/67090405_fp1.jpg\" alt=\" Foto: AP\" class=\"lazy\"\/><br \/>\n\t\t\t\t\t\t\t<\/a><br \/>\n\t\t\t\t\t\t\t Foto: AP<\/p>\n<p>Oglas<\/p>\n","protected":false},"excerpt":{"rendered":"Ariana Grande se umika iz javnega \u017eivljenja. Foto: Reuters Spremljajte RTVSLO.si kot prednostni vir na Google Pevka in&hellip;\n","protected":false},"author":2,"featured_media":213004,"comment_status":"","ping_status":"","sticky":false,"template":"","format":"standard","meta":{"footnotes":"","_share_on_mastodon":"0"},"categories":[18],"tags":[33971,114,276,920,62,37,58,60,38,115],"class_list":["post-213003","post","type-post","status-publish","format-standard","has-post-thumbnail","category-zabava","tag-ariana-grande","tag-entertainment","tag-glasba","tag-koncert","tag-si","tag-slovene","tag-slovenia","tag-slovenija","tag-slovenscina","tag-zabava"],"share_on_mastodon":{"url":"https:\/\/pubeurope.com\/@si\/117202319371404403","error":""},"_links":{"self":[{"href":"https:\/\/www.europesays.com\/si\/wp-json\/wp\/v2\/posts\/213003","targetHints":{"allow":["GET"]}}],"collection":[{"href":"https:\/\/www.europesays.com\/si\/wp-json\/wp\/v2\/posts"}],"about":[{"href":"https:\/\/www.europesays.com\/si\/wp-json\/wp\/v2\/types\/post"}],"author":[{"embeddable":true,"href":"https:\/\/www.europesays.com\/si\/wp-json\/wp\/v2\/users\/2"}],"replies":[{"embeddable":true,"href":"https:\/\/www.europesays.com\/si\/wp-json\/wp\/v2\/comments?post=213003"}],"version-history":[{"count":0,"href":"https:\/\/www.europesays.com\/si\/wp-json\/wp\/v2\/posts\/213003\/revisions"}],"wp:featuredmedia":[{"embeddable":true,"href":"https:\/\/www.europesays.com\/si\/wp-json\/wp\/v2\/media\/213004"}],"wp:attachment":[{"href":"https:\/\/www.europesays.com\/si\/wp-json\/wp\/v2\/media?parent=213003"}],"wp:term":[{"taxonomy":"category","embeddable":true,"href":"https:\/\/www.europesays.com\/si\/wp-json\/wp\/v2\/categories?post=213003"},{"taxonomy":"post_tag","embeddable":true,"href":"https:\/\/www.europesays.com\/si\/wp-json\/wp\/v2\/tags?post=213003"}],"curies":[{"name":"wp","href":"https:\/\/api.w.org\/{rel}","templated":true}]}}