{"id":213011,"date":"2026-09-02T16:17:13","date_gmt":"2026-09-02T16:17:13","guid":{"rendered":"https:\/\/www.europesays.com\/si\/213011\/"},"modified":"2026-09-02T16:17:13","modified_gmt":"2026-09-02T16:17:13","slug":"umrl-je-ivan-gudelj-legenda-hajduka","status":"publish","type":"post","link":"https:\/\/www.europesays.com\/si\/213011\/","title":{"rendered":"Umrl je Ivan Gudelj, legenda Hajduka"},"content":{"rendered":"<p>\t\t\t\t\t\t\t\t<a href=\"https:\/\/www.europesays.com\/si\/wp-content\/uploads\/2026\/09\/65231905_stadion.jpg\" itemprop=\"contentUrl\" data-size=\"1200x800\" data-large=\"https:\/\/www.europesays.com\/si\/wp-content\/uploads\/2026\/09\/65231905_stadion.jpg\"><br \/>\n\t\t\t\t\t\t\t\t\t<img decoding=\"async\" src=\"https:\/\/www.europesays.com\/si\/wp-content\/uploads\/2026\/09\/65231905_stadion.jpg\" title=\"Gudelj je najve\u010dji pe\u010dat pustil v dresu splitskega Hajduka. Foto: Sandi \u0160kvar\u010d\" alt=\"Gudelj je najve\u010dji pe\u010dat pustil v dresu splitskega Hajduka. Foto: Sandi \u0160kvar\u010d\"\/><br \/>\n\t\t\t\t\t\t\t\t<\/a><\/p>\n<p>\t\t\t\t\t\t\t\t\tGudelj je najve\u010dji pe\u010dat pustil v dresu splitskega Hajduka. Foto: Sandi \u0160kvar\u010d<\/p>\n<p>\t\t\t\t\t\t\t<a id=\"preferredSourceBanner\" href=\"https:\/\/www.rtvslo.si\/sport\/nogomet\/umrl-je-ivan-gudelj-legenda-hajduka\/javascript:void(0)\" target=\"_blank\" class=\"d-none align-items-center justify-content-between rounded my-3\" style=\"padding: 10px 15px;\" rel=\"nofollow noopener\"><br \/>\n\t\t\t\t\t\t<img decoding=\"async\" src=\"https:\/\/img.rtvslo.si\/_static\/novi\/img\/ico-google.svg\" class=\"flex-shrink-0 mr-3\" aria-hidden=\"true\"\/><br \/>\n\t\t\t\t\t\tSpremljajte RTVSLO.si kot prednostni vir na Google<\/p>\n<p>\t\t\t\t\t<\/a><\/p>\n<p>Gudelj se je rodil 21. aprila 1960 v Imotskem, po za\u010detkih v doma\u010dem klubu pa se je leta 1975 preselil k splitskemu Hajduku, za katerega je na 362 tekmah dosegel 93 zadetkov. Kariero je nato prekinilo zdravstveno stanje, saj je s 25 leti zbolel za hepatitisom B. Tik predtem je podpisal predpogodbo z Bordeauxem, saj so lahko tedaj nogometa\u0161i v tujini zaigrali \u0161ele s 27 leti. <\/p>\n<p>Oglas<\/p>\n<p>S Hajdukom je leta 1979 osvojil naslov v takratni jugoslovanski ligi, v letih 1977 in 1984 pa se je s Split\u010dani veselil pokalne lovorike.<\/p>\n<p>Za jugoslovansko reprezentanco je na 33 tekmah dosegel tri zadetke, z njo pa je zaigral tudi na SP-ju 1982 in EP-ju 1984. Na Hrva\u0161kem je pozneje kot trener vodil reprezentanci do 17 in do 19 let.<\/p>\n<p>Oglas<\/p>\n","protected":false},"excerpt":{"rendered":"Gudelj je najve\u010dji pe\u010dat pustil v dresu splitskega Hajduka. Foto: Sandi \u0160kvar\u010d Spremljajte RTVSLO.si kot prednostni vir na&hellip;\n","protected":false},"author":2,"featured_media":213012,"comment_status":"","ping_status":"","sticky":false,"template":"","format":"standard","meta":{"footnotes":"","_share_on_mastodon":"0"},"categories":[20],"tags":[52098,27460,8205,32,52071,35,31,264,34,36,37,38,33],"class_list":["post-213011","post","type-post","status-publish","format-standard","has-post-thumbnail","category-novice","tag-gudelj","tag-hajduk","tag-hajduk-split","tag-headlines","tag-ivan-gudelj","tag-najpomembnejse-novice","tag-news","tag-nogomet","tag-novice","tag-osrednje-novice","tag-slovene","tag-slovenscina","tag-top-stories"],"share_on_mastodon":{"url":"https:\/\/pubeurope.com\/@si\/117202350872148518","error":""},"_links":{"self":[{"href":"https:\/\/www.europesays.com\/si\/wp-json\/wp\/v2\/posts\/213011","targetHints":{"allow":["GET"]}}],"collection":[{"href":"https:\/\/www.europesays.com\/si\/wp-json\/wp\/v2\/posts"}],"about":[{"href":"https:\/\/www.europesays.com\/si\/wp-json\/wp\/v2\/types\/post"}],"author":[{"embeddable":true,"href":"https:\/\/www.europesays.com\/si\/wp-json\/wp\/v2\/users\/2"}],"replies":[{"embeddable":true,"href":"https:\/\/www.europesays.com\/si\/wp-json\/wp\/v2\/comments?post=213011"}],"version-history":[{"count":0,"href":"https:\/\/www.europesays.com\/si\/wp-json\/wp\/v2\/posts\/213011\/revisions"}],"wp:featuredmedia":[{"embeddable":true,"href":"https:\/\/www.europesays.com\/si\/wp-json\/wp\/v2\/media\/213012"}],"wp:attachment":[{"href":"https:\/\/www.europesays.com\/si\/wp-json\/wp\/v2\/media?parent=213011"}],"wp:term":[{"taxonomy":"category","embeddable":true,"href":"https:\/\/www.europesays.com\/si\/wp-json\/wp\/v2\/categories?post=213011"},{"taxonomy":"post_tag","embeddable":true,"href":"https:\/\/www.europesays.com\/si\/wp-json\/wp\/v2\/tags?post=213011"}],"curies":[{"name":"wp","href":"https:\/\/api.w.org\/{rel}","templated":true}]}}