{"id":213029,"date":"2026-09-02T16:34:10","date_gmt":"2026-09-02T16:34:10","guid":{"rendered":"https:\/\/www.europesays.com\/si\/213029\/"},"modified":"2026-09-02T16:34:10","modified_gmt":"2026-09-02T16:34:10","slug":"arso-cesa-takega-v-sloveniji-se-nismo-videli","status":"publish","type":"post","link":"https:\/\/www.europesays.com\/si\/213029\/","title":{"rendered":"Arso: \u010cesa takega v Sloveniji \u0161e nismo videli"},"content":{"rendered":"<p>Leto\u0161nje meteorolo\u0161ko poletje, ki je trajalo od 1. junija do 31. avgusta, je bilo v Sloveniji najbolj vro\u010de od za\u010detka primerljivih podatkov, to je od leta 1950. Temperaturni odklon od primerjalnega obdobja 1991\u20132020 je dosegel 2,8 stopinje Celzija. Minulo trimese\u010dje je bilo pribli\u017eno sedmo najbolj suho od leta 1950, ka\u017eejo podatki Arsa.<\/p>\n<p>Temperaturni odklon leto\u0161njega meteorolo\u0161kega poletja je presegel prej\u0161nji rekord 2,4 stopinje, dose\u017een v poletjih 2003 in 2024, so sporo\u010dili z Agencije RS za okolje (Arso).<\/p>\n<p><img decoding=\"async\" alt=\"Arso Vreme poletje 2026 | Foto: Arso vreme\" class=\"article_content__inline_image js_imageLightbox is-clickable\" data-author=\"Arso vreme\" data-caption=\"\" data-height=\"740\" data-href=\"https:\/\/siol.net\/media\/images\/2026-35\/posnetek-zaslona-2026-09-02-151823.png\" data-width=\"1068\" loading=\"lazy\" src=\"\/media\/img\/61\/b5\/73324391260ab1c6f797-arso-vreme-poletje-2026.png\" title=\"Arso Vreme poletje 2026\"\/><\/p>\n<p> Foto: Arso vreme <\/p>\n<p>Leto\u0161nje poletje je bilo na ravni dr\u017eave\u00a0najbolj son\u010dno vsaj od leta 1960, ko so na voljo primerljivi podatki. Po vi\u0161ini padavin pa je bilo poletje na dr\u017eavni ravni pribli\u017eno sedmo\u00a0najbolj suho od leta 1950, v delu jugovzhodne Slovenije pa je bilo rekordno suho.<\/p>\n<p><img decoding=\"async\" alt=\"Arso Vreme poletje 2026 | Foto: Arso vreme\" class=\"article_content__inline_image js_imageLightbox is-clickable\" data-author=\"Arso vreme\" data-caption=\"\" data-height=\"724\" data-href=\"https:\/\/siol.net\/media\/images\/2026-35\/posnetek-zaslona-2026-09-02-151905.png\" data-width=\"1060\" loading=\"lazy\" src=\"\/media\/img\/33\/27\/a8aea911fe3cfae8e427-arso-vreme-poletje-2026.png\" title=\"Arso Vreme poletje 2026\"\/><\/p>\n<p> Foto: Arso vreme <\/p>\n<p>Ve\u010dji del Slovenije je od sredine julija\u00a0do sredine avgusta pestila huda su\u0161a, ki je bila posledica zlasti pomanjkanja padavin v osrednjem delu poletja, dolgotrajne vro\u010dine in prete\u017eno son\u010dnega vremena, so povzeli na Arsu. Vsi trije meseci minulega meteorolo\u0161kega poletja so bili izrazito nadpovpre\u010dno topli, avgust pa je bil z odklonom 3,7 stopinje Celzija najtoplej\u0161i avgust in mesec v Sloveniji vsaj od leta 1950.<\/p>\n<p><img decoding=\"async\" alt=\"Arso Vreme poletje 2026 | Foto: Arso vreme\" class=\"article_content__inline_image js_imageLightbox is-clickable\" data-author=\"Arso vreme\" data-caption=\"\" data-height=\"769\" data-href=\"https:\/\/siol.net\/media\/images\/2026-35\/posnetek-zaslona-2026-09-02-151833.png\" data-width=\"1062\" loading=\"lazy\" src=\"\/media\/img\/25\/6a\/dd744f1f419ff04cf4e8-arso-vreme-poletje-2026.png\" title=\"Arso Vreme poletje 2026\"\/><\/p>\n<p> Foto: Arso vreme <\/p>\n<p class=\"lightbluebox\">Minulo meteorolo\u0161ko poletje je bilo tudi v znamenju dveh dolgotrajnih in izrazitih vro\u010dinskih valov. Prvi je bil konec junija, drugi konec julija in v prvi polovici avgusta. V prvem valu so izmerili nov junijski rekord za celotno Slovenijo, in sicer v Podnanosu v Vipavski dolini, kjer so 29. junija namerili 38,7 stopinje Celzija.<\/p>\n<p>V drugem izrazitem vro\u010dinskem valu in v celotnem poletju pa je bila najvi\u0161ja izmerjena temperatura 40,1 stopinje Celzija, izmerjena 2. avgusta na merilni postaji Koper Markovec. Le desetinko stopinje manj so izmerili 31. julija v Dolenjah pri Ajdov\u0161\u010dini.<\/p>\n<p>V notranjosti Slovenije je bilo najbolj vro\u010de v Marin\u010di vasi ob Krki, kjer so 4. avgusta izmerili 39,6 stopinje Celzija. Absolutni rekord za Slovenijo sicer ostaja 8. avgusta 2013 na letali\u0161\u010du Cerklje ob Krki izmerjena temperatura 40,8 stopinje.<\/p>\n<p>Su\u0161a po skoraj celotni Sloveniji<\/p>\n<p>Ob opisanih leto\u0161njih vremenskih razmerah so bile konec avgusta su\u0161ne razmere podzemnih voda prisotne po skoraj celotni Sloveniji. Zelo su\u0161ne razmere so v bov\u0161ki, notranjski, ljubljanski, ko\u010devski, dolenjski, belokranjski, spodnjeposavski, koro\u0161ki in pomurski regiji. V ve\u010dini drugih regij je prisotna zmerna su\u0161a, obi\u010dajne vodne razmere pa so v gori\u0161ki regiji, ka\u017eejo podatki Arsa.<\/p>\n<p><img decoding=\"async\" alt=\"Arso Vreme poletje 2026 | Foto: Arso vreme\" class=\"article_content__inline_image js_imageLightbox is-clickable\" data-author=\"Arso vreme\" data-caption=\"\" data-height=\"733\" data-href=\"https:\/\/siol.net\/media\/images\/2026-35\/posnetek-zaslona-2026-09-02-151844.png\" data-width=\"1063\" loading=\"lazy\" src=\"\/media\/img\/1a\/04\/21bf5fd91a35bfe61732-arso-vreme-poletje-2026.png\" title=\"Arso Vreme poletje 2026\"\/><\/p>\n<p> Foto: Arso vreme <\/p>\n<p>&#8220;Leto\u0161nja su\u0161a ni brez primere. Podobno ali \u0161e izrazitej\u0161o su\u0161o smo \u017ee do\u017eiveli, vendar podatki ka\u017eejo, da se pogostost hidrolo\u0161kih su\u0161 podzemnih voda v zadnjih desetletjih pove\u010duje. Med desetimi najbolj su\u0161nimi leti v obdobju 1981\u20132025 jih je bilo kar osem po letu 2000,&#8221; so navedli na Arsu.<\/p>\n<p><img decoding=\"async\" alt=\"Arso Vreme poletje 2026 | Foto: Arso vreme\" class=\"article_content__inline_image js_imageLightbox is-clickable\" data-author=\"Arso vreme\" data-caption=\"\" data-height=\"764\" data-href=\"https:\/\/siol.net\/media\/images\/2026-35\/posnetek-zaslona-2026-09-02-151854.png\" data-width=\"1053\" loading=\"lazy\" src=\"\/media\/img\/53\/3b\/cb4b94e60ccf58c0cca6-arso-vreme-poletje-2026.png\" title=\"Arso Vreme poletje 2026\"\/><\/p>\n<p> Foto: Arso vreme <\/p>\n<p>Su\u0161e so vse bolj intenzivne\u00a0<\/p>\n<p>Od leta 2000 je bila v Sloveniji zaradi su\u0161e v kmetijstvu naravna nesre\u010da razgla\u0161ena v letih 2003, 2006, 2007, 2012, 2013, 2017, 2022 in 2025. Med najobse\u017enej\u0161imi so bile su\u0161e v letih 2003, 2012, 2013, 2017 in 2022.<\/p>\n<p>Analiza kmetijske su\u0161e ka\u017ee, da se obdobja izrazitega pomanjkanja vode vse pogosteje pojavljajo z ve\u010djo intenzivnostjo ter zajemajo obmo\u010dja in dele leta, kjer v preteklosti su\u0161a ni bila tako izrazita. Posebnost novodobnih su\u0161 predstavljajo hitro razvijajo\u010de se oziroma &#8220;rapidne&#8221; su\u0161e, ki se lahko v poletnem obdobju razvijejo v kratkem \u010dasu, zlasti ob vro\u010dinskih valovih, so izpostavili na Arsu. Posebnost leto\u0161nje su\u0161e je predvsem kombinacija zgodnjega za\u010detka, hitrega razvoja, dolgotrajnosti in velike prostorske razse\u017enosti.<\/p>\n<p>Tudi reke so bile letos doslej ve\u010dinoma podpovpre\u010dno vodnate. Najmanj vodnat mesec je bil julij, ko so bili srednji mese\u010dni pretoki izrazito manj\u0161i od dolgoletnega povpre\u010dja na vseh rekah. Podobne razmere so bile v Sloveniji v letih 2022, 2013 in predvsem 2003.<\/p>\n<p><img decoding=\"async\" alt=\"Arso Vreme poletje 2026 | Foto: Arso vreme\" class=\"article_content__inline_image js_imageLightbox is-clickable\" data-author=\"Arso vreme\" data-caption=\"\" data-height=\"900\" data-href=\"https:\/\/siol.net\/media\/images\/2026-35\/posnetek-zaslona-2026-09-02-151924.png\" data-width=\"1079\" loading=\"lazy\" src=\"\/media\/img\/91\/5a\/309228ce3c93feba8525-arso-vreme-poletje-2026.png\" title=\"Arso Vreme poletje 2026\"\/><\/p>\n<p> Foto: Arso vreme <\/p>\n<p>Rekordno nizki pretoki rek<\/p>\n<p>Na nekaterih rekah pa so bili leto\u0161nji pretoki tudi rekordno nizki. Na Muri v Gornji Radgoni so bili srednji mese\u010dni pretoki letos poleti ni\u017eji kot v su\u0161nem letu 2003. Izredno nizki so bili tudi pritoki Krke, na Dravi je bil julijski srednji mese\u010dni pretok najmanj\u0161i v obdobju opazovanj.<\/p>\n<p>Posebnost leto\u0161njega poletja so bile tudi zelo visoke temperature povr\u0161inskih voda, na ve\u010d rekah so bile dose\u017eene najvi\u0161je izmerjene temperature vode. Na Lo\u017enici v Levcu je bila 3. avgusta izmerjena temperatura 32,5 stopinje Celzija, Savinja v Celju je dosegla 30,8 stopinje Celzija, Sava v Jesenicah na Dolenjskem pa 30,2 stopinje Celzija.<\/p>\n<p><img decoding=\"async\" alt=\"Mnoge reke po Evropi so imele letos rekordno nizke pretoke.  | Foto: Reuters\" class=\"article_content__inline_image js_imageLightbox is-clickable\" data-author=\"Reuters\" data-caption=\"Mnoge reke po Evropi so imele letos rekordno nizke pretoke. \" data-height=\"4735\" data-href=\"https:\/\/siol.net\/media\/img\/b7\/96\/d4193259e17a67cb152a-susa-evropa.jpeg\" data-width=\"7852\" loading=\"lazy\" src=\"\/media\/img\/2e\/b5\/5de84b0db41ee5474183-susa-evropa.jpeg\" title=\"Su\u0161a Evropa\"\/><\/p>\n<p> Mnoge reke po Evropi so imele letos rekordno nizke pretoke.<br \/>\n Foto: Reuters <\/p>\n<p>Rekordne temperature sta dosegli Bohinjsko in Blejsko jezero, zelo toplo je bilo tudi morje. V Kopru je temperatura 30. junija dosegla 30,2 stopinje Celzija, najvi\u0161ja izmerjena temperatura morja v Kopru pa ostaja 31,1 stopinje Celzija, izmerjena julija 2010.<\/p>\n","protected":false},"excerpt":{"rendered":"Leto\u0161nje meteorolo\u0161ko poletje, ki je trajalo od 1. junija do 31. avgusta, je bilo v Sloveniji najbolj vro\u010de&hellip;\n","protected":false},"author":2,"featured_media":213030,"comment_status":"","ping_status":"","sticky":false,"template":"","format":"standard","meta":{"footnotes":"","_share_on_mastodon":"0"},"categories":[6],"tags":[1994,7187,5419,59,61,62,37,58,60,38,1146,1105],"class_list":["post-213029","post","type-post","status-publish","format-standard","has-post-thumbnail","category-slovenija","tag-arso","tag-poletje","tag-rekord","tag-republic-of-slovenia","tag-republika-slovenija","tag-si","tag-slovene","tag-slovenia","tag-slovenija","tag-slovenscina","tag-susa","tag-vrocina"],"share_on_mastodon":{"url":"https:\/\/pubeurope.com\/@si\/117202417766681478","error":""},"_links":{"self":[{"href":"https:\/\/www.europesays.com\/si\/wp-json\/wp\/v2\/posts\/213029","targetHints":{"allow":["GET"]}}],"collection":[{"href":"https:\/\/www.europesays.com\/si\/wp-json\/wp\/v2\/posts"}],"about":[{"href":"https:\/\/www.europesays.com\/si\/wp-json\/wp\/v2\/types\/post"}],"author":[{"embeddable":true,"href":"https:\/\/www.europesays.com\/si\/wp-json\/wp\/v2\/users\/2"}],"replies":[{"embeddable":true,"href":"https:\/\/www.europesays.com\/si\/wp-json\/wp\/v2\/comments?post=213029"}],"version-history":[{"count":0,"href":"https:\/\/www.europesays.com\/si\/wp-json\/wp\/v2\/posts\/213029\/revisions"}],"wp:featuredmedia":[{"embeddable":true,"href":"https:\/\/www.europesays.com\/si\/wp-json\/wp\/v2\/media\/213030"}],"wp:attachment":[{"href":"https:\/\/www.europesays.com\/si\/wp-json\/wp\/v2\/media?parent=213029"}],"wp:term":[{"taxonomy":"category","embeddable":true,"href":"https:\/\/www.europesays.com\/si\/wp-json\/wp\/v2\/categories?post=213029"},{"taxonomy":"post_tag","embeddable":true,"href":"https:\/\/www.europesays.com\/si\/wp-json\/wp\/v2\/tags?post=213029"}],"curies":[{"name":"wp","href":"https:\/\/api.w.org\/{rel}","templated":true}]}}