{"id":213049,"date":"2026-09-02T16:52:11","date_gmt":"2026-09-02T16:52:11","guid":{"rendered":"https:\/\/www.europesays.com\/si\/213049\/"},"modified":"2026-09-02T16:52:11","modified_gmt":"2026-09-02T16:52:11","slug":"hrvati-ustavili-slovenko-32-nato-pa-odkrili-tole-kolicina-droge-osupne-foto","status":"publish","type":"post","link":"https:\/\/www.europesays.com\/si\/213049\/","title":{"rendered":"Hrvati ustavili Slovenko (32), nato pa odkrili tole: koli\u010dina droge osupne (FOTO)"},"content":{"rendered":"<p>Hrva\u0161ka policija je v no\u010di na torek na mejnem prehodu Slavonski Brod ob vstopu v dr\u017eavo prijela 32-letno Slovenko ter dva dr\u017eavljana Bosne in Hercegovine, potem ko je v njihovem vozilu na\u0161la skoraj 4,6 kilograma amfetamina, so danes sporo\u010dili z brodsko-posavske policijske uprave.<\/p>\n<p><img decoding=\"async\" class=\"article__img-tag-visible\" src=\"https:\/\/www.europesays.com\/si\/wp-content\/uploads\/2026\/09\/3715567.width-660.format-webp.webp\" alt=\"Na Hrva\u0161kem prijeli Slovenko s skoraj 4,6 kilograma droge FOTO: Policijska Uprava Brodsko-posavska\" img_id=\"11784651\" data-img-id=\"11784651\"\/><\/p>\n<p>Na Hrva\u0161kem prijeli Slovenko s skoraj 4,6 kilograma droge FOTO: Policijska Uprava Brodsko-posavska<\/p>\n<p><img decoding=\"async\" class=\"article__img-tag-visible\" src=\"https:\/\/www.europesays.com\/si\/wp-content\/uploads\/2026\/09\/3715568.width-660.format-webp.webp\" alt=\"Na Hrva\u0161kem prijeli Slovenko s skoraj 4,6 kilograma droge FOTO: Policijska Uprava Brodsko-posavska\" img_id=\"11784671\" data-img-id=\"11784671\"\/><\/p>\n<p>Na Hrva\u0161kem prijeli Slovenko s skoraj 4,6 kilograma droge FOTO: Policijska Uprava Brodsko-posavska<\/p>\n<p>Policija je v sodelovanju s cariniki ob vstopu v Hrva\u0161ko pregledala avtomobil s slovenskimi registrskimi oznakami, ki ga je vozila 32-letna slovenska dr\u017eavljanka. V vozilu sta bila \u0161e dr\u017eavljana BiH, stara 28 in 23 let.<\/p>\n<p>Kazensko so jih ovadili<\/p>\n<p>Zaradi suma neupravi\u010dene proizvodnje in prometa s prepovedanimi drogami so vse tri odpeljali na policijsko postajo.<\/p>\n<p><img decoding=\"async\" class=\"article__img-tag-visible\" src=\"https:\/\/www.europesays.com\/si\/wp-content\/uploads\/2026\/09\/3715557.width-660.format-webp.webp\" alt=\"Policija je v sodelovanju s cariniki ob vstopu v Hrva\u0161ko pregledala avtomobil s slovenskimi registrskimi oznakami. FOTO: Hrva\u0161ka Policija\" img_id=\"11784571\" data-img-id=\"11784571\"\/><\/p>\n<p>Policija je v sodelovanju s cariniki ob vstopu v Hrva\u0161ko pregledala avtomobil s slovenskimi registrskimi oznakami. FOTO: Hrva\u0161ka Policija<\/p>\n<p>Nato so preiskali vozilo ter na\u0161li in zasegli 4593,25 grama amfetamina oziroma t. i. speeda, je \u0161e sporo\u010dila policija. Po kon\u010dani kriminalisti\u010dni preiskavi so vse tri kazensko ovadili pristojnemu dr\u017eavnemu to\u017eilstvu.<\/p>\n","protected":false},"excerpt":{"rendered":"Hrva\u0161ka policija je v no\u010di na torek na mejnem prehodu Slavonski Brod ob vstopu v dr\u017eavo prijela 32-letno&hellip;\n","protected":false},"author":2,"featured_media":213050,"comment_status":"","ping_status":"","sticky":false,"template":"","format":"standard","meta":{"footnotes":"","_share_on_mastodon":"0"},"categories":[8],"tags":[585,23412,18561,326,76,37,5958,38,64,63,3785],"class_list":["post-213049","post","type-post","status-publish","format-standard","has-post-thumbnail","category-svet","tag-hrvaska","tag-meja","tag-mejni-prehod","tag-policija","tag-preiskava","tag-slovene","tag-slovenka","tag-slovenscina","tag-svet","tag-world","tag-zaseg"],"share_on_mastodon":{"url":"https:\/\/pubeurope.com\/@si\/117202488654774878","error":""},"_links":{"self":[{"href":"https:\/\/www.europesays.com\/si\/wp-json\/wp\/v2\/posts\/213049","targetHints":{"allow":["GET"]}}],"collection":[{"href":"https:\/\/www.europesays.com\/si\/wp-json\/wp\/v2\/posts"}],"about":[{"href":"https:\/\/www.europesays.com\/si\/wp-json\/wp\/v2\/types\/post"}],"author":[{"embeddable":true,"href":"https:\/\/www.europesays.com\/si\/wp-json\/wp\/v2\/users\/2"}],"replies":[{"embeddable":true,"href":"https:\/\/www.europesays.com\/si\/wp-json\/wp\/v2\/comments?post=213049"}],"version-history":[{"count":0,"href":"https:\/\/www.europesays.com\/si\/wp-json\/wp\/v2\/posts\/213049\/revisions"}],"wp:featuredmedia":[{"embeddable":true,"href":"https:\/\/www.europesays.com\/si\/wp-json\/wp\/v2\/media\/213050"}],"wp:attachment":[{"href":"https:\/\/www.europesays.com\/si\/wp-json\/wp\/v2\/media?parent=213049"}],"wp:term":[{"taxonomy":"category","embeddable":true,"href":"https:\/\/www.europesays.com\/si\/wp-json\/wp\/v2\/categories?post=213049"},{"taxonomy":"post_tag","embeddable":true,"href":"https:\/\/www.europesays.com\/si\/wp-json\/wp\/v2\/tags?post=213049"}],"curies":[{"name":"wp","href":"https:\/\/api.w.org\/{rel}","templated":true}]}}