{"id":213085,"date":"2026-09-02T17:31:11","date_gmt":"2026-09-02T17:31:11","guid":{"rendered":"https:\/\/www.europesays.com\/si\/213085\/"},"modified":"2026-09-02T17:31:11","modified_gmt":"2026-09-02T17:31:11","slug":"droni-v-nemciji-dnk-razkril-ruska-potna-lista-in-njuna-lastnika-vzivo","status":"publish","type":"post","link":"https:\/\/www.europesays.com\/si\/213085\/","title":{"rendered":"Droni v Nem\u010diji: DNK razkril ruska potna lista in njuna lastnika #v\u017divo"},"content":{"rendered":"<p>                    Poudarki dneva:<\/p>\n<p>18.03\u00a0<\/p>\n<p>Nem\u0161ka policija identificirala DNK dveh osumljencev za incident z dronom v Leipzigu<br \/>\n13.48\u00a0Von der Leynova\u00a0po incidentu v Leipzigu napovedala pove\u010danje pritiska na Moskvo<br \/>\n10.00\u00a0EU zaradi incidenta v Leipzigu na pogovor poklicala ruskega odpravnika poslov<br \/>\n8.19\u00a0Zelenski letalske dru\u017ebe\u00a0svari pred uporabo ruskega zra\u010dnega prostora<br \/>\n7.50\u00a0Putin nem\u0161ke ukrepe proti Rusiji po incidentu z dronom ozna\u010dil za napako<br \/>\n18.03\u00a0Nem\u0161ka policija identificirala DNK dveh osumljencev za incident z dronom v Leipzigu<\/p>\n<p>Nem\u0161ka kriminalisti\u010dna policija je identificirala DNK dveh mo\u0161kih z ruskim potnim listom, osumljenih, da sta v za\u010detku avgusta na letali\u0161\u010de v Leipzigu dobavila dron, opremljen z eksplozivom, danes poro\u010da ve\u010d nem\u0161kih medijev. Berlin je v torek za incident okrivil Rusijo.<\/p>\n<p>Po poro\u010danju \u010dasnika S\u00fcddeutsche Zeitung ter regionalnih javnih radiotelevizijskih postaj NDR in WDR je prvi osumljenec beloruski dr\u017eavljan, ki ima tudi ruski potni list. V schengensko obmo\u010dje naj bi vstopil z italijanskim turisti\u010dnim vizumom, izdanim v Minsku. Mo\u0161ki naj bi \u017ee prej pritegnil pozornost oblasti zaradi kaznivih dejanj v baltskih dr\u017eavah, navajajo vsi trije mediji.<\/p>\n<p><img decoding=\"async\" alt=\"Zunanji ministri so o zaostrovanju ukrepov proti Rusiji in njenim dr\u017eavljanom razpravljali, potem ko so nem\u0161ke oblasti v torek za poskus napada z dronom, opremljenim z eksplozivom, v Leipzigu okrivile Rusijo. | Foto: Reuters\" class=\"article_content__inline_image js_imageLightbox is-clickable\" data-author=\"Reuters\" data-caption=\"Zunanji ministri so o zaostrovanju ukrepov proti Rusiji in njenim dr\u017eavljanom razpravljali, potem ko so nem\u0161ke oblasti v torek za poskus napada z dronom, opremljenim z eksplozivom, v Leipzigu okrivile Rusijo.\" data-height=\"1396\" data-href=\"https:\/\/siol.net\/media\/img\/d8\/6f\/9954e722054a62a50a4e-leipzig.jpeg\" data-width=\"2094\" loading=\"lazy\" src=\"\/media\/img\/cb\/36\/d0b3487b7ca775bd5973-leipzig.jpeg\" title=\"Leipzig\"\/><\/p>\n<p> Zunanji ministri so o zaostrovanju ukrepov proti Rusiji in njenim dr\u017eavljanom razpravljali, potem ko so nem\u0161ke oblasti v torek za poskus napada z dronom, opremljenim z eksplozivom, v Leipzigu okrivile Rusijo.<br \/>\n Foto: Reuters <\/p>\n<p>Drugi osumljenec, ki naj bi imel po navedbah NDR in WDR latvijski in ruski potni list, po poro\u010danju S\u00fcddeutsche Zeitung pa naj bi bil rojen v Rusiji, naj bi na\u010drtoval napad z dronom, zadol\u017een naj bi bil tudi za logistiko. Konec julija naj bi v Nem\u010dijo prispel prek berlinskega letali\u0161\u010da, najel avtomobil in se odpeljal na obmo\u010dje Leipziga na vzhodu dr\u017eave, nato pa naj bi dva dni pred incidentom na letali\u0161\u010du Nem\u010dijo zapustil, \u0161e poro\u010dajo mediji.<\/p>\n<p>Oba mo\u0161ka naj bi identificirali na podlagi sledi DNK, ki jih je forenzi\u010dna policija na\u0161la v okolici letali\u0161\u010da, na dronu, v plo\u010devinki z eksplozivom in na anteni, pritrjeni na drevo. Pri tem so si pomagali s podatki iz evropskih baz, med drugim na Finskem in v Litvi, ter z informacijami obve\u0161\u010devalnih slu\u017eb.<\/p>\n<p>Italijanski zunanji minister Antonio Tajani je danes v odzivu na poro\u010danje medijev, da naj bi eden od osumljencev v schengensko obmo\u010dje vstopil z italijanskim vizumom, dejal, da bodo oblasti v Rimu to preverile, poro\u010da italijanska tiskovna agencija Ansa.<\/p>\n<p>Visoka zunanjepoliti\u010dna predstavnica EU Kaja Kallas pa je po neformalnem zasedanju zunanjih ministrov unije na Irskem dejala, da morajo poro\u010danje nem\u0161kih medijev potrditi ali zanikati nem\u0161ke oblasti.<\/p>\n<p><img decoding=\"async\" alt=\"Nem\u0161ka vlada je v torek v odziv na incident napovedala niz ukrepov, med njimi zaprtje ruskega konzulata v Bonnu. Moskva je zagrozila z vzajemnim odzivom, danes pa sporo\u010dila, da so nem\u0161kega odpravnika poslov v Moskvi poklicali na pogovor. | Foto: Guliverimage\" class=\"article_content__inline_image js_imageLightbox is-clickable\" data-author=\"Guliverimage\" data-caption=\"Nem\u0161ka vlada je v torek v odziv na incident napovedala niz ukrepov, med njimi zaprtje ruskega konzulata v Bonnu. Moskva je zagrozila z vzajemnim odzivom, danes pa sporo\u010dila, da so nem\u0161kega odpravnika poslov v Moskvi poklicali na pogovor.\" data-height=\"1071\" data-href=\"https:\/\/siol.net\/media\/img\/0a\/45\/b5c9a7615e477e786635-leipzig-napad-z-dronom-5-avgusta-2026.jpeg\" data-width=\"1606\" loading=\"lazy\" src=\"\/media\/img\/42\/92\/77cdf071648a0920ea35-leipzig-napad-z-dronom-5-avgusta-2026.jpeg\" title=\"Leipzig napad z dronom 5. avgusta 2026\"\/><\/p>\n<p> Nem\u0161ka vlada je v torek v odziv na incident napovedala niz ukrepov, med njimi zaprtje ruskega konzulata v Bonnu. Moskva je zagrozila z vzajemnim odzivom, danes pa sporo\u010dila, da so nem\u0161kega odpravnika poslov v Moskvi poklicali na pogovor.<br \/>\n Foto: Guliverimage <\/p>\n<p>&#8220;\u010ce dr\u017ei, to ka\u017ee, da ljudje, ki \u017eelijo \u0161kodovati Evropski uniji, vizume uporabljajo kot orodje, da pridejo vanjo,&#8221; je poudarila. Dodala je, da so \u010dlanice \u017ee v preteklosti opozarjale, da se turisti\u010dni vizumi izkori\u0161\u010dajo za izvajanje sabota\u017e v uniji.<\/p>\n<p>\u0160tevilni ministri so sicer na dana\u0161njem sre\u010danju po besedah Kallas pozvali k omejitvi izdajanja turisti\u010dnih vizumov Rusom, medtem ko njihova dr\u017eava pobija civiliste v Ukrajini.<\/p>\n<p>\u010ce dr\u017ei, da je eden od osumljencev za poskus napada v Nem\u010diji v EU pri\u0161el s turisti\u010dnim vizumom, upa, da bo to tudi nasprotnice omejevanja izdajanja vizumov prepri\u010dalo v podporo tovrstnim ukrepom.<\/p>\n<p>Zunanji ministri so o zaostrovanju ukrepov proti Rusiji in njenim dr\u017eavljanom razpravljali po tem, ko so nem\u0161ke oblasti v torek za poskus napada z dronom, opremljenim z eksplozivom, v Leipzigu okrivile Rusijo.<\/p>\n<p>13.48\u00a0Von der Leynova\u00a0po incidentu v Leipzigu napovedala pove\u010danje pritiska na Moskvo<\/p>\n<p>Predsednica Evropske komisije Ursula von der Leyen je po incidentu v Leipzigu, za katerega je Nem\u010dija odgovornost pripisala Rusiji, napovedala pove\u010danje pritiska na Moskvo. Obenem sta skupaj z generalnim sekretarjem Nata Markom Ruttejem pred dana\u0161njim sre\u010danjem v Bruslju zatrdila, da tovrstni napadi zaveznic ne bodo odvrnili od podpore Ukrajini.<\/p>\n<p>&#8220;\u010ce bi ta napad uspel, bi lahko povzro\u010dil ogromno \u0161kodo, morda celo izgubo \u017eivljenj,&#8221; je o poskusu napada z dronom, opremljenim z eksplozivom, na letali\u0161\u010du v Leipzigu v za\u010detku avgusta povedala von der Leynova.\u00a0&#8220;\u0160lo je za napad z voja\u0161kim materialom, ki so ga na tleh Evropske unije izvedli ruski operativci. Tega ne bomo tolerirali,&#8221; je \u0161e poudarila. Zato bosta Evropa in Nato po njenih besedah ne samo ohranila pritisk na Moskvo, ampak ga \u0161e pove\u010dala. Kot je dodala, se ne bodo ustavili, dokler ne bo Rusija prenehala bombardirati nedol\u017ene otroke, mo\u0161ke in \u017eenske v Ukrajini.<\/p>\n<p>Spomnila je, da o dodatnih sankcijah proti Moskvi danes na neformalnem zasedanju v Dublinu razpravljajo zunanji ministri dr\u017eav \u010dlanic EU, na komisiji pa i\u0161\u010dejo na\u010dine, da bi \u0161e &#8220;globlje zarezali v rusko vojno blagajno&#8221;.<\/p>\n<p>Z generalnim sekretarjem Nata Ruttejem sta se strinjala, da tovrstni hibridni ruski napadi zaveznic ne bodo odvrnili od podpore Ukrajini v njenem boju z rusko agresijo.\u00a0&#8220;\u010ce Rusija misli, da nas bodo gro\u017enje razdelile ali pa da nas bodo odvrnili od podpore Ukrajini, se motijo. Na\u0161a enotnost je neomajna,&#8221; je poudaril Rutte.<\/p>\n<p>Oba sta izrazila tudi solidarnost z Nem\u010dijo in zagotovila, da EU in Nato delata vse za to, da bi za\u0161\u010ditila svoje dr\u017eavljane pred tovrstnimi ruskimi gro\u017enjami.<\/p>\n<p>10.00\u00a0EU zaradi incidenta v Leipzigu na pogovor poklicala ruskega odpravnika poslov<\/p>\n<p>Potem ko so nem\u0161ke oblasti ugotovile, da za incidentom z dronom v Leipzigu stoji Rusija, je EU na pogovor poklicala ruskega odpravnika poslov v Bruslju, je pred neformalnim zasedanjem zunanjih ministrov \u010dlanic v Dublinu povedala visoka zunanjepoliti\u010dna predstavnica EU Kaja Kallas. Ministri bodo sicer razpravljali o sankcijah proti Rusiji.<\/p>\n<p>&#8220;Razpravljali bomo o napadih v Leipzigu, jasno je, da imajo vse znake dr\u017eavno podprtega terorizma. Vpra\u0161anje je, kaj lahko storimo glede tega,&#8221; je ob prihodu na neformalno zasedanje zunanjih ministrov EU na Irskem povedala Kallas. Dodala je, da so v povezavi s torkovimi ugotovitvami nem\u0161kih oblasti na pogovor poklicali odpravnika poslov na ruskem predstavni\u0161tvu pri EU Karena Malajana, tako kot je to storilo tudi \u017ee ve\u010d \u010dlanic.<\/p>\n<p>Zunanji ministri EU, med njimi minister Tone Kajzer, bodo sicer danes v Dublinu razpravljali o sankcijah proti Rusiji, je \u0161e dejala visoka zunanjepoliti\u010dna predstavnica. Pojasnila je, da je \u017ee od prej na mizi uvedba sankcij proti 1.600 posameznikom in pravnim osebam iz ruskega voja\u0161kega sektorja, lahko pa bi jih na seznam sankcioniranih dodali \u0161e ve\u010d. O tem sicer danes ministri ne bodo odlo\u010dali, saj to na neformalnem zasedanju ni mo\u017eno, je povedala.<\/p>\n<p>Nem\u0161ki zunanji minister Johann Wadephul bo kolege iz drugih \u010dlanic unije seznanil z ugotovitvami njegove vlade v zvezi z domnevnim ruskim poskusom napada z dronom v Leipzigu, odgovornost za katerega so pripisali Moskvi. Wadephul je sicer v torek v odziv na ugotovitve naznanil niz ukrepov proti Rusiji, vklju\u010dno z zaprtjem ruskega konzulata v Bonnu in prekinitev najemne pogodbe za ruski kulturni center v Berlinu, Rusko hi\u0161o. Poostrili naj bi tudi nadzor vstopa v Nem\u010dijo za ruske dr\u017eavljane in okrepili pritisk na t.i. rusko floto v senci.<\/p>\n<p>Najvi\u0161ji predstavniki EU, Nata in ve\u010d evropskih dr\u017eav so \u017ee izrazili solidarnost z Nem\u010dijo.<\/p>\n<p>8.19\u00a0Zelenski letalske dru\u017ebe zaradi dronov svari pred uporabo ruskega zra\u010dnega prostora<\/p>\n<p>Ukrajinski predsednik Volodimir Zelenski je letalske dru\u017ebe v torek posvaril pred uporabo ruskega zra\u010dnega prostora, \u010de\u0161 da ta zaradi ukrajinskih dronov, ki tam delujejo, ni varen. Ruski predsednik Putin ga je v odzivu obto\u017eil &#8220;dr\u017eavnega terorizma&#8221;, poro\u010da francoska tiskovna agencija AFP.<\/p>\n<p>&#8220;\u017delimo posvariti vsako letalsko dru\u017ebo, ki uporablja ruski zra\u010dni prostor, vsako zavarovalnico in vsakogar, ki \u0161e vedno uporablja klju\u010dna ruska letali\u0161\u010da: ruski zra\u010dni prostor ni niti najmanj varen,&#8221; je v izjavi v torek zve\u010der dejal Zelenski. Dodal je, da Ukrajina sicer ne ogro\u017ea civilnega letalstva ali posameznih letal. &#8220;Preprosto bodo v zraku nad Rusijo droni, ki jih je treba upo\u0161tevati,&#8221; je dejal. Kot je pojasnil, so se za svarilo odlo\u010dili, ker ne \u017eelijo izgube nedol\u017enih \u017eivljenj.<\/p>\n<p>Ruski predsednik Vladimir Putin je napoved Zelenskega ozna\u010dil za &#8220;razglasitev dr\u017eavnega terorizma&#8221;. &#8220;Prosijo nas za obnovo pogajanj (&#8230;), ampak s teroristi se ne pogaja\u0161,&#8221; je dejal na novinarski konferenci v Bi\u0161keku in napovedal odziv.<\/p>\n<p>V zadnjih mesecih sta tako Rusija kot tudi Ukrajina, ki se \u017ee ve\u010d kot \u0161tiri leta brani pred rusko agresijo, okrepili napade, medtem ko so diplomatska prizadevanja za kon\u010danje vojne, na \u010delu katerih so ZDA, zastala.<\/p>\n<p>Rusija krepi zlasti uporabo balisti\u010dnih raket, ki jih Kijev zaradi pomanjkanja streliva za sisteme zra\u010dne obrambe le s te\u017eavo prestreza. Se pa Ukrajina na ruske napade odziva z obstreljevanjem ruske infrastrukture, pristani\u0161\u010d in skladi\u0161\u010d spletnih trgovcev. Ukrajinski droni so tudi \u017ee ve\u010dkrat zmotili promet na ruskih letali\u0161\u010dih.<\/p>\n<p>Zelenski je v torkovem nagovoru dejal, da je Ukrajina na pro\u0161njo partnerjev zavoljo diplomacije in pogajanj za\u010dasno in z dolo\u010denih obmo\u010dji pripravljena tudi umakniti svoje drone. Potrdil je denimo medijska poro\u010dila, da so jih za to sredi minulega tedna, ko je Moskvo obiskal prvi mo\u017e ameri\u0161ke obve\u0161\u010devalne agencije Cia, zaprosile ZDA.<\/p>\n<p>Kljub mrtvi to\u010dki, na kateri so se zna\u0161la ameri\u0161ka prizadevanja za mirovni dogovor, je Putin medtem v torek \u0161e dejal, da sta v Moskvi dobrodo\u0161la tudi klju\u010dna predstavnika ameri\u0161ke administracije v pogajanjih \u2013 Steve Witkoff in Jared Kushner. &#8220;Tako gospod Kushner kot gospod Witkoff sta tu vedno dobrodo\u0161la gosta in veseli smo sodelovanja z njima,&#8221; je dejal ter ju opisal kot iskrena.<\/p>\n<p>7.50\u00a0Putin nem\u0161ke ukrepe proti Rusiji po incidentu z dronom ozna\u010dil za napako<\/p>\n<p>Ruski predsednik Vladimir Putin je nem\u0161ke ukrepe v odziv na incident z dronom na letali\u0161\u010du v Leipzigu, za katerega je Berlin v torek okrivil Rusijo, ozna\u010dil za resno napako. Obto\u017ebe Nem\u010dije je zavrnil kot izmi\u0161ljene, poro\u010dajo tuje tiskovne agencije.<\/p>\n<p>&#8220;Kje so dokazi?&#8221; se je na novinarski konferenci v prestolnici Kirgizistana Bi\u0161kek v torek vpra\u0161al Putin. Nem\u010diji je o\u010dital, da je podtaknila dokaze, ki jih je doslej predstavila, da bi lahko okrivila Rusijo. Ocenil je \u0161e, da odziv vlade nem\u0161kega kanclerja Friedricha Merza vodi zlasti notranja politika.<\/p>\n<p>&#8220;Merz je izgubil zaupanje dr\u017eavljanov, ker ne \u0161\u010diti nem\u0161kih nacionalnih interesov,&#8221; je dejal in menil, da bo prihodnost nem\u0161ke vlade na bli\u017eajo\u010dih de\u017eelnih volitvah na kocki zaradi gospodarskih te\u017eav v dr\u017eavi, poro\u010da nem\u0161ka tiskovna agencija dpa.<\/p>\n<p><img decoding=\"async\" alt=\"\" kje=\"\" so=\"\" dokazi=\"\" se=\"\" je=\"\" na=\"\" novinarski=\"\" konferenci=\"\" v=\"\" prestolnici=\"\" kirgizistana=\"\" bi=\"\" torek=\"\" vpra=\"\" putin.=\"\" foto:=\"\" reuters=\"\" class=\"article_content__inline_image js_imageLightbox is-clickable\" data-author=\"Reuters\" data-caption=\"&quot;Kje so dokazi?&quot; se je na novinarski konferenci v prestolnici Kirgizistana Bi\u0161kek v torek vpra\u0161al Putin.\" data-height=\"3486\" data-href=\"https:\/\/siol.net\/media\/img\/b6\/b1\/a442b49097338a39b10f-vladimir-putin.jpeg\" data-width=\"5240\" loading=\"lazy\" src=\"\/media\/img\/8c\/ag\/48f56c2045dd202e956d-vladimir-putin.jpeg\" title=\"Vladimir Putin\"\/><\/p>\n<p> &#8220;Kje so dokazi?&#8221; se je na novinarski konferenci v prestolnici Kirgizistana Bi\u0161kek v torek vpra\u0161al Putin.<br \/>\n Foto: Reuters <\/p>\n<p>Podobno se je \u017ee pred tem odzval tiskovni predstavnik Kremlja Dmitrij Peskov, ki je prav tako menil, da za obto\u017ebe Nem\u010dije ni dokazov. Tiskovna predstavnica ruskega zunanjega ministrstva Maria Zaharova pa je napovedala odziv na nem\u0161ke ukrepe z enakovrednimi.<\/p>\n<p>Nem\u010dija je pred tem v torek odgovornost za incident oz. poskus napada na letali\u0161\u010du v Leipzigu minuli mesec pripisala Rusiji. Kot je dejal notranji minister Alexander Dobrindt, na to ka\u017eejo policijska preiskava, vzorci kriminalnih dejavnosti in obve\u0161\u010devalne ugotovitve.<\/p>\n<p>Po navedbah varnostnih virov so dron 4. avgusta na\u0161li v bli\u017eini ukrajinskega tovornega letala. Letali\u0161\u010de Leipzig\/Halle na vzhodu Nem\u010dije ima klju\u010dno vlogo pri prevozu voja\u0161ke opreme, med drugim nem\u0161ke vojske in zaveznikov iz Nata, slu\u017ei pa tudi kot baza ukrajinske letalske dru\u017ebe Antonov Airlines.<\/p>\n<p>Nem\u0161ki zunanji minister Johann Wadephul je v odzivu na ugotovitve naznanil niz ukrepov proti Rusiji, vklju\u010dno z zaprtjem ruskega konzulata v Bonnu z 18. septembrom in prekinitev najemne pogodbe za ruski kulturni center v Berlinu, Rusko hi\u0161o. Poostrili naj bi tudi nadzor vstopa v Nem\u010dijo za ruske dr\u017eavljane in okrepili pritisk na t.i. rusko floto v senci.<\/p>\n","protected":false},"excerpt":{"rendered":"Poudarki dneva: 18.03\u00a0 Nem\u0161ka policija identificirala DNK dveh osumljencev za incident z dronom v Leipzigu 13.48\u00a0Von der Leynova\u00a0po&hellip;\n","protected":false},"author":2,"featured_media":213086,"comment_status":"","ping_status":"","sticky":false,"template":"","format":"standard","meta":{"footnotes":"","_share_on_mastodon":"0"},"categories":[8],"tags":[421,37,38,64,71,757,882,458,63],"class_list":["post-213085","post","type-post","status-publish","format-standard","has-post-thumbnail","category-svet","tag-rusija","tag-slovene","tag-slovenscina","tag-svet","tag-ukrajina","tag-vladimir-putin","tag-vojna","tag-volodimir-zelenski","tag-world"],"share_on_mastodon":{"url":"https:\/\/pubeurope.com\/@si\/117202641717920666","error":""},"_links":{"self":[{"href":"https:\/\/www.europesays.com\/si\/wp-json\/wp\/v2\/posts\/213085","targetHints":{"allow":["GET"]}}],"collection":[{"href":"https:\/\/www.europesays.com\/si\/wp-json\/wp\/v2\/posts"}],"about":[{"href":"https:\/\/www.europesays.com\/si\/wp-json\/wp\/v2\/types\/post"}],"author":[{"embeddable":true,"href":"https:\/\/www.europesays.com\/si\/wp-json\/wp\/v2\/users\/2"}],"replies":[{"embeddable":true,"href":"https:\/\/www.europesays.com\/si\/wp-json\/wp\/v2\/comments?post=213085"}],"version-history":[{"count":0,"href":"https:\/\/www.europesays.com\/si\/wp-json\/wp\/v2\/posts\/213085\/revisions"}],"wp:featuredmedia":[{"embeddable":true,"href":"https:\/\/www.europesays.com\/si\/wp-json\/wp\/v2\/media\/213086"}],"wp:attachment":[{"href":"https:\/\/www.europesays.com\/si\/wp-json\/wp\/v2\/media?parent=213085"}],"wp:term":[{"taxonomy":"category","embeddable":true,"href":"https:\/\/www.europesays.com\/si\/wp-json\/wp\/v2\/categories?post=213085"},{"taxonomy":"post_tag","embeddable":true,"href":"https:\/\/www.europesays.com\/si\/wp-json\/wp\/v2\/tags?post=213085"}],"curies":[{"name":"wp","href":"https:\/\/api.w.org\/{rel}","templated":true}]}}