{"id":213129,"date":"2026-09-02T18:12:13","date_gmt":"2026-09-02T18:12:13","guid":{"rendered":"https:\/\/www.europesays.com\/si\/213129\/"},"modified":"2026-09-02T18:12:13","modified_gmt":"2026-09-02T18:12:13","slug":"umrl-je-eden-od-legendarnih-nogometasev-nekdanje-jugoslavije","status":"publish","type":"post","link":"https:\/\/www.europesays.com\/si\/213129\/","title":{"rendered":"Umrl je eden od legendarnih nogometa\u0161ev nekdanje Jugoslavije"},"content":{"rendered":"<p>Od\u0161la je ena od legend jugoslovanskega nogometa, dolgoletni igralec splitskega Hajduka Ivan Gudelj. Umrl je po kratki, a te\u017eki bolezni v 67. letu starosti.<\/p>\n<p>Svojemu klubu je bil zvest vso kariero. Za Hajduk je odigral kar 362 tekem in dal 93 golov. Kot so zapisali na Hajdukovi spletni strani, je bil kapetan ekipe in eden njihovih simbolov v 80-letih. S klubom je osvojil naslov prvaka Jugoslavije (sezona 1978\/79) in dva pokala. Leta 1982 je pri 22- letih postal najmlaj\u0161i jugoslovanski reprezentant v zgodovini.<\/p>\n<p class=\"SEClass2\">Po svetovnem prvenstvu v \u0160paniji leta 1982 ga je francoski \u010dasopis L&#8217;Equipe uvrstil v idealno enajsterico prvenstva.<\/p>\n<p>Konec kariere \u017ee pri 26 letih<\/p>\n<p>Bil je zelo vsestranski igralec, ki je najve\u010dkrat igral v zvezni vrsti, odli\u010den pa je bil tudi v obrambi. Za jugoslovansko reprezentanco je na 33 tekmah dosegel tri gole, poleg svetovnega prvenstva v \u0160paniji je bil tudi del reprezentance na evropskem prvenstvu leta 1984 v Franciji.<\/p>\n<p>Kariero je moral prekiniti na vrhuncu leta 1986 zaradi bolezni \u2013 diagnosticirali so mu hepatitis B.<\/p>\n<p class=\"SEClass2\">Bil je tik pred podpisom pogodbe s klubom Real Madrid, najbolj trofejnim evropskim klubom.<\/p>\n<p>Na Hrva\u0161kem je po zaklju\u010dku igralske kariere med drugim vodil reprezentanci do 17 in do 19 let.<\/p>\n<p>\u00a0<\/p>\n","protected":false},"excerpt":{"rendered":"Od\u0161la je ena od legend jugoslovanskega nogometa, dolgoletni igralec splitskega Hajduka Ivan Gudelj. Umrl je po kratki, a&hellip;\n","protected":false},"author":2,"featured_media":213130,"comment_status":"","ping_status":"","sticky":false,"template":"","format":"standard","meta":{"footnotes":"","_share_on_mastodon":"0"},"categories":[20],"tags":[32,52071,35,31,264,34,36,37,38,33,6611],"class_list":["post-213129","post","type-post","status-publish","format-standard","has-post-thumbnail","category-novice","tag-headlines","tag-ivan-gudelj","tag-najpomembnejse-novice","tag-news","tag-nogomet","tag-novice","tag-osrednje-novice","tag-slovene","tag-slovenscina","tag-top-stories","tag-umrl"],"share_on_mastodon":{"url":"https:\/\/pubeurope.com\/@si\/117202802656261095","error":""},"_links":{"self":[{"href":"https:\/\/www.europesays.com\/si\/wp-json\/wp\/v2\/posts\/213129","targetHints":{"allow":["GET"]}}],"collection":[{"href":"https:\/\/www.europesays.com\/si\/wp-json\/wp\/v2\/posts"}],"about":[{"href":"https:\/\/www.europesays.com\/si\/wp-json\/wp\/v2\/types\/post"}],"author":[{"embeddable":true,"href":"https:\/\/www.europesays.com\/si\/wp-json\/wp\/v2\/users\/2"}],"replies":[{"embeddable":true,"href":"https:\/\/www.europesays.com\/si\/wp-json\/wp\/v2\/comments?post=213129"}],"version-history":[{"count":0,"href":"https:\/\/www.europesays.com\/si\/wp-json\/wp\/v2\/posts\/213129\/revisions"}],"wp:featuredmedia":[{"embeddable":true,"href":"https:\/\/www.europesays.com\/si\/wp-json\/wp\/v2\/media\/213130"}],"wp:attachment":[{"href":"https:\/\/www.europesays.com\/si\/wp-json\/wp\/v2\/media?parent=213129"}],"wp:term":[{"taxonomy":"category","embeddable":true,"href":"https:\/\/www.europesays.com\/si\/wp-json\/wp\/v2\/categories?post=213129"},{"taxonomy":"post_tag","embeddable":true,"href":"https:\/\/www.europesays.com\/si\/wp-json\/wp\/v2\/tags?post=213129"}],"curies":[{"name":"wp","href":"https:\/\/api.w.org\/{rel}","templated":true}]}}