{"id":213157,"date":"2026-09-02T18:47:11","date_gmt":"2026-09-02T18:47:11","guid":{"rendered":"https:\/\/www.europesays.com\/si\/213157\/"},"modified":"2026-09-02T18:47:11","modified_gmt":"2026-09-02T18:47:11","slug":"video-in-foto-protivladni-protest-za-odstop-mijica-in-trojni-ne-na-referendumu","status":"publish","type":"post","link":"https:\/\/www.europesays.com\/si\/213157\/","title":{"rendered":"(VIDEO in FOTO) Protivladni protest: za odstop Miji\u010da in trojni &#8220;ne&#8221; na referendumu"},"content":{"rendered":"<p>    <img decoding=\"async\" data-lb-desktop=\"\/media\/2026\/09\/02\/860048\/Orig-IMG_3555-1200.webp\" data-lb-mobile=\"\/media\/2026\/09\/02\/860048\/Orig-IMG_3555-600.webp\" class=\"main-gallery-image se_image_lb\" src=\"https:\/\/www.europesays.com\/si\/wp-content\/uploads\/2026\/09\/Wide-IMG_3555-1000.webp\" alt=\"(VIDEO in FOTO) Protivladni protest: za odstop Miji\u010da in trojni &quot;ne&quot; na referendumu\"\/><\/p>\n<p>Civilna iniciativa Glas ljudstva je danes organizirala prvi protestni shod proti vladi Janeza Jan\u0161e. Foto:\u00a0Jaka Gasar<\/p>\n<p>(VIDEO in FOTO) Protivladni protest: za odstop Miji\u010da in trojni &#8220;ne&#8221; na referendumu<\/p>\n<p>Na dana\u0161njem protestnem shodu proti Jan\u0161evi vladi so organizatorji zahtevali odgovornost poslanca Borisa Miji\u010da, njegov odstop in nadomestne volitve, obenem pa izrazili nasprotovanje vladi in njenim politikam. Udele\u017eence so pozvali, naj se pred referendumskim glasovanjem 11. oktobra aktivirajo in \u0161tirikrat glasujejo proti.<\/p>\n<p>                        02. 09. 2026, 18.52\n                    <\/p>\n<p> alp\n                    <\/p>\n<p>                        <a href=\"https:\/\/google.com\/preferences\/source?q=dnevnik.si\" class=\"se-author-gps-cta\" target=\"_blank\" rel=\"nofollow noopener\"><br \/>\n                            <img decoding=\"async\" class=\"se-author-gps-cta-badge\" src=\"https:\/\/www.europesays.com\/si\/wp-content\/uploads\/2026\/09\/1788374830_3_dnevnik_gps_badge.png\" alt=\"Google Preferred Sources CTA\"\/><br \/>\n                        <\/a><\/p>\n<p>Po navedbah civilne iniciative Glas ljudstva je bil povod za shod povezan z dejanji in izjavami poslanca Miji\u010da, ki naj bi bil po mnenju iniciative zgolj \u00bbsimptom\u00ab \u0161ir\u0161ih te\u017eav koalicije. Njeno delovanje so ozna\u010dili za posledico korupcije, pohlepa in \u017eelje po oblasti ter zahtevali odgovornost poslancev, odstop in nadomestne volitve. Miji\u010d\u00a0se povabilu organizatorjev\u00a0shoda ni odzval, organizatorji pa so mu predali sporo\u010dila ve\u010d kot 15.000 podpisnikov peticije za njegov odstop.<\/p>\n<p>Osrednja tema protestnih nastopov so bile\u00a0tudi delavske pravice in polo\u017eaj tujih delavcev. Hana Radilovi\u0107 iz Delavske svetovalnice je Miji\u010da umestila v \u0161ir\u0161i problem izkori\u0161\u010danja delavcev in izigravanja zakonodaje ter kritizirala institucije, ki naj bi se po njenih besedah na tak\u0161ne primere odzivale prepo\u010dasi. Miha Bla\u017ei\u010d iz Ambasade Rog je opozoril na sistemsko prekarizacijo ter dejal, da so prekarni in tuji delavci zaradi svojega polo\u017eaja pogosto cenej\u0161a in bolj ranljiva delovna sila.<\/p>\n<p>Opozorila pred razgradnjo socialne dr\u017eave<\/p>\n<p>Pomemben del shoda je bil namenjen interventnemu zakonu in stanju javnih storitev. Du\u0161an Keber iz civilne iniciative Glas ljudstva je opozoril, da dogajanje v zdravstvu predstavlja \u0161ir\u0161i proces razgradnje socialne dr\u017eave. Po njegovih besedah naj bi javne ustanove praznili, javni denar preusmerjali k zasebnikom, socialne pravice pa spreminjali v tr\u017eno blago. Vladno politiko je ozna\u010dil za gradnjo \u00bbdruge republike\u00ab, ki naj bi vodila v bolj avtoritarno in neenakopravno dru\u017ebo.<\/p>\n<p>    <a class=\"se-card__wrap se-card--link\" href=\"https:\/\/www.dnevnik.si\/novice\/slovenija\/drzavnozborski-cirkus-joza-miki-miske-in-egipcani-2823852\/\" data-upscore-url=\"\" rel=\"nofollow noopener\" target=\"_blank\"><\/p>\n<p>        <img decoding=\"async\" class=\"se-image se-image--card\" src=\"https:\/\/www.europesays.com\/si\/wp-content\/uploads\/2026\/09\/Wide-20260723_01560408-400.webp\" alt=\"Ljubljana, DZ.Izredna seja DZ, na kateri so obravnavali zahtevo za razpis zakonodajnega referenduma o noveli zakona o parlamentarni preiskavi.\"\/><\/p>\n<p>DZ o referendumih<\/p>\n<p>Konec dr\u017eavnozborskega cirkusa: DZ podprl tri posvetovalne referendume<\/p>\n<p>    <\/a><\/p>\n<p>        <img decoding=\"async\" data-lb-desktop=\"\/media\/2026\/09\/02\/860047\/Orig-IMG_3448-1200.webp\" data-lb-mobile=\"\/media\/2026\/09\/02\/860047\/Orig-IMG_3448-600.webp\" class=\"se_image se_image_lb\" src=\"https:\/\/www.europesays.com\/si\/wp-content\/uploads\/2026\/09\/Orig-IMG_3448-1000.webp\" alt=\"(VIDEO in FOTO) Protivladni protest: za odstop Miji\u010da in trojni &quot;ne&quot; na referendumu\"\/><\/p>\n<p>Metka Mencin je kritiko usmerila v odnos oblasti do zasebne lastnine, dobi\u010dkov in javnih sistemov. Po njenem mnenju oblast z zmanj\u0161evanjem pomena javnega zdravstva, \u0161olstva, kulture in sociale pove\u010duje negotovost \u0161tevilnih skupin, med njimi migrantskih in tujih delavcev ter drugih prekarnih zaposlenih. Govorniki so zato poudarili pomen solidarnosti in nasprotovanje logiki, po kateri so dobi\u010dki zasebni, tveganja in bremena pa javna.<\/p>\n<p>        <img decoding=\"async\" data-lb-desktop=\"\/media\/2026\/09\/02\/860045\/Orig-IMG_3255-1200.webp\" data-lb-mobile=\"\/media\/2026\/09\/02\/860045\/Orig-IMG_3255-600.webp\" class=\"se_image se_image_lb\" src=\"https:\/\/www.europesays.com\/si\/wp-content\/uploads\/2026\/09\/Orig-IMG_3255-1000.webp\" alt=\"(VIDEO in FOTO) Protivladni protest: za odstop Miji\u010da in trojni &quot;ne&quot; na referendumu\"\/><\/p>\n<p>Poziv k referendumskemu \u00bbproti\u00ab<\/p>\n<p>Nekdanji \u010dlan stranke Resnica Jasmin Be\u0161i\u0107 je\u00a0kritiziral nekdanje strankarske kolege. Dejal je, da je stranka po njegovem mnenju opustila prvotno obljubo o neodvisni opozicijski politiki, in jo ozna\u010dil za skupino posameznikov, ki jo izkori\u0161\u010dajo za lastne interese. Udele\u017eence je pozval, naj se zavedajo, da je politi\u010dna oblast v slu\u017ebi dr\u017eavljanov in ne obratno.<\/p>\n<p>        <img decoding=\"async\" data-lb-desktop=\"\/media\/2026\/09\/02\/860049\/Orig-IMG_3562-1200.webp\" data-lb-mobile=\"\/media\/2026\/09\/02\/860049\/Orig-IMG_3562-600.webp\" class=\"se_image se_image_lb\" src=\"https:\/\/www.europesays.com\/si\/wp-content\/uploads\/2026\/09\/Orig-IMG_3562-1000.webp\" alt=\"(VIDEO in FOTO) Protivladni protest: za odstop Miji\u010da in trojni &quot;ne&quot; na referendumu\"\/><\/p>\n<p>Organizatorji so shod sklenili s pozivom k aktivni udele\u017ebi na prihajajo\u010dih referendumih. Ob kritikah predlaganega interventnega zakona in drugih politik vlade so udele\u017eence pozvali, naj 11. oktobra na referendumih \u0161tirikrat glasujejo proti. Za 16. september so napovedali tudi shod tujih delavcev proti zakonu o tujcih, ki naj bi bil po besedah govorcev naslednja prilo\u017enost za izra\u017eanje solidarnosti z migrantskimi in tujimi delavci.<\/p>\n","protected":false},"excerpt":{"rendered":"Civilna iniciativa Glas ljudstva je danes organizirala prvi protestni shod proti vladi Janeza Jan\u0161e. Foto:\u00a0Jaka Gasar (VIDEO in&hellip;\n","protected":false},"author":2,"featured_media":213158,"comment_status":"","ping_status":"","sticky":false,"template":"","format":"standard","meta":{"footnotes":"","_share_on_mastodon":"0"},"categories":[6],"tags":[3312,4227,1305,1012,9981,19707,79,419,59,61,62,37,58,60,38,23691,7233],"class_list":["post-213157","post","type-post","status-publish","format-standard","has-post-thumbnail","category-slovenija","tag-civilna-iniciativa","tag-delavske-pravice","tag-korupcija","tag-migranti","tag-politicna-odgovornost","tag-prekarizacija","tag-protesti","tag-referendum","tag-republic-of-slovenia","tag-republika-slovenija","tag-si","tag-slovene","tag-slovenia","tag-slovenija","tag-slovenscina","tag-socialna-drzava","tag-tuji-delavci"],"share_on_mastodon":{"url":"https:\/\/pubeurope.com\/@si\/117202940696201911","error":""},"_links":{"self":[{"href":"https:\/\/www.europesays.com\/si\/wp-json\/wp\/v2\/posts\/213157","targetHints":{"allow":["GET"]}}],"collection":[{"href":"https:\/\/www.europesays.com\/si\/wp-json\/wp\/v2\/posts"}],"about":[{"href":"https:\/\/www.europesays.com\/si\/wp-json\/wp\/v2\/types\/post"}],"author":[{"embeddable":true,"href":"https:\/\/www.europesays.com\/si\/wp-json\/wp\/v2\/users\/2"}],"replies":[{"embeddable":true,"href":"https:\/\/www.europesays.com\/si\/wp-json\/wp\/v2\/comments?post=213157"}],"version-history":[{"count":0,"href":"https:\/\/www.europesays.com\/si\/wp-json\/wp\/v2\/posts\/213157\/revisions"}],"wp:featuredmedia":[{"embeddable":true,"href":"https:\/\/www.europesays.com\/si\/wp-json\/wp\/v2\/media\/213158"}],"wp:attachment":[{"href":"https:\/\/www.europesays.com\/si\/wp-json\/wp\/v2\/media?parent=213157"}],"wp:term":[{"taxonomy":"category","embeddable":true,"href":"https:\/\/www.europesays.com\/si\/wp-json\/wp\/v2\/categories?post=213157"},{"taxonomy":"post_tag","embeddable":true,"href":"https:\/\/www.europesays.com\/si\/wp-json\/wp\/v2\/tags?post=213157"}],"curies":[{"name":"wp","href":"https:\/\/api.w.org\/{rel}","templated":true}]}}