{"id":213167,"date":"2026-09-02T18:58:20","date_gmt":"2026-09-02T18:58:20","guid":{"rendered":"https:\/\/www.europesays.com\/si\/213167\/"},"modified":"2026-09-02T18:58:20","modified_gmt":"2026-09-02T18:58:20","slug":"hudo-poskodovana-motorista-koncala-v-ukc-ljubljana","status":"publish","type":"post","link":"https:\/\/www.europesays.com\/si\/213167\/","title":{"rendered":"Hudo po\u0161kodovana motorista kon\u010dala v UKC Ljubljana"},"content":{"rendered":"<p class=\"wp-block-paragraph\">V preteklih 24 urah je ljubljanski operativno komunikacijski center prejel 893 klicev, 253 za posredovanje v interventnih dogodkih. Od tega se jih je 47 nana\u0161alo na kriminaliteto, 76 na javni red in mir, ter 102 na prometno varnost. Policisti so med drugim na podro\u010dju kriminalitete obravnavali 3 tatvine, 4 vlome (v dveh primerih je ostalo pri poskusu) in primer po\u0161kodovanja tuje stvari. Prav tako so posredovali v primeru nasilja v dru\u017eini, kjer zbirajo obvestila zaradi suma kaznivega dejanja. Pri prometni varnosti so obravnavali 31 prometnih nesre\u010d z materialno \u0161kodo, 6 nesre\u010d z lahkimi telesnimi po\u0161kodbami in nesre\u010di v katerih sta bila huje po\u0161kodovana motorista. Ve\u010dkratnim kr\u0161iteljem cestno prometnih predpisov so zasegli 3 vozila. Glede javnega reda in miru so intervenirali 13 krat na javnem kraju (ena oseba je bila pridr\u017eana) in 1 krat v zasebnem prostoru. Obravnavali so 2 posameznika zaradi nezakonitega prehoda dr\u017eavne meje.<br \/>Kriminaliteta \u2013 vlomi:<br \/>V Dom\u017ealah je bilo vlomljeno v novogradnjo, od koder je neznani storilec odtujil toplotno \u010drpalko. Lastnika je o\u0161kodoval nekaj tiso\u010d evrov.<br \/>V \u0160i\u0161ki je neznani storilec vlomil v klet in odtujil ve\u010d kosov razli\u010dnega baterijskega in elektri\u010dnega orodja. Lastnika je o\u0161kodoval za okoli 3.000 evrov.<br \/>Po\u017ear<br \/>V\u010deraj, okoli 21. ure so policisti bili obve\u0161\u010deni o po\u017earu v hali enega izmed podjetij za obdelavo lesa na obmo\u010dju Vrhnike. Na kraju so posredovali gasilci, ki so po\u017ear pogasili in policisti, ki so zbrali prva obvestila in zavarovali kraj. V \u0161otorski hali sta se v \u010dasu dogodka nahajali dve osebi, ki pri tem nista bili po\u0161kodovani, v dogodku pa je nastalo za ve\u010d tiso\u010d evrov \u0161kode. Po prvih podatkih naj bi zagorelo zaradi napake na elektri\u010dni napeljavi, vendar vzrok za nastanek \u0161e ni pojasnjen in je predmet nadaljnje kriminalisti\u010dno forenzi\u010dne preiskave. Policisti opravljajo ogled in nadaljujejo z zbiranjem obvestil o vseh okoli\u0161\u010dinah dogodka. O vseh ugotovitvah bo obve\u0161\u010deno pristojno dr\u017eavno to\u017eilstvo.<br \/>Prometna varnost-prometne nesre\u010de:<br \/>V\u010deraj, okoli 18.30 se je na Litijski cesti v Ljubljani zgodila prometna nesre\u010da, v kateri sta bila udele\u017eena voznik osebnega vozila in motorist. Po do sedaj zbranih obvestilih je do prometne nesre\u010de pri\u0161lo, ker voznik pri zavijanju levo v kri\u017ei\u0161\u010du odvzel prednost motoristu, ki je pripeljal nasproti. Pri tem se je motorist huje telesno po\u0161kodoval. Z re\u0161evalnim vozilom je bil odpeljan v UBKC Ljubljana, njegovo \u017eivljenje pa ni ogro\u017eeno. Policisti nadaljujejo zbiranjem obvestil zaradi suma kaznivega dejanja. O vseh ugotovitvah bo obve\u0161\u010deno pristojno dr\u017eavno to\u017eilstvo.<br \/>V\u010deraj, okoli 16. ure se je severni Ljubljanski obvoznici zgodila prometna nesre\u010da, v kateri sta bila udele\u017eena voznica osebnega vozila in motorist. Do prometne nesre\u010de je pri\u0161lo, ker je motorist zaradi neprilagojene hitrosti tr\u010dil v vozilo voznice. Pri tem se je motorist huje telesno po\u0161kodoval. Z re\u0161evalnim vozilom je bil odpeljan v UBKC Ljubljana, njegovo \u017eivljenje pa ni ogro\u017eeno. Policisti vodijo prekr\u0161kovni postopek.<br \/>V\u010deraj, okoli 13.ure se je na Ulici Hermana Poto\u010dnika v Ljubljani zgodila prometna nesre\u010da, v kateri je bil samoudele\u017een voznik e-skiroja, ki je zaradi neprilagojene hitrosti padel in se la\u017eje telesno po\u0161kodoval. Policisti vodijo prekr\u0161kovni postopek.<br \/>V\u010deraj, okoli 12. ure se je na Bratislavski ulici v Ljubljani zgodila prometna nesre\u010da, v kateri sta bila udele\u017eena voznika osebnih vozil. Do prometne nesre\u010de je pri\u0161lo, ker je voznik v kri\u017ei\u0161\u010du odvzel prednost drugemu vozniku. Pri tem sta se udele\u017eeni voznik in potnica v njegovem vozilu la\u017eje telesno po\u0161kodoval. Policisti vodijo prekr\u0161kovni postopek.<br \/>V\u010deraj, okoli 11. ure se je v Cerknici zgodila prometna nesre\u010da, v kateri sta bila udele\u017eena voznica osebnega vozila in motoristka. Do prometne nesre\u010de je pri\u0161lo, ker voznica pri vklju\u010devanju v promet odvzela prednost motoristki. Pri tem se je motoristka la\u017eje telesno po\u0161kodovala. Policisti vodijo prekr\u0161kovni postopek.<\/p>\n<p><img loading=\"lazy\" data-lazyloaded=\"1\" decoding=\"async\" width=\"1024\" height=\"698\" src=\"https:\/\/www.europesays.com\/si\/wp-content\/uploads\/2026\/09\/Motorist-poskodba-1024x698.jpg\" alt=\"\" class=\"wp-image-228759\"  data-\/><\/p>\n<p>Facebook<br \/>\nMessenger<br \/>\nTwitter\/X<br \/>\nEmail<\/p>\n","protected":false},"excerpt":{"rendered":"V preteklih 24 urah je ljubljanski operativno komunikacijski center prejel 893 klicev, 253 za posredovanje v interventnih dogodkih.&hellip;\n","protected":false},"author":2,"featured_media":213168,"comment_status":"","ping_status":"","sticky":false,"template":"","format":"standard","meta":{"footnotes":"","_share_on_mastodon":"0"},"categories":[21],"tags":[52128,124,52129,760,62,37,58,60,38,2483,4391,2399,14024],"class_list":["post-213167","post","type-post","status-publish","format-standard","has-post-thumbnail","category-ljubljana","tag-hudi-poskodbi","tag-ljubljana","tag-motorista","tag-pozar","tag-si","tag-slovene","tag-slovenia","tag-slovenija","tag-slovenscina","tag-tatvina","tag-ukc-ljubljana","tag-vlom","tag-vrhnika"],"share_on_mastodon":{"url":"https:\/\/pubeurope.com\/@si\/117202983814824869","error":""},"_links":{"self":[{"href":"https:\/\/www.europesays.com\/si\/wp-json\/wp\/v2\/posts\/213167","targetHints":{"allow":["GET"]}}],"collection":[{"href":"https:\/\/www.europesays.com\/si\/wp-json\/wp\/v2\/posts"}],"about":[{"href":"https:\/\/www.europesays.com\/si\/wp-json\/wp\/v2\/types\/post"}],"author":[{"embeddable":true,"href":"https:\/\/www.europesays.com\/si\/wp-json\/wp\/v2\/users\/2"}],"replies":[{"embeddable":true,"href":"https:\/\/www.europesays.com\/si\/wp-json\/wp\/v2\/comments?post=213167"}],"version-history":[{"count":0,"href":"https:\/\/www.europesays.com\/si\/wp-json\/wp\/v2\/posts\/213167\/revisions"}],"wp:featuredmedia":[{"embeddable":true,"href":"https:\/\/www.europesays.com\/si\/wp-json\/wp\/v2\/media\/213168"}],"wp:attachment":[{"href":"https:\/\/www.europesays.com\/si\/wp-json\/wp\/v2\/media?parent=213167"}],"wp:term":[{"taxonomy":"category","embeddable":true,"href":"https:\/\/www.europesays.com\/si\/wp-json\/wp\/v2\/categories?post=213167"},{"taxonomy":"post_tag","embeddable":true,"href":"https:\/\/www.europesays.com\/si\/wp-json\/wp\/v2\/tags?post=213167"}],"curies":[{"name":"wp","href":"https:\/\/api.w.org\/{rel}","templated":true}]}}