{"id":213175,"date":"2026-09-02T19:04:17","date_gmt":"2026-09-02T19:04:17","guid":{"rendered":"https:\/\/www.europesays.com\/si\/213175\/"},"modified":"2026-09-02T19:04:17","modified_gmt":"2026-09-02T19:04:17","slug":"video-zelenski-svari-ukrajinski-droni-bodo-zaprli-rusko-nebo","status":"publish","type":"post","link":"https:\/\/www.europesays.com\/si\/213175\/","title":{"rendered":"[Video] Zelenski svari: ukrajinski droni bodo zaprli rusko nebo"},"content":{"rendered":"<p style=\"text-align: justify;\">Ukrajinski predsednik je opozoril letalske dru\u017ebe, zavarovalnice in vlade, da nebo nad Rusijo kmalu ne bo ve\u010d varno. Razlog? Ukrajinski brezpilotni letalniki oziroma droni.<\/p>\n<p style=\"text-align: justify;\">\u201cDanes \u017eelimo opozoriti vsako letalsko dru\u017ebo, ki uporablja ruski zra\u010dni prostor, vsako zavarovalnico in vse, ki \u0161e vedno uporabljajo klju\u010dna ruska letali\u0161\u010da: ruski zra\u010dni prostor postaja popolnoma nevaren,\u201d je zapisal na dru\u017ebenem omre\u017eju X.<\/p>\n<p> Preberite \u0161e: <a href=\"https:\/\/nova24tv.si\/islandski-ne-eu-je-velika-zausnica-marti-kos\/\" rel=\"nofollow noopener\" target=\"_blank\">Islandski \u201cne\u201d EU je velika zau\u0161nica Marti Kos<\/a><\/p>\n<p style=\"text-align: justify;\">Nato je nadaljeval, da Ukrajina ne ogro\u017ea civilnega letalstva kot takega, niti enega samega civilnega letala. \u201cPreprosto bo na ruskem nebu toliko brezpilotnih letalnikov, da bo to treba upo\u0161tevati. \u010ceprav ruske oblasti ljudi o tem ne obve\u0161\u010dajo ustrezno, se bo ruski zra\u010dni prostor dejansko zapiral \u2013 vojna, ki jo je za\u010dela Rusija, zapira njeno nebo,\u201d je dodal.<\/p>\n<p style=\"text-align: justify;\">Zelenski je nato v ve\u010dernem nagovoru nadaljeval, da si Ukrajina ne \u017eeli, da bi umirala nedol\u017ena \u017eivljenja, kar je hkrati namen tega opozorila. Povedal je, da so dnevi varnega letenja na ruskem nebu mimo. K temu je dodal \u017eeljo, naj se njegovo sporo\u010dilo s strani veleposlanikov, ki delujejo v Kijevu in Moskvi, posreduje v prestolnice tam prisotnih dr\u017eav. Sporo\u010dilo je bilo namenjeno tudi letalskim dru\u017ebam, ki trenutno letijo na letali\u0161\u010da v Moskvi, Sankt Peterburgu in druge destinacije v Rusiji.<\/p>\n<p dir=\"ltr\" lang=\"en\">It was from Russia that the first missiles and the first drones came, and they crossed our country\u2019s border from Russian airspace. This escalation cannot and will not remain confined to Ukrainian territory.<\/p>\n<p>Today, we want to warn every airline that uses Russian airspace, every\u2026<\/p>\n<p>\u2014 Volodymyr Zelenskyy \/ \u0412\u043e\u043b\u043e\u0434\u0438\u043c\u0438\u0440 \u0417\u0435\u043b\u0435\u043d\u0441\u044c\u043a\u0438\u0439 (@ZelenskyyUa) <a href=\"https:\/\/x.com\/ZelenskyyUa\/status\/2094847676848480297?ref_src=twsrc%5Etfw\" rel=\"nofollow\">September 1, 2026<\/a><\/p>\n<p style=\"text-align: justify;\">\u201cUkrajinsko ministrstvo za zunanje zadeve in druge na\u0161e institucije bodo mednarodnim organizacijam posredovali vse informacije o nevarnostih v ruskem zra\u010dnem prostoru. Nebo, polno brezpilotnih letalnikov, ni prostor za civilno letalstvo,\u201d je dejal.<\/p>\n<p style=\"text-align: justify;\">Ukrajinski napadi z droni na ruskem ozemlju so v zadnjem obdobju precej\u0161nja stalnica. Pogosto so zaradi teh napadov za\u010dasno zaprta tudi letali\u0161\u010da. Ruska prestolnica je sicer dobro za\u0161\u010ditena pred gro\u017enjami iz zraka, poro\u010da Jutarnji list, a oviranje letalskega prometa je eden izmed na\u010dinov, kako lahko Ukrajina pribli\u017ea realnost vojne ruskemu prebivalstvu.<\/p>\n<p dir=\"ltr\" lang=\"en\">Ukraine is a country of peace. And we truly respect the fact that our partners want to help bring this war to an end. We support every such effort. When the Americans asked us to pause strikes on Moscow and St. Petersburg on August 25, 26, and 27, we observed that pause. There\u2026 <a href=\"https:\/\/t.co\/wck56fwMUR\" rel=\"nofollow\">pic.twitter.com\/wck56fwMUR<\/a><\/p>\n<p>\u2014 Volodymyr Zelenskyy \/ \u0412\u043e\u043b\u043e\u0434\u0438\u043c\u0438\u0440 \u0417\u0435\u043b\u0435\u043d\u0441\u044c\u043a\u0438\u0439 (@ZelenskyyUa) <a href=\"https:\/\/x.com\/ZelenskyyUa\/status\/2094863222289608866?ref_src=twsrc%5Etfw\" rel=\"nofollow\">September 1, 2026<\/a><\/p>\n<p> \u201cVedno podpiramo vsak korak proti miru \u2013 vsak korak, ki bi Rusiji prepre\u010dil, da bi to vojno nadaljevala v nedogled. Vojna se mora kon\u010dati in voditelji imajo prav, ko to povedo Putinu. Zato bomo zaradi diplomacije in pogajanj, kadar koli se bodo na\u0161i partnerji obrnili na nas v zvezi s tem, poskrbeli, da bo rusko nebo v dolo\u010denih \u010dasovnih obdobjih in na dolo\u010denih poteh brez brezpilotnih letalnikov. Varnost se bo na rusko nebo vrnila, ko bo pri\u0161lo do resni\u010dnega napredka v smeri miru. Za zdaj je nebo nad Rusijo namenjeno brezpilotnim letalnikom \u2013 ne civilnemu letalstvu,\u201d je \u0161e zapisal Zelenski.<\/p>\n<p>\u017d. K.<\/p>\n<p><script async src=\"https:\/\/platform.twitter.com\/widgets.js\" charset=\"utf-8\"><\/script><\/p>\n","protected":false},"excerpt":{"rendered":"Ukrajinski predsednik je opozoril letalske dru\u017ebe, zavarovalnice in vlade, da nebo nad Rusijo kmalu ne bo ve\u010d varno.&hellip;\n","protected":false},"author":2,"featured_media":213176,"comment_status":"","ping_status":"","sticky":false,"template":"","format":"standard","meta":{"footnotes":"","_share_on_mastodon":"0"},"categories":[8],"tags":[525,52130,15386,5752,421,37,38,64,71,7132,882,63],"class_list":["post-213175","post","type-post","status-publish","format-standard","has-post-thumbnail","category-svet","tag-brezpilotni-letalniki","tag-letalisa","tag-nebo","tag-nevarnost","tag-rusija","tag-slovene","tag-slovenscina","tag-svet","tag-ukrajina","tag-veleposlaniki","tag-vojna","tag-world"],"share_on_mastodon":{"url":"https:\/\/pubeurope.com\/@si\/117203007132486267","error":""},"_links":{"self":[{"href":"https:\/\/www.europesays.com\/si\/wp-json\/wp\/v2\/posts\/213175","targetHints":{"allow":["GET"]}}],"collection":[{"href":"https:\/\/www.europesays.com\/si\/wp-json\/wp\/v2\/posts"}],"about":[{"href":"https:\/\/www.europesays.com\/si\/wp-json\/wp\/v2\/types\/post"}],"author":[{"embeddable":true,"href":"https:\/\/www.europesays.com\/si\/wp-json\/wp\/v2\/users\/2"}],"replies":[{"embeddable":true,"href":"https:\/\/www.europesays.com\/si\/wp-json\/wp\/v2\/comments?post=213175"}],"version-history":[{"count":0,"href":"https:\/\/www.europesays.com\/si\/wp-json\/wp\/v2\/posts\/213175\/revisions"}],"wp:featuredmedia":[{"embeddable":true,"href":"https:\/\/www.europesays.com\/si\/wp-json\/wp\/v2\/media\/213176"}],"wp:attachment":[{"href":"https:\/\/www.europesays.com\/si\/wp-json\/wp\/v2\/media?parent=213175"}],"wp:term":[{"taxonomy":"category","embeddable":true,"href":"https:\/\/www.europesays.com\/si\/wp-json\/wp\/v2\/categories?post=213175"},{"taxonomy":"post_tag","embeddable":true,"href":"https:\/\/www.europesays.com\/si\/wp-json\/wp\/v2\/tags?post=213175"}],"curies":[{"name":"wp","href":"https:\/\/api.w.org\/{rel}","templated":true}]}}