{"id":213231,"date":"2026-09-02T19:55:12","date_gmt":"2026-09-02T19:55:12","guid":{"rendered":"https:\/\/www.europesays.com\/si\/213231\/"},"modified":"2026-09-02T19:55:12","modified_gmt":"2026-09-02T19:55:12","slug":"huawei-z-novimi-napravami-watch-gt7-watch-6-slusalkami-neo-cilja-na-sportnike-ljubitelje-tehnologije-in-zdravja","status":"publish","type":"post","link":"https:\/\/www.europesays.com\/si\/213231\/","title":{"rendered":"Huawei z novimi napravami Watch GT7, Watch 6, slu\u0161alkami Neo cilja na \u0161portnike, ljubitelje tehnologije in zdravja"},"content":{"rendered":"<p>Huawei je danes v M\u00fcnchnu predstavil vrsto novih naprav, med katerimi so najve\u010d pozornosti pritegnile pametne ure Watch GT 7 in ura Watch 6.<\/p>\n<p>Ura Watch GT 7 prina\u0161a \u0161tevilne novosti za ljubitelje \u0161porta na prostem. Na voljo je s \u0161tevil\u010dnico v dveh velikostih 46 in 41 milimetrov v osmih barvnih kombinacijah. Huawei pri izdelavi svojih naprav posebej poudarja kakovost materialov, za ve\u010djo vzdr\u017eljivost je zato luneta razli\u010dice GT 7 Pro izdelana iz nanokeramike, ohi\u0161je ure pa iz titanove zlitine.<\/p>\n<p>Omeniti je treba tudi zelo enostavno, a izjemno u\u010dinkovito inovacijo, ko gre za zapenjanje ure &#8211; pa\u0161\u010dek EasyCross. Po zapenjanju ostanek pasu vpnemo k zapestju pod osnovni pas namesto nad njega.<\/p>\n<p><img decoding=\"async\" alt=\"Huawei Watch GT 7 Pro | Avtor: D. J.\" class=\"rwd\" data-href=\"https:\/\/www.zurnal24.si\/media\/img\/ag\/bc\/8df4480a1a82ae10233a.png\" itemprop=\"image\" src=\"\/media\/img\/9e\/72\/e00e1c2aa3876626855c.png\"\/><\/p>\n<p>                D. J.<\/p>\n<p><img decoding=\"async\" alt=\"Huawei Watch GT7 Pro | Avtor: D. J.\" class=\"rwd\" data-href=\"https:\/\/www.zurnal24.si\/media\/img\/70\/89\/500ab9d2c8e0f3c0cbc1.png\" itemprop=\"image\" src=\"\/media\/img\/08\/f1\/1796eb119de7435882cd.png\"\/><\/p>\n<p>                D. J.<\/p>\n<p>Ker nemara \u0161e vedno velja, da smo Slovenci smu\u010darska nacija, bo med \u0161portnimi funkcijami za mnoge posebej zanimiv nov na\u010din za spremljanje smu\u010danja. Ura zazna zavoje na podlagi gibanja zapestja in meritev sile G, uporabniku pa ponuja zemljevide ve\u010d kot 3000 smu\u010di\u0161\u010d po svetu.<\/p>\n<p>Nadgradnje je dele\u017een tudi kolesarski na\u010din, ki opozarja na naklon in ostre zavoje ter omogo\u010da na\u010drtovanje poti med vzponom. Huawei je izbolj\u0161al tudi spremljanje zdravja. Funkcija Health Insights zdaj ponuja podrobnej\u0161o oceno telesne pripravljenosti in pametno analizo zdravstvenih podatkov, ki naj bi uporabniku pomagala pri sprejemanju bolj zdravih odlo\u010ditev.<\/p>\n<p><img decoding=\"async\" alt=\"Huawei Watch GT7 Pro | Avtor: D. J.\" class=\"rwd\" data-href=\"https:\/\/www.zurnal24.si\/media\/img\/ea\/90\/402de0f88664c764b446.png\" itemprop=\"image\" src=\"\/media\/img\/49\/be\/64ca23b850eefb090d58.png\"\/><\/p>\n<p>                D. J.<\/p>\n<p>Na voljo tudi nova Watch 6 in ura za merjenje krvnega tlaka<\/p>\n<p>Ura Watch 6 je oblikovalsko \u0161e malce bolj dovr\u0161ena kot njena sorodnica GT 7. Tudi za ta model ure je Huawei pripravil ve\u010d razli\u010dic. Pri osnovnih z lahkim dizajnom je ohi\u0161je veliko 46 mm in 41 mm, Watch 6 Pro je izdelana iz bolj presti\u017enih materialov in v velikostih 46 mm in 43 mm.<\/p>\n<p>Poleg nove oblike in izbolj\u0161anih funkcij hitrega merjenja telesnih funkcij ter na\u010dinov vadbe ura podpira samostojno klicanje, navigacijo in pla\u010devanje.<\/p>\n<p>\u0160e bolj zdravstveno usmerjena je Watch D3, ki je prejela evropski medicinski certifikat CE-MDR. Omogo\u010da celovitej\u0161e spremljate krvnega tlaka z merjenjem na zapestju. Podpira pa tudi tudi ambulantno spremljanje krvnega tlaka (ABPM) z napihljivo man\u0161eto, vgrajeno v pa\u0161\u010dek.<\/p>\n<p>Na trg prihajata tudi nova tablica in nove slu\u0161alke<\/p>\n<p>Huawei je predstavil tudi 12-pal\u010dni MatePad Pro. Tablica je debela le 4,7 milimetra in tehta 454 gramov. Na 12-pal\u010dni OLED-zaslon PaperMatte lahko s posebnim pisalom tudi pi\u0161ete. To sicer ni novost, je pa ro\u010dno pisanje po tablici s pomo\u010djo umetne inteligence mo\u010dno nadgrajeno.<\/p>\n<p>Ponudbo novih izdelkov zaklju\u010dujejo brez\u017ei\u010dne slu\u0161alke FreeBuds Neo, pri katerih Huawei poudarja predvsem prenovljen dizajn in kakovost zvoka.<\/p>\n<p>Cene<\/p>\n<p>Huawei Watch GT 7 bo na voljo od 21. septembra, cene pa se bodo za\u010dele pri 299 evrih, za uro Watch GT 7 pa pri 429 evrov.<\/p>\n<p>Za Watch 6 bo treba od\u0161teti med 469 in 699 evri, odvisno od modela, cena Watch D3 bo 469 evrov, nove slu\u0161alke FreeBuds Neo pa bodo na voljo za 129 evrov.<\/p>\n","protected":false},"excerpt":{"rendered":"Huawei je danes v M\u00fcnchnu predstavil vrsto novih naprav, med katerimi so najve\u010d pozornosti pritegnile pametne ure Watch&hellip;\n","protected":false},"author":2,"featured_media":213232,"comment_status":"","ping_status":"","sticky":false,"template":"","format":"standard","meta":{"footnotes":"","_share_on_mastodon":"0"},"categories":[12],"tags":[5667,13100,4237,62,37,58,60,38,89,90,52141,52140,52139],"class_list":["post-213231","post","type-post","status-publish","format-standard","has-post-thumbnail","category-tehnologija","tag-huawei","tag-munchen","tag-predstavitev","tag-si","tag-slovene","tag-slovenia","tag-slovenija","tag-slovenscina","tag-technology","tag-tehnologija","tag-watch-6","tag-watch-gt7","tag-watch-gt7-pro"],"share_on_mastodon":{"url":"https:\/\/pubeurope.com\/@si\/117203208209205603","error":""},"_links":{"self":[{"href":"https:\/\/www.europesays.com\/si\/wp-json\/wp\/v2\/posts\/213231","targetHints":{"allow":["GET"]}}],"collection":[{"href":"https:\/\/www.europesays.com\/si\/wp-json\/wp\/v2\/posts"}],"about":[{"href":"https:\/\/www.europesays.com\/si\/wp-json\/wp\/v2\/types\/post"}],"author":[{"embeddable":true,"href":"https:\/\/www.europesays.com\/si\/wp-json\/wp\/v2\/users\/2"}],"replies":[{"embeddable":true,"href":"https:\/\/www.europesays.com\/si\/wp-json\/wp\/v2\/comments?post=213231"}],"version-history":[{"count":0,"href":"https:\/\/www.europesays.com\/si\/wp-json\/wp\/v2\/posts\/213231\/revisions"}],"wp:featuredmedia":[{"embeddable":true,"href":"https:\/\/www.europesays.com\/si\/wp-json\/wp\/v2\/media\/213232"}],"wp:attachment":[{"href":"https:\/\/www.europesays.com\/si\/wp-json\/wp\/v2\/media?parent=213231"}],"wp:term":[{"taxonomy":"category","embeddable":true,"href":"https:\/\/www.europesays.com\/si\/wp-json\/wp\/v2\/categories?post=213231"},{"taxonomy":"post_tag","embeddable":true,"href":"https:\/\/www.europesays.com\/si\/wp-json\/wp\/v2\/tags?post=213231"}],"curies":[{"name":"wp","href":"https:\/\/api.w.org\/{rel}","templated":true}]}}