{"id":213257,"date":"2026-09-02T20:19:09","date_gmt":"2026-09-02T20:19:09","guid":{"rendered":"https:\/\/www.europesays.com\/si\/213257\/"},"modified":"2026-09-02T20:19:09","modified_gmt":"2026-09-02T20:19:09","slug":"paul-seixas-pogacarjeva-poskodba-bo-spremenila-razmerja-moci-na-svetovnem-prvenstvu","status":"publish","type":"post","link":"https:\/\/www.europesays.com\/si\/213257\/","title":{"rendered":"Paul Seixas: Poga\u010darjeva po\u0161kodba bo spremenila razmerja mo\u010di na svetovnem prvenstvu"},"content":{"rendered":"<p>\u010ce Tadej Poga\u010dar zaradi posledic hudega padca na Dirki po \u0160paniji ne bo pravo\u010dasno nared za svetovno prvenstvo v Montrealu, kar je zelo verjetno, se bo razmerje mo\u010di precej spremenilo. Tako meni komaj 19-letni Paul Seixas, \u010detrti z leto\u0161nje Dirke po Franciji in eno najbolj vro\u010dih mladih imen svetovnega kolesarstva. &#8220;Tadej je kralj dirke. \u010ce ga ne bo, bo vse skupaj precej bolj odprto,&#8221; je za belgijski HLN povedal Francoz, ki bo 27. septembra sodil v o\u017eji krog kandidatov za mavri\u010dno majico.<\/p>\n<p>Komaj 19-letni Paul Seixas je\u00a0po izjemnem debiju na Touru, ki ga je kon\u010dal tik pod zmagovalnim odrom, pozornost \u017ee usmeril k zadnjemu\u00a0delu sezone. Po francoski pentlji si je najprej privo\u0161\u010dil nekaj odmora, nato pa se je vrnil k resnej\u0161emu treningu.<\/p>\n<p>&#8220;Prva dva tedna po Touru sem po\u010dival in pre\u017eivljal \u010das z dru\u017eino in prijatelji. Nekaj je bilo tudi kolesarjenja in hoje, potem pa sem se znova resneje lotil vsakodnevnih treningov,&#8221; je povedal za\u00a0belgijski HLN.<\/p>\n<p>Konec avgusta je od\u0161el na vi\u0161inske priprave v Les Arcs v francoskih Alpah, kjer se je vrgel v trdo delo in nabiral \u0161tevilne kilometre. Eden od treningov je na primer trajal\u00a0ve\u010d kot sedem ur, v 226 kilometrih pa je zbral skoraj pet tiso\u010d vi\u0161inskih metrov.<\/p>\n<p>V ospredju priprav so zdaj kanadske klasike, svetovno prvenstvo v Montrealu in nato \u0161e Dirka po Lombardiji.<\/p>\n<p>&#8220;Priprava na enodnevne dirke je nekoliko druga\u010dna kot na Grand Tour. Obseg ostaja velik, ve\u010d poudarka pa je na VO2max in nekoliko manj na treningu praga. Za zdaj je \u0161lo vse po na\u010drtih. Pomlad in Tour sta mi dala dobro osnovo, na kolesu se po\u010dutim zelo dobro. Pripravljen sem na zadnji del sezone. Najve\u010dja cilja sta svetovno prvenstvo in Lombardija.&#8221;<\/p>\n<p>&#8220;Te\u017eko je bilo gledati Tadejev padec&#8221;<\/p>\n<p>Poga\u010darjeva po\u0161kodba je mo\u010dno posegla tudi v razmerja pred svetovnim prvenstvom. \u010ce Poga\u010darja ne bo na startu, kar je vse bolj verjetno, bo Seixas zagotovo v najo\u017ejem krogu favoritov za mavri\u010dno majico.<\/p>\n<p>Francoz je bil letos na spomladanski klasiki Liege\u2013Bastogne\u2013Liege\u00a0med tistimi, ki so Poga\u010darju lahko sledili najdlje, zato ni presenetljivo, da bo tudi v Montrealu pod velikim drobnogledom.<\/p>\n<p>Sam pa o Poga\u010darjevi morebitni odsotnosti ne \u017eeli \u0161pekulirati.<\/p>\n<p>&#8220;Najprej moram re\u010di, da je bilo te\u017eko gledati Tadejev padec. To je nesre\u010da, ki se lahko zgodi komurkoli. Upam, da bo \u010dim prej okreval.&#8221;<\/p>\n<p>Poga\u010darjeva odsotnost bo spremenila zna\u010daj dirke<\/p>\n<p>Kljub temu priznava, da bi Poga\u010darjeva odsotnost povsem spremenila zna\u010daj dirke.\u00a0&#8220;Za zdaj je \u0161e prezgodaj govoriti, ker ne vemo, ali bo nastopil ali ne. Seveda pa bi se marsikaj spremenilo, \u010de ga ne bi bilo.&#8221;<\/p>\n<p>\u010ce bo slovenski \u0161ampion vendarle pravo\u010dasno nared, bo po Seixasovem mnenju znova narekoval na\u010din dirkanja tekmecev.<\/p>\n<p>&#8220;\u010ce Tadej nastopi, mora\u0161 razmi\u0161ljati predvsem o tem, kako bo\u0161 dirkal proti njemu. On je kralj dirke. Nekaj podobnega bomo morda videli \u017ee na VN Montreala, \u010deprav je svetovno prvenstvo seveda druga zgodba, ker tam dirkamo za reprezentance.&#8221;<\/p>\n<p>\u010ce Poga\u010darja ne bo, Francoz pri\u010dakuje precej bolj odprt razplet.\u00a0&#8220;Dirka bo v tem primeru bolj odprta, vendar bo \u0161e vedno ogromno odli\u010dnih kolesarjev, proti katerim bo treba dirkati.&#8221;<\/p>\n<p><img decoding=\"async\" alt=\"Remco Evenepoel | Foto: Guliverimage\" class=\"article_content__inline_image js_imageLightbox is-clickable\" data-author=\"Guliverimage\" data-caption=\"Remco Evenepoel\" data-height=\"3199\" data-href=\"https:\/\/siol.net\/media\/img\/84\/3e\/42799a3caf5995e72c3f-remco-evenepoel.jpeg\" data-width=\"4798\" loading=\"lazy\" src=\"\/media\/img\/f3\/1b\/70988d8253290a767a12-remco-evenepoel.jpeg\" title=\"Remco Evenepoel\"\/><\/p>\n<p> Remco Evenepoel<br \/>\n Foto: Guliverimage <\/p>\n<p>Tudi Evenepoel med glavnimi favoriti<\/p>\n<p>Konkurenca v Montrealu bo tudi v primeru odsotnosti aktualnega svetovnega prvaka\u00a0na najvi\u0161ji ravni. Najbolj bodo izstopali Remco Evenepoel, ki je \u017ee osvojil naslov svetovnega prvaka, Mathieu van der Poel, Wout van Aert in Isaac Del Toro.<\/p>\n<p>Seixas se posebej veseli obra\u010duna z Van der Poelom.\u00a0&#8220;Pet let sem ga gledal po televiziji, zdaj pa bom lahko dirkal proti njemu. To so sanje. Enako velja za Remca.&#8221; Prav Belgijca\u00a0vidi kot enega najve\u010djih kandidatov za naslov svetovnega prvaka.<\/p>\n<p>&#8220;Remco ima za tak\u0161ne dirke zelo zanimiv profil. Brez dvoma je eden od favoritov, morda celo glavni favorit. Svetovni prvak je \u017ee bil in dobro ve, kaj tak\u0161na dirka zahteva.&#8221;<\/p>\n<p>Za Seixasa bo Montreal tudi prvi resen preizkus po Touru, na katerem je v treh tednih naredil velik korak naprej. V kolesarstvu pogosto pravijo, da Grand Tour mlademu kolesarju \u0161e dodatno pove\u010da &#8220;motor&#8221;, vendar Francoz s sklepi ne \u017eeli prehitevati.<\/p>\n<p>&#8220;Te\u017eko re\u010dem. To lahko vidi\u0161 \u0161ele na dirki. Tam \u017eelim biti dober, ne samo na treningu. Bomo videli. Trenutno pa se po\u010dutim sve\u017eega, tako fizi\u010dno kot psihi\u010dno.&#8221;<\/p>\n<p>Cestna dirka svetovnega prvenstva bo na sporedu 27. septembra, obe kanadski enodnevni klasiki, VN Quebeca in Montreala pa 11. oz. 13. septembra.<\/p>\n<p>Preberite \u0161e:<\/p>\n","protected":false},"excerpt":{"rendered":"\u010ce Tadej Poga\u010dar zaradi posledic hudega padca na Dirki po \u0160paniji ne bo pravo\u010dasno nared za svetovno prvenstvo&hellip;\n","protected":false},"author":2,"featured_media":213258,"comment_status":"","ping_status":"","sticky":false,"template":"","format":"standard","meta":{"footnotes":"","_share_on_mastodon":"0"},"categories":[20],"tags":[32,35,31,34,36,623,4559,37,38,1981,1874,33],"class_list":["post-213257","post","type-post","status-publish","format-standard","has-post-thumbnail","category-novice","tag-headlines","tag-najpomembnejse-novice","tag-news","tag-novice","tag-osrednje-novice","tag-paul-seixas","tag-remco-evenepoel","tag-slovene","tag-slovenscina","tag-svetovno-prvenstvo","tag-tadej-pogacar","tag-top-stories"],"share_on_mastodon":{"url":"https:\/\/pubeurope.com\/@si\/117203302617297890","error":""},"_links":{"self":[{"href":"https:\/\/www.europesays.com\/si\/wp-json\/wp\/v2\/posts\/213257","targetHints":{"allow":["GET"]}}],"collection":[{"href":"https:\/\/www.europesays.com\/si\/wp-json\/wp\/v2\/posts"}],"about":[{"href":"https:\/\/www.europesays.com\/si\/wp-json\/wp\/v2\/types\/post"}],"author":[{"embeddable":true,"href":"https:\/\/www.europesays.com\/si\/wp-json\/wp\/v2\/users\/2"}],"replies":[{"embeddable":true,"href":"https:\/\/www.europesays.com\/si\/wp-json\/wp\/v2\/comments?post=213257"}],"version-history":[{"count":0,"href":"https:\/\/www.europesays.com\/si\/wp-json\/wp\/v2\/posts\/213257\/revisions"}],"wp:featuredmedia":[{"embeddable":true,"href":"https:\/\/www.europesays.com\/si\/wp-json\/wp\/v2\/media\/213258"}],"wp:attachment":[{"href":"https:\/\/www.europesays.com\/si\/wp-json\/wp\/v2\/media?parent=213257"}],"wp:term":[{"taxonomy":"category","embeddable":true,"href":"https:\/\/www.europesays.com\/si\/wp-json\/wp\/v2\/categories?post=213257"},{"taxonomy":"post_tag","embeddable":true,"href":"https:\/\/www.europesays.com\/si\/wp-json\/wp\/v2\/tags?post=213257"}],"curies":[{"name":"wp","href":"https:\/\/api.w.org\/{rel}","templated":true}]}}