{"id":213271,"date":"2026-09-02T20:35:12","date_gmt":"2026-09-02T20:35:12","guid":{"rendered":"https:\/\/www.europesays.com\/si\/213271\/"},"modified":"2026-09-02T20:35:12","modified_gmt":"2026-09-02T20:35:12","slug":"druzinska-tragedija-oce-je-prosil-naj-utisa-glasbo-sin-pa-ga-je-zato-brutalno-pretepel-in-zazgal","status":"publish","type":"post","link":"https:\/\/www.europesays.com\/si\/213271\/","title":{"rendered":"Dru\u017einska tragedija: o\u010de je prosil, naj uti\u0161a glasbo, sin pa ga je zato brutalno pretepel in za\u017egal"},"content":{"rendered":"<p><a href=\"https:\/\/slovenskenovice.delo.si\/tag\/druzinska-tragedija?page_num=5\" target=\"_blank\" rel=\"nofollow noopener\">V Vi\u0161nji\u0107evu pri \u0160idu v Srbiji se je zgodila grozljiva dru\u017einska tragedija<\/a>. 43-letni Jovan \u0110., znan pod vzdevkom Bata, je osumljen, da je brutalno pretepel svojega 64-letnega o\u010deta Savo \u0110., nato pa ga polil z bencinom in za\u017egal. Mo\u0161ki je zaradi hudih po\u0161kodb in opeklin umrl. Po dosedanjih informacijah naj bi se vse za\u010delo s sporom zaradi glasne glasbe. O\u010de naj bi sina prosil, naj uti\u0161a radio, nato pa je pri\u0161lo do fizi\u010dnega obra\u010duna.<\/p>\n<p>Po navedbah doma\u010dinov je sin pono\u010di predvajal glasno glasbo, kar je zmotilo njegovega o\u010deta. Sava naj bi sina prosil, naj jo uti\u0161a, saj je motila tudi sosede. Nato naj bi se spor zaostril. Jovan naj bi napadel o\u010deta in ga brutalno pretepel. Po navedbah sosedov naj bi ga pretepal tako hudo, da se je Sava pozneje komaj premikal.<\/p>\n<p>Najprej brutalno pretepanje, nato ogenj<\/p>\n<p>Po dosedanjih informacijah naj bi Jovan o\u010deta pretepel, ko je bil ta v hi\u0161i, nato pa naj bi ga polil z bencinom in za\u017egal. Sosedje so opazili, kaj se dogaja, in sku\u0161ali pogasiti ogenj. Poklicali so tudi re\u0161evalce. Hudo po\u0161kodovanega Savo so odpeljali v bolni\u0161nico, zaradi te\u017ee po\u0161kodb pa so ga pozneje zdravili na Vojnomedicinski akademiji (VMA) v Beogradu. Kljub prizadevanjem zdravnikov je umrl.<\/p>\n<p>Doma\u010dini so po tragediji za pokojnim mo\u0161kim ostali v \u0161oku. Sosedje ga opisujejo kot dobrega in mirnega \u010dloveka, ki je pomagal drugim. \u00bbSava je bil pre\u010dudovit \u010dlovek,\u00ab je povedal eden od sosedov. Po njegovih besedah naj bi se prepir za\u010del zaradi glasne glasbe, nato pa naj bi sin o\u010deta napadel. Drug sosed je povedal, da je bil Jovan po mnenju doma\u010dinov problemati\u010den. Eden od njih je dejal, da je \u00bbSavi sin pri\u0161el \u010dez glavo\u00ab.<\/p>\n<p>Sosedje sli\u0161ali krike<\/p>\n<p>Po navedbah doma\u010dinov je sin o\u010deta najprej napadel na dvori\u0161\u010du in ga brutalno pretepal. Eden od sosedov je za srbske medije povedal, da je bil pretep tako hud, da je Sava nato po vseh \u0161tirih od\u0161el v hi\u0161o. V hi\u0161i je bila tudi Savova \u017eena oziroma partnerica in Jovanova ma\u010deha. Po dosedanjih navedbah naj bi osumljenec udaril tudi njo. \u017denska naj bi nato poklicala pomo\u010d.<\/p>\n<p>Osumljenec pobegnil, policija ga je na\u0161la<\/p>\n<p>Po napadu je Jovan pobegnil. Policisti so ga pozneje na\u0161li v bli\u017eini \u017eelezni\u0161ke postaje v Vi\u0161nji\u0107evu in ga prijeli. 43-letniku, ki ga sumijo, da je povzro\u010dil o\u010detovo smrt, je sodnik Vi\u0161jega sodi\u0161\u010da v Sremski Mitrovici odredil pripor do 30 dni. O\u010dita se mu kaznivo dejanje nasilja v dru\u017eini s smrtnim izidom.<\/p>\n<p>Doma\u010dini trdijo tudi, da je imel Jovan \u017ee prej te\u017eave z zakonom in da je nekaj \u010dasa \u017eivel v tujini. Pojavile so se tudi navedbe, da je bil tam do zastaranja nekega prej\u0161njega postopka. Teh navedb policija oziroma pristojno to\u017eilstvo za zdaj ni uradno potrdilo. Prav tako ni znano, za kateri primer naj bi \u0161lo oziroma kak\u0161en je bil njegov izid. Preiskava grozljive dru\u017einske tragedije se nadaljuje, poro\u010da Kurir.rs.<\/p>\n","protected":false},"excerpt":{"rendered":"V Vi\u0161nji\u0107evu pri \u0160idu v Srbiji se je zgodila grozljiva dru\u017einska tragedija. 43-letni Jovan \u0110., znan pod vzdevkom&hellip;\n","protected":false},"author":2,"featured_media":213272,"comment_status":"","ping_status":"","sticky":false,"template":"","format":"standard","meta":{"footnotes":"","_share_on_mastodon":"0"},"categories":[8],"tags":[9036,52143,529,779,6705,5886,52144,52146,37,38,584,780,31163,64,1975,2233,52145,63,52147],"class_list":["post-213271","post","type-post","status-publish","format-standard","has-post-thumbnail","category-svet","tag-druzinska-tragedija","tag-jovan-d","tag-napad","tag-nasilje","tag-nasilje-v-druzini","tag-pretep","tag-sava-d","tag-sid","tag-slovene","tag-slovenscina","tag-smrt","tag-srbija","tag-sremska-mitrovica","tag-svet","tag-tragedija","tag-umor","tag-visnjicevo","tag-world","tag-zazig"],"share_on_mastodon":{"url":"https:\/\/pubeurope.com\/@si\/117203364950005889","error":""},"_links":{"self":[{"href":"https:\/\/www.europesays.com\/si\/wp-json\/wp\/v2\/posts\/213271","targetHints":{"allow":["GET"]}}],"collection":[{"href":"https:\/\/www.europesays.com\/si\/wp-json\/wp\/v2\/posts"}],"about":[{"href":"https:\/\/www.europesays.com\/si\/wp-json\/wp\/v2\/types\/post"}],"author":[{"embeddable":true,"href":"https:\/\/www.europesays.com\/si\/wp-json\/wp\/v2\/users\/2"}],"replies":[{"embeddable":true,"href":"https:\/\/www.europesays.com\/si\/wp-json\/wp\/v2\/comments?post=213271"}],"version-history":[{"count":0,"href":"https:\/\/www.europesays.com\/si\/wp-json\/wp\/v2\/posts\/213271\/revisions"}],"wp:featuredmedia":[{"embeddable":true,"href":"https:\/\/www.europesays.com\/si\/wp-json\/wp\/v2\/media\/213272"}],"wp:attachment":[{"href":"https:\/\/www.europesays.com\/si\/wp-json\/wp\/v2\/media?parent=213271"}],"wp:term":[{"taxonomy":"category","embeddable":true,"href":"https:\/\/www.europesays.com\/si\/wp-json\/wp\/v2\/categories?post=213271"},{"taxonomy":"post_tag","embeddable":true,"href":"https:\/\/www.europesays.com\/si\/wp-json\/wp\/v2\/tags?post=213271"}],"curies":[{"name":"wp","href":"https:\/\/api.w.org\/{rel}","templated":true}]}}