{"id":213299,"date":"2026-09-02T20:56:13","date_gmt":"2026-09-02T20:56:13","guid":{"rendered":"https:\/\/www.europesays.com\/si\/213299\/"},"modified":"2026-09-02T20:56:13","modified_gmt":"2026-09-02T20:56:13","slug":"celje-se-je-proti-aluminiju-vrnilo-na-zmagovite-tirnice","status":"publish","type":"post","link":"https:\/\/www.europesays.com\/si\/213299\/","title":{"rendered":"Celje se je proti Aluminiju vrnilo na zmagovite tirnice"},"content":{"rendered":"<p>    <img decoding=\"async\" data-lb-desktop=\"\/media\/2026\/09\/02\/860071\/Orig-DSC_5556-1-1200.webp\" data-lb-mobile=\"\/media\/2026\/09\/02\/860071\/Orig-DSC_5556-1-600.webp\" class=\"main-gallery-image se_image_lb\" src=\"https:\/\/www.europesays.com\/si\/wp-content\/uploads\/2026\/09\/Wide-DSC_5556-1-1000.webp\" alt=\"26.08.2026 Play off za Ligo Prvakov - NK Celje - Slovan BratislavaFOTO: Nik Erik Neubauer\"\/><\/p>\n<p>Celjani so se veselili nove zmage. Foto: Nik Erik Neubauer<\/p>\n<p>Celje se je proti Aluminiju vrnilo na zmagovite tirnice<\/p>\n<p>Evropsko Celje se je po spodrsljaju proti Brinju konec tedna hitro pobralo in se vrnilo na zmagovite tirnice. Na zaustali tekmi proti Aluminiju je v Kidri\u010devem slavilo z 2:0 (0:0).<\/p>\n<p>                        02. 09. 2026, 21.54\n                    <\/p>\n<p> us\n                    <\/p>\n<p>                        <a href=\"https:\/\/google.com\/preferences\/source?q=dnevnik.si\" class=\"se-author-gps-cta\" target=\"_blank\" rel=\"nofollow noopener\"><br \/>\n                            <img decoding=\"async\" class=\"se-author-gps-cta-badge\" src=\"https:\/\/www.europesays.com\/si\/wp-content\/uploads\/2026\/09\/1788382573_43_dnevnik_gps_badge.png\" alt=\"Google Preferred Sources CTA\"\/><br \/>\n                        <\/a><\/p>\n<p>Celjski nogometa\u0161i so se pobrali po porazu v Grosupljem, a so tudi tokrat dolgo trli odpor \u010dvrstih Kidri\u010danov in \u0161ele v kon\u010dnici tekme pri\u0161li do novih treh to\u010dk. Celje je zdaj ob tekmi manj pri 11 to\u010dkah, \u0161tiri ve\u010d ima vodilni Maribor. Aluminij je ostal pri osmih to\u010dkah.<\/p>\n<p>Trener Celja Vito Campelos tokrat ni preve\u010d eksperimentiral z za\u010detno postavo, kljub temu pa so Kidri\u010dani prvi resno zagrozili, ko je v osmi minuti v bli\u017eini gola streljal Matic Vrbanec, a malce premalo natan\u010dno. Terensko pobudo pa so vseeno po pri\u010dakovanju imeli Celjani ter Florijana Raduho v Aluminijevih vratih prvi\u010d preizkusili v 13. minuti.<\/p>\n<p>Posebej nevarni pa v nadaljevanju niso bili, zato pa je v 43. minuti moral resno posredovati \u017dan Luk Leban po strelu Bedeja Osujija malce z desne strani kazenskega prostora. Takoj zatem je po kotu slabo z glavo streljal Dino \u0160imuni\u0107, kot \u017ee prej na tekmi tudi Adriano Bloudek.<\/p>\n<p>Drugi pol\u010das so spet nekoliko odlo\u010dneje odprli Celjani, Mario Kvesi\u0107 je v 53. minuti meril previsoko z roba kazenskega prostora, toda tudi izbranci Jure Arsi\u0107a so hitro pokazali, da so lahko nevarni.<\/p>\n<p>V 61. minuti so imeli gosti po dveh zaporednih kotih dve prilo\u017enosti, obakrat je bil na mestu Raduha, tako kot malce pozneje po strelu z leve strani.<\/p>\n<p>Armandas Ku\u010dys je iz bli\u017eine zgre\u0161il v 79. minuti, v 81. pa so dr\u017eavni prvaki le prelisi\u010dili doma\u010do obrambo. Po dolgi podaji je Kvesi\u0107 z \u017eogo stekel v kazenski prostor, jo vrnil na pribli\u017eno 10 metrov, kamor je pritekel Svit Se\u0161lar in jo poslal v mre\u017eo. Ku\u010dys je imel v 83. minuti novo lepo prilo\u017enost za Celjane, a je Raduha dobro posredoval, v 84. je Aluminijev vratar znova prepre\u010dil veselje Ku\u010dysu po kotu, a je odbito \u017eogo z glavo v mre\u017eo pospravil Artemijus Tuty\u0161kinas za kon\u010dnih 2:0.<\/p>\n<p>Kidri\u010dani bodo v soboto v okviru 8. kroga gostili Bravo, Celje pa dan pozneje Koper.<\/p>\n","protected":false},"excerpt":{"rendered":"Celjani so se veselili nove zmage. Foto: Nik Erik Neubauer Celje se je proti Aluminiju vrnilo na zmagovite&hellip;\n","protected":false},"author":2,"featured_media":213300,"comment_status":"","ping_status":"","sticky":false,"template":"","format":"standard","meta":{"footnotes":"","_share_on_mastodon":"0"},"categories":[23],"tags":[417,1013,162,264,62,37,58,60,38],"class_list":["post-213299","post","type-post","status-publish","format-standard","has-post-thumbnail","category-celje","tag-1-snl","tag-aluminij","tag-celje","tag-nogomet","tag-si","tag-slovene","tag-slovenia","tag-slovenija","tag-slovenscina"],"share_on_mastodon":{"url":"https:\/\/pubeurope.com\/@si\/117203447897863682","error":""},"_links":{"self":[{"href":"https:\/\/www.europesays.com\/si\/wp-json\/wp\/v2\/posts\/213299","targetHints":{"allow":["GET"]}}],"collection":[{"href":"https:\/\/www.europesays.com\/si\/wp-json\/wp\/v2\/posts"}],"about":[{"href":"https:\/\/www.europesays.com\/si\/wp-json\/wp\/v2\/types\/post"}],"author":[{"embeddable":true,"href":"https:\/\/www.europesays.com\/si\/wp-json\/wp\/v2\/users\/2"}],"replies":[{"embeddable":true,"href":"https:\/\/www.europesays.com\/si\/wp-json\/wp\/v2\/comments?post=213299"}],"version-history":[{"count":0,"href":"https:\/\/www.europesays.com\/si\/wp-json\/wp\/v2\/posts\/213299\/revisions"}],"wp:featuredmedia":[{"embeddable":true,"href":"https:\/\/www.europesays.com\/si\/wp-json\/wp\/v2\/media\/213300"}],"wp:attachment":[{"href":"https:\/\/www.europesays.com\/si\/wp-json\/wp\/v2\/media?parent=213299"}],"wp:term":[{"taxonomy":"category","embeddable":true,"href":"https:\/\/www.europesays.com\/si\/wp-json\/wp\/v2\/categories?post=213299"},{"taxonomy":"post_tag","embeddable":true,"href":"https:\/\/www.europesays.com\/si\/wp-json\/wp\/v2\/tags?post=213299"}],"curies":[{"name":"wp","href":"https:\/\/api.w.org\/{rel}","templated":true}]}}