{"id":213301,"date":"2026-09-02T21:01:09","date_gmt":"2026-09-02T21:01:09","guid":{"rendered":"https:\/\/www.europesays.com\/si\/213301\/"},"modified":"2026-09-02T21:01:09","modified_gmt":"2026-09-02T21:01:09","slug":"krka-prva-slavila-zmago-za-uspeh-je-presenetila-gorenje","status":"publish","type":"post","link":"https:\/\/www.europesays.com\/si\/213301\/","title":{"rendered":"Krka prva slavila zmago, za uspeh je presenetila Gorenje"},"content":{"rendered":"<p>    <img decoding=\"async\" data-lb-desktop=\"\/media\/2026\/09\/02\/860062\/Orig-rokomet-1-1200.webp\" data-lb-mobile=\"\/media\/2026\/09\/02\/860062\/Orig-rokomet-1-600.webp\" class=\"main-gallery-image se_image_lb\" src=\"https:\/\/www.europesays.com\/si\/wp-content\/uploads\/2026\/09\/Wide-rokomet-1-1000.webp\" alt=\"Rokomet simboli\u010dna\"\/><\/p>\n<p>Fotografija je simboli\u010dna. Foto: Pixabay<\/p>\n<p>Krka prva slavila zmago, za uspeh je presenetila Gorenje<\/p>\n<p>Rokometa\u0161i Krke so v uvodnem krogu lige NLB premagali Gorenje Velenje z 28:23 (13:10).<\/p>\n<p>                        02. 09. 2026, 20.39\n                    <\/p>\n<p> us\n                    <\/p>\n<p>                        <a href=\"https:\/\/google.com\/preferences\/source?q=dnevnik.si\" class=\"se-author-gps-cta\" target=\"_blank\" rel=\"nofollow noopener\"><br \/>\n                            <img decoding=\"async\" class=\"se-author-gps-cta-badge\" src=\"https:\/\/www.europesays.com\/si\/wp-content\/uploads\/2026\/09\/1788382869_821_dnevnik_gps_badge.png\" alt=\"Google Preferred Sources CTA\"\/><br \/>\n                        <\/a><\/p>\n<p>Uvodna tekma elitnega rokometnega liga\u0161kega tekmovanja v sezoni 2026\/27 se je kon\u010dala z zmagoslavjem Novome\u0161\u010danov.<\/p>\n<p>Do 18. minute je bila tekma v dvorani Marof povsem enakovredna, po izidu 7:7 pa so na doma\u010dem igri\u0161\u010du zagospodarili izbranci trenerja Mirka Skoka in si do odhoda na veliki odmor nekajkrat priigrali prednost \u0161tirih golov (11:7, 12:8 in 13:9).<\/p>\n<p>    <a class=\"se-card__wrap se-card--link\" href=\"https:\/\/www.dnevnik.si\/sport\/rokomet\/prva-slovenska-liga-za-moske-zorman-ne-bezi-od-vloge-favorita-2824801\/\" data-upscore-url=\"\" rel=\"nofollow noopener\" target=\"_blank\"><\/p>\n<p>        <img decoding=\"async\" class=\"se-image se-image--card\" src=\"https:\/\/www.europesays.com\/si\/wp-content\/uploads\/2026\/09\/Wide-rokomet-celje-slavje-2026-1-400.webp\" alt=\"rokomet, celje pivovarna la\u0161ko, slovan, finale dr\u017eavnega prvenstva\"\/><\/p>\n<p>Rokomet<\/p>\n<p>Prva slovenska liga za mo\u0161ke: Zorman ne be\u017ei od vloge favorita<\/p>\n<p>    <\/a><\/p>\n<p>Gorenje popustilo ob zaklju\u010dku<\/p>\n<p>Velenj\u010dani so v za\u010detku drugega pol\u010dasa kljubovali Novome\u0161\u010danom, po zaostanku 15:16 pa so po\u010dasi za\u010deli izgubljati stik z njimi. Dolenjci so znova zaigrali udarno in si v 49. minuti priigrali prednost \u0161estih golov (24:18), lepe prednosti pa v zaklju\u010dku tekme niso ogrozili.<\/p>\n<p>Pri Novome\u0161\u010danih sta bila naju\u010dinkovitej\u0161a Matev\u017e \u017dagar s sedmimi in Mantas Urvikis s \u0161estimi goli, pri Velenj\u010danih pa so Andrej Jankovski, An\u017ee Kalan in Tilen Sokoli\u010d dosegli po \u0161tiri zadetke.<\/p>\n<p>Celje zanesljivo za\u010delo z obrambo naslova<\/p>\n<p>Rokometa\u0161i Celja Pivovarne La\u0161ko so v uvodnem krogu lige NLB premagali Svi\u0161 Cugelj okna Ivan\u010dna\u00a0Gorica\u00a0s 35:21 (18:10).<\/p>\n<p>Dr\u017eavni in pokalni prvaki iz minule sezone iz Celja so pred dnevi na superpokalni tekmi v dvorani Zlatorog po izvajanju sedemmetrovk morali priznati premo\u010d Trebanjcem, na uvodnem obra\u010dunu dr\u017eavnega prvenstva pa so bili za razred bolj\u0161i od tekmecev iz Ivan\u010dne Gorice.<\/p>\n<p>Izbranci doma\u010dega trenerja Klemena Luzarja so temelje za zmago postavili \u017ee v prvem pol\u010dasu, ki so ga kon\u010dali z visoko prednostjo osmih golov (18:10). V drugem pol\u010dasu niso popustili, proti tekmecem iz Dolenjske so zanesljivo vknji\u017eili prvi par to\u010dk v sezoni 2026\/27. Pri rokometa\u0161ih iz kne\u017ejega mesta sta bila naju\u010dinkovitej\u0161a \u017diga Grabar z osmimi in Alju\u0161 An\u017ei\u010d s sedmimi goli, Benjamin Cirar pa je za igralce iz Ivan\u010dne Gorice dosegel pet zadetkov.<\/p>\n<p>Tudi superpokalni zmagovalci brez te\u017eav<\/p>\n<p>Rokometa\u0161i Trima iz Trebnjega so v uvodnem krogu lige NLB v gosteh premagali Riko Ribnica\u00a0s 34:28 (18:14).<\/p>\n<p>Favorizirani Trebanjci so v de\u017eeli suhe robe upravi\u010dili vlogo favoritov in zanesljivo osvojili prvi to\u010dki v sezoni 2026\/27.<\/p>\n<p>Izbranci velenjskega trenerja na klopi Trebanjcev Branka Tam\u0161eta so vodili od prve do zadnje minute. V prvem pol\u010dasu so bili vselej korak pred Ribni\u010dani, najvi\u0161jo prednost \u0161tirih golov (18:14) pa so si priigrali tik pred odhodom na veliki odmor. V drugi polovici dvoboja so hitro odpravili\u00a0vse dvome o zmagi. V 43. minuti so si po golu Timoteja Grm\u0161ka priigrali prednost sedmih zadetkov (26:19), dokaj zrelo in odgovorno igro so pokazali vse do zadnjega zvoka sirene.<\/p>\n<p>Pri Trebanjcih je bil naju\u010dinkovitej\u0161i Gal Cirar z devetimi goli, Arne Strehar in Grm\u0161ek sta dodala po pet zadetkov. Luka Vuki\u0107evi\u0107 je za Ribni\u010dane dosegel osem, Giacomo Hrovatin pa \u0161tiri gole.<\/p>\n","protected":false},"excerpt":{"rendered":"Fotografija je simboli\u010dna. Foto: Pixabay Krka prva slavila zmago, za uspeh je presenetila Gorenje Rokometa\u0161i Krke so v&hellip;\n","protected":false},"author":2,"featured_media":213302,"comment_status":"","ping_status":"","sticky":false,"template":"","format":"standard","meta":{"footnotes":"","_share_on_mastodon":"0"},"categories":[26],"tags":[18438,372,2436,301,62,37,58,60,38,165],"class_list":["post-213301","post","type-post","status-publish","format-standard","has-post-thumbnail","category-velenje","tag-gorenje-velenje","tag-krka","tag-nlb","tag-rokomet","tag-si","tag-slovene","tag-slovenia","tag-slovenija","tag-slovenscina","tag-velenje"],"share_on_mastodon":{"url":"https:\/\/pubeurope.com\/@si\/117203467555243661","error":""},"_links":{"self":[{"href":"https:\/\/www.europesays.com\/si\/wp-json\/wp\/v2\/posts\/213301","targetHints":{"allow":["GET"]}}],"collection":[{"href":"https:\/\/www.europesays.com\/si\/wp-json\/wp\/v2\/posts"}],"about":[{"href":"https:\/\/www.europesays.com\/si\/wp-json\/wp\/v2\/types\/post"}],"author":[{"embeddable":true,"href":"https:\/\/www.europesays.com\/si\/wp-json\/wp\/v2\/users\/2"}],"replies":[{"embeddable":true,"href":"https:\/\/www.europesays.com\/si\/wp-json\/wp\/v2\/comments?post=213301"}],"version-history":[{"count":0,"href":"https:\/\/www.europesays.com\/si\/wp-json\/wp\/v2\/posts\/213301\/revisions"}],"wp:featuredmedia":[{"embeddable":true,"href":"https:\/\/www.europesays.com\/si\/wp-json\/wp\/v2\/media\/213302"}],"wp:attachment":[{"href":"https:\/\/www.europesays.com\/si\/wp-json\/wp\/v2\/media?parent=213301"}],"wp:term":[{"taxonomy":"category","embeddable":true,"href":"https:\/\/www.europesays.com\/si\/wp-json\/wp\/v2\/categories?post=213301"},{"taxonomy":"post_tag","embeddable":true,"href":"https:\/\/www.europesays.com\/si\/wp-json\/wp\/v2\/tags?post=213301"}],"curies":[{"name":"wp","href":"https:\/\/api.w.org\/{rel}","templated":true}]}}