{"id":213351,"date":"2026-09-02T22:01:09","date_gmt":"2026-09-02T22:01:09","guid":{"rendered":"https:\/\/www.europesays.com\/si\/213351\/"},"modified":"2026-09-02T22:01:09","modified_gmt":"2026-09-02T22:01:09","slug":"gostovanje-izraela-botruje-strogim-varnostnim-ukrepom","status":"publish","type":"post","link":"https:\/\/www.europesays.com\/si\/213351\/","title":{"rendered":"Gostovanje Izraela botruje strogim varnostnim ukrepom"},"content":{"rendered":"<p>\u010cez dva tedna bo v Ljubljani teni\u0161ki dvoboj med Slovenijo in Izraelom, pred doma\u010do pano\u017eno zvezo je zahteven projekt.<\/p>\n<p><img decoding=\"async\" class=\"articlePicture_image__om2Oc\" src=\"https:\/\/www.europesays.com\/si\/wp-content\/uploads\/2026\/09\/3715387.width-660.format-webp.webp\" alt=\"Gostovanje izraelskih \u0161portnikov za prireditelje predstavlja resen izziv zaradi zaostrenih varnostnih ukrepov. FOTO: Paul Crock\/AFP\" img_id=\"15060532\"\/><\/p>\n<p> Galerija<\/p>\n<p>Gostovanje izraelskih \u0161portnikov za prireditelje predstavlja resen izziv zaradi zaostrenih varnostnih ukrepov. FOTO: Paul Crock\/AFP<\/p>\n<p>Ko so pri doma\u010di krovni teni\u0161ki organizaciji Tenis Slovenija pospremili razplet \u017ereba v septembrskem delu Davisovega pokala, izjemno uglednega reprezentan\u010dnega tekmovanja s 126 let dolgo zgodovino, so bili po tekmovalni plati zelo zadovoljni. Na\u0161i mo\u0161ki izbrani vrsti je namre\u010d \u017ereb podelil prednost doma\u010dega igri\u0161\u010da, in sicer proti Izraelu, ki je za slovensko teni\u0161ko zasedbo vsekakor premagljiv. Toda gostovanje te reprezentance za tekmo, ki bo 18. in 19. septembra, botruje zelo zahtevnim varnostnim ukrepom.<\/p>\n<p>Povrh bo hkrati v Ljubljani \u0161e turnir WTA 125, tradicionalni najve\u010dji dogodek v Sloveniji za \u017eensko teni\u0161ko karavano. \u00bbSeveda za na\u0161o zvezo vse skupaj predstavlja zahtevno nalogo, toda prednost sta vsekakor \u017ee uigrana organizacijska ekipa kot tudi spoznanje, da bosta obe prireditvi v &#8230;<\/p>\n","protected":false},"excerpt":{"rendered":"\u010cez dva tedna bo v Ljubljani teni\u0161ki dvoboj med Slovenijo in Izraelom, pred doma\u010do pano\u017eno zvezo je zahteven&hellip;\n","protected":false},"author":2,"featured_media":213352,"comment_status":"","ping_status":"","sticky":false,"template":"","format":"standard","meta":{"footnotes":"","_share_on_mastodon":"0"},"categories":[16],"tags":[2006,264,62,37,58,60,38,94,93,712],"class_list":["post-213351","post","type-post","status-publish","format-standard","has-post-thumbnail","category-sport","tag-izrael","tag-nogomet","tag-si","tag-slovene","tag-slovenia","tag-slovenija","tag-slovenscina","tag-sport","tag-sports","tag-tenis"],"share_on_mastodon":{"url":"https:\/\/pubeurope.com\/@si\/117203703580831899","error":""},"_links":{"self":[{"href":"https:\/\/www.europesays.com\/si\/wp-json\/wp\/v2\/posts\/213351","targetHints":{"allow":["GET"]}}],"collection":[{"href":"https:\/\/www.europesays.com\/si\/wp-json\/wp\/v2\/posts"}],"about":[{"href":"https:\/\/www.europesays.com\/si\/wp-json\/wp\/v2\/types\/post"}],"author":[{"embeddable":true,"href":"https:\/\/www.europesays.com\/si\/wp-json\/wp\/v2\/users\/2"}],"replies":[{"embeddable":true,"href":"https:\/\/www.europesays.com\/si\/wp-json\/wp\/v2\/comments?post=213351"}],"version-history":[{"count":0,"href":"https:\/\/www.europesays.com\/si\/wp-json\/wp\/v2\/posts\/213351\/revisions"}],"wp:featuredmedia":[{"embeddable":true,"href":"https:\/\/www.europesays.com\/si\/wp-json\/wp\/v2\/media\/213352"}],"wp:attachment":[{"href":"https:\/\/www.europesays.com\/si\/wp-json\/wp\/v2\/media?parent=213351"}],"wp:term":[{"taxonomy":"category","embeddable":true,"href":"https:\/\/www.europesays.com\/si\/wp-json\/wp\/v2\/categories?post=213351"},{"taxonomy":"post_tag","embeddable":true,"href":"https:\/\/www.europesays.com\/si\/wp-json\/wp\/v2\/tags?post=213351"}],"curies":[{"name":"wp","href":"https:\/\/api.w.org\/{rel}","templated":true}]}}