{"id":213361,"date":"2026-09-02T22:08:25","date_gmt":"2026-09-02T22:08:25","guid":{"rendered":"https:\/\/www.europesays.com\/si\/213361\/"},"modified":"2026-09-02T22:08:25","modified_gmt":"2026-09-02T22:08:25","slug":"vecer-ko-je-celje-zivelo-za-nogomet","status":"publish","type":"post","link":"https:\/\/www.europesays.com\/si\/213361\/","title":{"rendered":"Ve\u010der, ko je Celje \u017eivelo za nogomet"},"content":{"rendered":"<p>&#13;<br \/>\n        &#13;<br \/>\n&#13;<br \/>\n        &#13;<br \/>\n&#13;<\/p>\n<p>            <img decoding=\"async\" class=\"alignleft size-medium\" src=\"https:\/\/www.europesays.com\/si\/wp-content\/uploads\/2026\/09\/nk-celje-1.jpg\" alt=\"Ve\u010der, ko je Celje \u017eivelo za nogomet\" width=\"300\"\/>Stadion Z\u2019de\u017eele je bil napolnjen do zadnjega koti\u010dka.<\/p>\n<p>Nogometna evforija. Celje je zadnjih nekaj dni \u017eivelo za nogomet. Stadion Z\u2019de\u017eele je bil do zadnjega koti\u010dka napolnjen, tribune so preplavile rumeno-modre barve, navija\u010di pa so ustvarili izjemno kuliso za obra\u010dun, ki je odlo\u010dal o zgodovinski uvrstitvi NK Celje v Ligo prvakov. Celjani so se borili do zadnje minute, a jim je po dramati\u010dnem podalj\u0161ku zmanjkalo nekaj sre\u010de. Kljub porazu ostaja ve\u010der, ki si ga bodo Celje, nogometa\u0161i in navija\u010di \u0161e dolgo zapomnili. Skozi fotoreporta\u017eo se \u0161e enkrat spomnimo nepozabnega ve\u010dera. (UC)<\/p>\n<p>        &#13;<br \/>\n&#13;<br \/>\n&#13;<br \/>\n        &#13;<br \/>\n                        &#13;<br \/>\n            &#13;<br \/>\n&#13;<br \/>\n                                    \t                &#13;<br \/>\n&#13;<\/p>\n","protected":false},"excerpt":{"rendered":"&#13; &#13; &#13; &#13; &#13; Stadion Z\u2019de\u017eele je bil napolnjen do zadnjega koti\u010dka. Nogometna evforija. Celje je zadnjih&hellip;\n","protected":false},"author":2,"featured_media":213362,"comment_status":"","ping_status":"","sticky":false,"template":"","format":"standard","meta":{"footnotes":"","_share_on_mastodon":"0"},"categories":[23],"tags":[6944,52159,19727,162,52160,2847,264,62,37,58,60,38,94,8155,52161],"class_list":["post-213361","post","type-post","status-publish","format-standard","has-post-thumbnail","category-celje","tag-barve","tag-borili","tag-celjani","tag-celje","tag-cvirn","tag-navijaci","tag-nogomet","tag-si","tag-slovene","tag-slovenia","tag-slovenija","tag-slovenscina","tag-sport","tag-vecer","tag-zivelo"],"share_on_mastodon":{"url":"https:\/\/pubeurope.com\/@si\/117203730640494130","error":""},"_links":{"self":[{"href":"https:\/\/www.europesays.com\/si\/wp-json\/wp\/v2\/posts\/213361","targetHints":{"allow":["GET"]}}],"collection":[{"href":"https:\/\/www.europesays.com\/si\/wp-json\/wp\/v2\/posts"}],"about":[{"href":"https:\/\/www.europesays.com\/si\/wp-json\/wp\/v2\/types\/post"}],"author":[{"embeddable":true,"href":"https:\/\/www.europesays.com\/si\/wp-json\/wp\/v2\/users\/2"}],"replies":[{"embeddable":true,"href":"https:\/\/www.europesays.com\/si\/wp-json\/wp\/v2\/comments?post=213361"}],"version-history":[{"count":0,"href":"https:\/\/www.europesays.com\/si\/wp-json\/wp\/v2\/posts\/213361\/revisions"}],"wp:featuredmedia":[{"embeddable":true,"href":"https:\/\/www.europesays.com\/si\/wp-json\/wp\/v2\/media\/213362"}],"wp:attachment":[{"href":"https:\/\/www.europesays.com\/si\/wp-json\/wp\/v2\/media?parent=213361"}],"wp:term":[{"taxonomy":"category","embeddable":true,"href":"https:\/\/www.europesays.com\/si\/wp-json\/wp\/v2\/categories?post=213361"},{"taxonomy":"post_tag","embeddable":true,"href":"https:\/\/www.europesays.com\/si\/wp-json\/wp\/v2\/tags?post=213361"}],"curies":[{"name":"wp","href":"https:\/\/api.w.org\/{rel}","templated":true}]}}